{"id":36042,"date":"2008-06-10T00:26:28","date_gmt":"2008-06-10T00:26:28","guid":{"rendered":"http:\/\/diariodominicano.ddns.net\/?p=36042"},"modified":"2008-06-10T00:26:28","modified_gmt":"2008-06-10T00:26:28","slug":"neoliberalismo-y-estado-social-en-latinoamerica","status":"publish","type":"post","link":"https:\/\/diariodominicano.com\/?p=36042","title":{"rendered":"Neoliberalismo y Estado Social en Latinoam\u00e9rica"},"content":{"rendered":"<p><body><\/p>\n<p class=\"titulogrande1\"><strong>Neoliberalismo y Estado Social en Latinoam\u00e9rica \u00a0\u00a0<\/strong><\/p>\n<p>&#13;<\/p>\n<p align=\"justify\" class=\"text1noticias\">El capitalismo, como  sistema pol\u00edtico de la democracia representativa, genera sus propias crisis y  contradicciones. Esas crisis, de forma regular, se expresan en recesi\u00f3n  econ\u00f3mica, conflictos sociales, generados por los niveles de violencias,  producto del narcotr\u00e1fico y la pobreza, sobre todo en las sociedades  latinoamericanas\u00a0 de menor desarrollo.<br \/>&#13;<br \/>\n  <br \/>  &#13;<br \/>\nEsa situaci\u00f3n, como es natural, degenera, a su vez,\u00a0 en inestabilidad pol\u00edtica e institucional. <\/p>\n<p>&#13;<\/p>\n<p align=\"justify\" class=\"text1noticias\">El capitalismo, en el  tercer mundo, como sistema pol\u00edtico y econ\u00f3mico,\u00a0 ha tenido que hacerle frente a\u00a0 las guerras, especialmente\u00a0 en pa\u00edses subdesarrollados, adem\u00e1s debi\u00f3  prestar atenci\u00f3n a los desaf\u00edos del Estado de Derecho con las nuevas exigencias  en el aspecto social y econ\u00f3mico en cada momento hist\u00f3rico. <\/p>\n<p>&#13;<\/p>\n<p align=\"justify\" class=\"text1noticias\">La respuesta a esta  necesidad\u00a0 fue la instauraci\u00f3n de un  Estado social que postula por una regulaci\u00f3n del orden econ\u00f3mico y social,\u00a0 que da origen a una democracia participativa,  con incidencias en amplios sectores sociales de los pa\u00edses latinoamericanos. El  Estado social, como ente regulador de la participaci\u00f3n ciudadana, garantiza una  serie de derechos de \u00edndole econ\u00f3mico y social. En este aspecto,\u00a0 \u00e9ste postula poner en pr\u00e1ctica pol\u00edtica  distributivas de la riqueza social por parte de los gobiernos.<\/p>\n<p>&#13;<\/p>\n<p align=\"justify\" class=\"text1noticias\">Esa adopci\u00f3n de  pol\u00edticas distributivas por parte del Estado social debe orientarse a  garantizar un salario m\u00ednimo a los individuos, a proporcionar viviendas,  alimentaci\u00f3n, educaci\u00f3n y a ofrecer una serie\u00a0  de servicios a la clase media y pobres, que les permitan su capacidad de  crecimiento individual y colectivo.<\/p>\n<p>&#13;<\/p>\n<p align=\"justify\" class=\"text1noticias\">Los objetivos  perseguidos por algunos pa\u00edses latinoamericanos se han alcanzado de forma  parcial en algunas de estas naciones, sin embargo los logros alcanzados son  desiguales seg\u00fan el pa\u00eds y la coyuntura. Los\u00a0  cambios\u00a0 y reformas\u00a0 en el aspecto social y econ\u00f3micos puestos\u00a0 en practica en Am\u00e9rica Latina han cambiado al  viejo Estado liberal, que se caracteriz\u00f3 por una actitud\u00a0 intervencionista.<\/p>\n<p>&#13;<\/p>\n<p align=\"justify\" class=\"text1noticias\">Uno de los desaf\u00edos  m\u00e1s importante que tiene el capitalismo y la democracia en Am\u00e9rica Latina\u00a0 es el crecimiento que experimenta el  desempleo y la incapacidad para garantizarles a\u00a0  los sectores de clases medias\u00a0 y  pobres los servicios sociales que son demandados. Esta incapacidad para  responder, de forma eficaz, a estos desaf\u00edos\u00a0  es lo que da origen a la debilidad de la democracias latinoamericanas.  Esa es la raz\u00f3n por la que en coyunturas hist\u00f3ricas espec\u00edficas hemos observado crisis sociales\u00a0 y pol\u00edticas en muchos pa\u00edses  latinoamericanos.<\/p>\n<p>&#13;<\/p>\n<p align=\"justify\" class=\"text1noticias\">Ante las crisis  coyunturales que ha experimentado el capitalismo y la democracia en Am\u00e9rica  aparecen dos corrientes que desean darles respuestas: Esa dos corrientes son el  Neoliberalismo y la Social Democracia.  Los Neoliberales prefieren la no intervenci\u00f3n del Estado en la vida econ\u00f3mica  de la sociedad\u00a0 y son partidarios del  libre mercado y la libre competencia.<\/p>\n<p>&#13;<\/p>\n<p align=\"justify\" class=\"text1noticias\">En su critica a las  crisis coyunturales que ocurren en el capitalismo los neoliberales plantean que  las mismas\u00a0 se originan por la  desmovilizaci\u00f3n de los agentes sociales\u00a0  y por la disminuci\u00f3n de la capacidad creadora de los capitalistas  privados, esta situaci\u00f3n, seg\u00fan esta corriente econ\u00f3mica, provoca falta de  incentivos econ\u00f3micos en la producci\u00f3n y en las nuevas inversiones, que son la  garant\u00eda para el crecimiento y desarrollo de la sociedad.<\/p>\n<p>&#13;<\/p>\n<p align=\"justify\" class=\"text1noticias\">Esta corriente  econ\u00f3mica entiende que en el Estado capitalista actual existe irracionalidad y  gastos excesivos por parte del Estado intervencionista. Seg\u00fan la corriente  neoliberal el Estado intervencionista\u00a0 se  ha lanzado a una desmedida expansi\u00f3n de los programas sociales, sin tener en  cuenta que ese Estado est\u00e1 incapacitado para financiar sus gastos y sugieren  que esos gastos pueden ser organizados y financiados\u00a0 por el sector privado, atendiendo a criterios  de rentabilidad.<\/p>\n<p>&#13;<\/p>\n<p align=\"justify\" class=\"text1noticias\">Los neoliberales  estiman que la crisis presente del capitalismo se debe a la aparici\u00f3n de una  nueva clase social. Esta nueva clase no es productiva y por tanto no produce  riquezas con su trabajo. Entienden que esta nueva clase es disfuncional para el  capitalismo. Esta nueva clase esta compuesta por bur\u00f3cratas, profesionales e  intelectuales, que est\u00e1n vinculados de forma directa o indirecta a las  diferentes administraciones publicas que van turn\u00e1ndose en el Estado. Adem\u00e1s  plantean que hay otros grupos sociales cuyo poder depende de la amplitud de los  programas sociales del Estado y de los recursos econ\u00f3micos destinados a los  mismos.<\/p>\n<p>&#13;<\/p>\n<p align=\"justify\" class=\"text1noticias\">Esta corriente  plantea que los programas sociales\u00a0 que  implementa el Estado, en muchos casos, tienen efectos contradictorios y afirman  que de esa forma en vez de solucionar la crisis que genera el capitalismo, lo  que hacen\u00a0 es aumentar los problemas\u00a0 que ya existen, ya que generan nuevos  problemas a la sociedad. <\/p>\n<p>&#13;<\/p>\n<p align=\"justify\" class=\"text1noticias\">Como\u00a0 podemos establecer el neoliberalismo se ha  enriquecido con nuevas ideas\u00a0 y  postulados, sin embargo continua teniendo la misma\u00a0 visi\u00f3n del liberalismo cl\u00e1sico en el sentido  de que el Estado debe asumir una postura abstencionista y dejar que la  iniciativa privada se haga cargo del desarrollo y el desenvolvimiento econ\u00f3mico  de la sociedad. <\/p>\n<p>&#13;<\/p>\n<p align=\"justify\" class=\"text1noticias\">Los neoliberales dan  un paso adelante con relaci\u00f3n a los liberales cl\u00e1sicos, ya que en la actualidad  abogan\u00a0 por la privatizaci\u00f3n de buena  parte de las relaciones\u00a0 entre los agentes  sociales y econ\u00f3micos, es decir persiguen la privatizaci\u00f3n en el \u00e1mbito de las  relaciones laborales\u00a0 y financieras, vale  decir que promueven la privatizaci\u00f3n de empresas de bienes y servicios\u00a0 y por tanto productoras de riquezas y en cuyo  funcionamiento y desarrollo intervienen trabajadores.<\/p>\n<p>&#13;<\/p>\n<p align=\"justify\" class=\"text1noticias\">La corriente del  Estado social, en cambio, considera que aunque en su contenido muchas ideas del  neoliberalismo tienen l\u00f3gica sem\u00e1ntica, vale decir que pueden ser  explicada\u00a0 y comprendida por la gente, en  el fondo los nuevos postulados lo que vienen a reafirmar\u00a0 es la intenci\u00f3n del capitalismo, que busca el  desmantelamiento del Estado social y la vuelta al <strong>laissez faire.<\/strong><\/p>\n<p>&#13;<\/p>\n<p align=\"justify\" class=\"text1noticias\">La corriente del  Estado social entiende que algunos aspectos de las cr\u00edticas neoliberales pueden  tener alg\u00fan grado de validez, pero entiende que no por ello se debe aceptar o  admitir que la soluci\u00f3n al desarrollo de una naci\u00f3n es refugiarse en una  econom\u00eda de servicio, donde las importaciones sustituyan el rol que deben jugar  sectores productivos, que a la larga ser\u00e1n tan indispensables para el  equilibrio social, pol\u00edtico y democr\u00e1tico\u00a0  de la sociedad.<\/p>\n<p>&#13;<\/p>\n<p align=\"justify\" class=\"text1noticias\">La corriente del  Estado social no es partidaria de que la propiedad publica de todas las  empresas y su\u00a0 planificaci\u00f3n global est\u00e9  en mano del Estado porque ello seria\u00a0  concentrar en las mismas manos\u00a0 el  poder pol\u00edtico y el poder econ\u00f3mico. Postulan por una participaci\u00f3n mixta en la  econom\u00eda, en donde tanto el Estado como el sector privado participen de la vida  econ\u00f3mica del pa\u00eds, ya que el Estado\u00a0  debe jugar un rol de equilibrio en las grandes\u00a0 decisiones econ\u00f3micas <\/p>\n<p>&#13;<\/p>\n<p align=\"justify\" class=\"text1noticias\">Seg\u00fan la corriente  del Estado social la principal contradicci\u00f3n\u00a0  de la corriente neoliberal es su ilusi\u00f3n de separar la categor\u00eda poder  pol\u00edtico de la categor\u00eda poder econ\u00f3mico, ya que entiende que no se debe perder  de vista que con relaci\u00f3n al poder econ\u00f3mico, \u00e9ste tiene una incidencia directa  sobre el poder pol\u00edtico y el primero persuade o se impone al segundo con gran  facilidad, cuando as\u00ed se lo propone. Donde el poder econ\u00f3mico ha alcanzado un  grado mayor de desarrollo, el poder pol\u00edtico no tiene fuerza considerable y sus  acciones\u00a0 no son m\u00e1s que un reflejo del  poder econ\u00f3mico. <\/p>\n<p>&#13;<\/p>\n<p align=\"justify\" class=\"text1noticias\"><strong>Evelio  Arroyo es Soci\u00f3logo, Abogado y Escritor. Estos temas son publicados<\/strong> <strong>del libro \u201cEstado y Pol\u00edtica\u201d de su autor\u00eda\u00a0\u00a0\u00a0 <\/strong><\/p>\n<p>&#13;<\/p>\n<h6> 2008-06-10 00:26:28 <\/h6>\n<p><!--\n<link rel=\"stylesheet\" href=\"css\/bootstrap.min.css\">\n\n\n<ul class=\"pagination\">\n\t    \n\t\n\n<li >\n\t<a href='?page_no=11944'>Previous<\/a>\n\t<\/li>\n\n\n       \n    \n\n<li><a href='?page_no=1'>1<\/a><\/li>\n\n\n\n<li><a href='?page_no=2'>2<\/a><\/li>\n\n\n\n<li><a>...<\/a><\/li>\n\n\n\n<li><a href='?page_no=11943'>11943<\/a><\/li>\n\n\n\n<li><a href='?page_no=11944'>11944<\/a><\/li>\n\n\n\n<li class='active'><a>11945<\/a><\/li>\n\n\n\n<li><a href='?page_no=11946'>11946<\/a><\/li>\n\n\n\n<li><a href='?page_no=11947'>11947<\/a><\/li>\n\n\n\n<li><a>...<\/a><\/li>\n\n\n\n<li><a href='?page_no=13611'>13611<\/a><\/li>\n\n\n\n<li><a href='?page_no=13612'>13612<\/a><\/li>\n\n    \n\t\n\n<li >\n\t<a href='?page_no=11946'>Next<\/a>\n\t<\/li>\n\n\n    \n\n<li><a href='?page_no=13612'>Last &rsaquo;&rsaquo;<\/a><\/li>\n\n<\/ul>\n\n\n--><br \/>\n<\/body><\/p>\n","protected":false},"excerpt":{"rendered":"<p>Neoliberalismo y Estado Social en Latinoam\u00e9rica \u00a0\u00a0 &#13; El capitalismo, como sistema pol\u00edtico de la democracia representativa, genera sus propias crisis y contradicciones. Esas crisis, de forma regular, se expresan en recesi\u00f3n econ\u00f3mica, conflictos sociales, generados por los niveles de violencias, producto del narcotr\u00e1fico y la pobreza, sobre todo en las sociedades latinoamericanas\u00a0 de menor [&hellip;]<\/p>\n","protected":false},"author":3,"featured_media":0,"comment_status":"open","ping_status":"open","sticky":false,"template":"","format":"standard","meta":{"footnotes":""},"categories":[16],"tags":[],"class_list":["post-36042","post","type-post","status-publish","format-standard","hentry","category-opiniones"],"_links":{"self":[{"href":"https:\/\/diariodominicano.com\/index.php?rest_route=\/wp\/v2\/posts\/36042","targetHints":{"allow":["GET"]}}],"collection":[{"href":"https:\/\/diariodominicano.com\/index.php?rest_route=\/wp\/v2\/posts"}],"about":[{"href":"https:\/\/diariodominicano.com\/index.php?rest_route=\/wp\/v2\/types\/post"}],"author":[{"embeddable":true,"href":"https:\/\/diariodominicano.com\/index.php?rest_route=\/wp\/v2\/users\/3"}],"replies":[{"embeddable":true,"href":"https:\/\/diariodominicano.com\/index.php?rest_route=%2Fwp%2Fv2%2Fcomments&post=36042"}],"version-history":[{"count":0,"href":"https:\/\/diariodominicano.com\/index.php?rest_route=\/wp\/v2\/posts\/36042\/revisions"}],"wp:attachment":[{"href":"https:\/\/diariodominicano.com\/index.php?rest_route=%2Fwp%2Fv2%2Fmedia&parent=36042"}],"wp:term":[{"taxonomy":"category","embeddable":true,"href":"https:\/\/diariodominicano.com\/index.php?rest_route=%2Fwp%2Fv2%2Fcategories&post=36042"},{"taxonomy":"post_tag","embeddable":true,"href":"https:\/\/diariodominicano.com\/index.php?rest_route=%2Fwp%2Fv2%2Ftags&post=36042"}],"curies":[{"name":"wp","href":"https:\/\/api.w.org\/{rel}","templated":true}]}}