{"id":360353,"date":"2022-06-08T23:46:46","date_gmt":"2022-06-09T03:46:46","guid":{"rendered":"http:\/\/diariodominicano.com\/?p=360353"},"modified":"2022-06-08T23:54:20","modified_gmt":"2022-06-09T03:54:20","slug":"trinitarios-decididos-a-tomar-la-direccion-de-la-junta-central-gubernativa","status":"publish","type":"post","link":"https:\/\/diariodominicano.com\/?p=360353","title":{"rendered":"Trinitarios decididos a tomar la direcci\u00f3n de la Junta Central Gubernativa"},"content":{"rendered":"\n<p> El plan se inici\u00f3 en la Fortaleza Ozama, en Santo Domingo, donde recibieron apoyo de un grupo de oficiales. <\/p>\n\n\n\n<p>SANTO DOMINGO, el &nbsp;9 de junio de 1844, un grupo de los trinitarios decidi\u00f3&nbsp; sacar&nbsp; del&nbsp; poder a los conservadores que controlaban la Junta Central Gubernativa, encabezada&nbsp; por Tom\u00e1s Bobadilla y Briones. Los conservadores&nbsp; deseaban convertir la naciente Rep\u00fablica Dominicana en un protectorado de Francia.<\/p>\n\n\n\n<p>\u00a0\u00a0\u00a0 <strong>El plan se inici\u00f3 en la Fortaleza Ozama, en Santo Domingo, donde recibieron apoyo de un grupo de oficiales.<\/strong><\/p>\n\n\n\n<figure class=\"wp-block-image size-large\"><img loading=\"lazy\" decoding=\"async\" width=\"1024\" height=\"526\" src=\"https:\/\/diariodominicano.com\/wp-content\/uploads\/2021\/08\/Tomas-Bobadilla-1-1024x526.jpg\" alt=\"\" class=\"wp-image-293802\" srcset=\"https:\/\/diariodominicano.com\/wp-content\/uploads\/2021\/08\/Tomas-Bobadilla-1-1024x526.jpg 1024w, https:\/\/diariodominicano.com\/wp-content\/uploads\/2021\/08\/Tomas-Bobadilla-1-300x154.jpg 300w, https:\/\/diariodominicano.com\/wp-content\/uploads\/2021\/08\/Tomas-Bobadilla-1-768x395.jpg 768w, https:\/\/diariodominicano.com\/wp-content\/uploads\/2021\/08\/Tomas-Bobadilla-1-1536x789.jpg 1536w, https:\/\/diariodominicano.com\/wp-content\/uploads\/2021\/08\/Tomas-Bobadilla-1-2048x1052.jpg 2048w, https:\/\/diariodominicano.com\/wp-content\/uploads\/2021\/08\/Tomas-Bobadilla-1-816x419.jpg 816w\" sizes=\"auto, (max-width: 1024px) 100vw, 1024px\" \/><figcaption>Tom\u00e1s Bobadilla <\/figcaption><\/figure>\n\n\n\n<p>&nbsp;&nbsp;&nbsp; Los trinitarios estimaban que&nbsp; Bobadilla y los dem\u00e1s miembros de la Junta Central Gubernativa: Jos\u00e9 Mar\u00eda Caminero, Francisco Javier Abreu y Francisco Ruiz, eran culpables de conspirar contra la soberan\u00eda nacional al mantener negociaciones encaminadas a obtener la protecci\u00f3n de los franceses.<\/p>\n\n\n\n<figure class=\"wp-block-image size-full\"><img loading=\"lazy\" decoding=\"async\" width=\"370\" height=\"565\" src=\"https:\/\/diariodominicano.com\/wp-content\/uploads\/2022\/01\/sanchezarc0.jpg\" alt=\"\" class=\"wp-image-324381\" srcset=\"https:\/\/diariodominicano.com\/wp-content\/uploads\/2022\/01\/sanchezarc0.jpg 370w, https:\/\/diariodominicano.com\/wp-content\/uploads\/2022\/01\/sanchezarc0-196x300.jpg 196w\" sizes=\"auto, (max-width: 370px) 100vw, 370px\" \/><figcaption>Francisco del Rosario S\u00e1nchez<\/figcaption><\/figure>\n\n\n\n<p>&nbsp;&nbsp; Francisco del Rosario S\u00e1nchez previ\u00f3 que varios de los conservadores podr\u00edan perder la vida en el movimiento y les avis\u00f3 los alcances del plan para que tuvieran tiempo de buscar asilo&nbsp; en el consulado franc\u00e9s, como luego lo hicieron varios.<\/p>\n\n\n\n<p>&nbsp;&nbsp;&nbsp; Al consumarse el golpe de Estado contra la Junta Central&nbsp; Gubernativa, el pr\u00f3cer Francisco del Rosario S\u00e1nchez fue escogido Presidente en lugar de Tom\u00e1s Bobadilla.<\/p>\n\n\n\n<p>&nbsp;&nbsp; Como dem\u00e1s miembros de la Junta Central Gubernativa, fueron designados los trinitarios Pedro Alejandro Pina, Manuel Mar\u00eda Valverde y Juan Isidro P\u00e9rez.<\/p>\n\n\n\n<figure class=\"wp-block-image size-full\"><img loading=\"lazy\" decoding=\"async\" width=\"370\" height=\"497\" src=\"https:\/\/diariodominicano.com\/wp-content\/uploads\/2022\/01\/Duarte-joven00-1.jpg\" alt=\"\" class=\"wp-image-326471\" srcset=\"https:\/\/diariodominicano.com\/wp-content\/uploads\/2022\/01\/Duarte-joven00-1.jpg 370w, https:\/\/diariodominicano.com\/wp-content\/uploads\/2022\/01\/Duarte-joven00-1-223x300.jpg 223w\" sizes=\"auto, (max-width: 370px) 100vw, 370px\" \/><figcaption>Juan Pablo Duarte<\/figcaption><\/figure>\n\n\n\n<p>&nbsp;&nbsp; &nbsp;Juan Pablo Duarte, quien ostentaba el rango de general, miembro de la Junta, fue designado Comandante Militar de Santo Domingo, la principal guarnici\u00f3n militar de Rep\u00fablica Dominicana.<\/p>\n\n\n\n<p>&nbsp; Los trinitarios hab\u00edan iniciado el plan para derrocar a los miembros de la Junta Central Gubernativa, a finales de Mayo de 1844, por entender que pon\u00edan en peligro la soberan\u00eda nacional.<\/p>\n\n\n\n<p>&nbsp;&nbsp; Como parte del proyecto, el&nbsp;&nbsp; d\u00eda 31 mayo de 1844, Juan Pablo Duarte y un grupo de sus seguidores iniciaron un plan con el prop\u00f3sito de tomar el poder en la naciente Rep\u00fablica Dominicana, porque hab\u00eda ca\u00eddo en manos de los grupos conservadores que representaba el Presidente de la Junta Central Gubernativa, Bobadilla y Briones, quien favorec\u00eda la idea de que la Rep\u00fablica pasara a ser un protectorado de Francia.<\/p>\n\n\n\n<figure class=\"wp-block-image size-full\"><img loading=\"lazy\" decoding=\"async\" width=\"300\" height=\"223\" src=\"https:\/\/diariodominicano.com\/wp-content\/uploads\/2022\/01\/mella000.jpg\" alt=\"\" class=\"wp-image-324382\"\/><figcaption>Mat\u00edas Ram\u00f3n Mella<\/figcaption><\/figure>\n\n\n\n<p>&nbsp;&nbsp;&nbsp; El 31 de mayo de 1844, Juan Pablo Duarte y un grupo de seguidores se reunieron con la guarnici\u00f3n de la Fortaleza Ozama, y lograron que 56 oficiales activos firmaran un documento dirigido a la Junta Central Gubernativa, para solicitarle que Duarte fuera nombrado General en Jefe del Ej\u00e9rcito, y los dem\u00e1s trinitarios, incluidos Francisco del Rosario S\u00e1nchez y Mat\u00edas Ram\u00f3n Mella, fueran nombrados Generales de Divisi\u00f3n o Generales de Brigada.<\/p>\n\n\n\n<p>&nbsp;&nbsp;&nbsp; De esa manera, Juan Pablo Duarte y sus seguidores trataban de frenar el avance del grupo conservador que controlaba la Junta Central Gubernativa y desplazar al General Pedro Santana del control de las Fuerzas Armadas.<\/p>\n\n\n\n<p>&nbsp;&nbsp;&nbsp;&nbsp;&nbsp; La petici\u00f3n de los trinitarios fue rechazada por la Junta Central Gubernativa, que expres\u00f3 al respecto: \u201cHabiendo cesado por ahora las hostilidades no ha lugar al aumento de grado que varios oficiales solicitan\u201d en favor de Duarte, S\u00e1nchez, Mella, y Villanueva.<\/p>\n\n\n\n<p>&nbsp;&nbsp;&nbsp;&nbsp;&nbsp; Tambi\u00e9n advirti\u00f3: \u201cLa Junta declara que no nombrar\u00e1 en lo adelante m\u00e1s oficiales generales, para estar en armon\u00eda con los principios del&nbsp; Manifiesto del 16 de Enero del presente a\u00f1o\u201d.<\/p>\n\n\n\n<p>&nbsp;&nbsp;&nbsp;&nbsp; Decisiones posteriores de la Junta Central Gubernativa, prueban que su reacci\u00f3n fue un simple pretexto para rechazar la petici\u00f3n de los trinitarios. En efecto, el d\u00eda 1 de junio, es decir, un d\u00eda despu\u00e9s de su rechazo, volvi\u00f3 a pedir la protecci\u00f3n pol\u00edtica y militar de Francia, para defenderse de los haitianos.<\/p>\n\n\n\n<p>La decisi\u00f3n se convirti\u00f3 en una especie de est\u00edmulo para que los trinitarios siguieran adelante con su proyecto de tomar el control de la Junta Central Gubernativa, como ocurri\u00f3&nbsp; el 9 de junio de 1844.<\/p>\n","protected":false},"excerpt":{"rendered":"<p>El plan se inici\u00f3 en la Fortaleza Ozama, en Santo Domingo, donde recibieron apoyo de un grupo de oficiales. SANTO DOMINGO, el &nbsp;9 de junio de 1844, un grupo de los trinitarios decidi\u00f3&nbsp; sacar&nbsp; del&nbsp; poder a los conservadores que controlaban la Junta Central Gubernativa, encabezada&nbsp; por Tom\u00e1s Bobadilla y Briones. Los conservadores&nbsp; deseaban convertir [&hellip;]<\/p>\n","protected":false},"author":28,"featured_media":360354,"comment_status":"closed","ping_status":"","sticky":true,"template":"","format":"standard","meta":{"footnotes":""},"categories":[26,27],"tags":[],"class_list":["post-360353","post","type-post","status-publish","format-standard","has-post-thumbnail","hentry","category-efemerides","category-portada"],"_links":{"self":[{"href":"https:\/\/diariodominicano.com\/index.php?rest_route=\/wp\/v2\/posts\/360353","targetHints":{"allow":["GET"]}}],"collection":[{"href":"https:\/\/diariodominicano.com\/index.php?rest_route=\/wp\/v2\/posts"}],"about":[{"href":"https:\/\/diariodominicano.com\/index.php?rest_route=\/wp\/v2\/types\/post"}],"author":[{"embeddable":true,"href":"https:\/\/diariodominicano.com\/index.php?rest_route=\/wp\/v2\/users\/28"}],"replies":[{"embeddable":true,"href":"https:\/\/diariodominicano.com\/index.php?rest_route=%2Fwp%2Fv2%2Fcomments&post=360353"}],"version-history":[{"count":6,"href":"https:\/\/diariodominicano.com\/index.php?rest_route=\/wp\/v2\/posts\/360353\/revisions"}],"predecessor-version":[{"id":360360,"href":"https:\/\/diariodominicano.com\/index.php?rest_route=\/wp\/v2\/posts\/360353\/revisions\/360360"}],"wp:featuredmedia":[{"embeddable":true,"href":"https:\/\/diariodominicano.com\/index.php?rest_route=\/wp\/v2\/media\/360354"}],"wp:attachment":[{"href":"https:\/\/diariodominicano.com\/index.php?rest_route=%2Fwp%2Fv2%2Fmedia&parent=360353"}],"wp:term":[{"taxonomy":"category","embeddable":true,"href":"https:\/\/diariodominicano.com\/index.php?rest_route=%2Fwp%2Fv2%2Fcategories&post=360353"},{"taxonomy":"post_tag","embeddable":true,"href":"https:\/\/diariodominicano.com\/index.php?rest_route=%2Fwp%2Fv2%2Ftags&post=360353"}],"curies":[{"name":"wp","href":"https:\/\/api.w.org\/{rel}","templated":true}]}}