{"id":360166,"date":"2022-06-08T09:11:49","date_gmt":"2022-06-08T13:11:49","guid":{"rendered":"http:\/\/diariodominicano.com\/?p=360166"},"modified":"2022-06-08T16:01:33","modified_gmt":"2022-06-08T20:01:33","slug":"llego-mision-de-la-oea-por-violaciones-de-los-derechos-humanos-tras-muerte-de-trujillo","status":"publish","type":"post","link":"https:\/\/diariodominicano.com\/?p=360166","title":{"rendered":"Lleg\u00f3 misi\u00f3n de la OEA por violaciones de los derechos humanos tras\u00a0 muerte de Trujillo"},"content":{"rendered":"\n<p>Por H\u00e9ctor Tineo Nolasco<\/p>\n\n\n\n<p><a href=\"https:\/\/diariodominicano.com\/\">diariodominicano.com<\/a><\/p>\n\n\n\n<p>SANTO DOMINGO, el 8 de junio de 1961, lleg\u00f3 a ciudad Santo Domingo una misi\u00f3n de la Organizaci\u00f3n de los Estados Americanos (OEA) interesada en conocer la realidad que vive Rep\u00fablica Dominicana tras la muerte del dictador Rafael Le\u00f3nidas Trujillo Molina. En ese momento sectores de la sociedad demandaban que Joaqu\u00edn Balaguer abandonara la Presidencia, el cese de la represi\u00f3n, y la salida de Rep\u00fablica Dominicana de los familiares y servidores de la tiran\u00eda de Trujillo.<\/p>\n\n\n\n<figure class=\"wp-block-image size-full\"><img loading=\"lazy\" decoding=\"async\" width=\"260\" height=\"194\" src=\"https:\/\/diariodominicano.com\/wp-content\/uploads\/2021\/12\/Ramfis00.jpg.jpg\" alt=\"\" class=\"wp-image-320197\"\/><\/figure>\n\n\n\n<p> <strong>General Rafael Le\u00f3nidas (Ramfis) Trujillo Mart\u00ednez <\/strong><\/p>\n\n\n\n<p>En la ocasi\u00f3n el presidente interino era Joaqu\u00edn Balaguer, pero la precepci\u00f3n colectiva consideraba que el poder de decisi\u00f3n lo ten\u00eda el hijo del dictador Trujillo, el General Rafael Le\u00f3nidas (Ramfis) Trujillo Mart\u00ednez, quien dirig\u00eda una cacer\u00eda contra los \u201csospechosos\u201d de estar vinculados en el plan que hizo posible la eliminaci\u00f3n f\u00edsica de Trujillo la noche del 30 de mayo de 1961.<\/p>\n\n\n\n<p>&nbsp;&nbsp;&nbsp; La llegada de la misi\u00f3n de la OEA estuvo antecedida de la muerte del&nbsp; doctor Robert Reid Cabral, de Tomasito&nbsp; D\u00edaz&nbsp; y Pirolo De la Maza, ocurridas el d\u00eda 6 de junio de 1961. Se sumaron a la lista de las muertes que se registraron luego del asesinato del dictador Trujillo Molina.<\/p>\n\n\n\n<p>&nbsp;&nbsp;&nbsp;&nbsp; <strong>El 5 de junio de 1961 fue un d\u00eda de terror contra los amigos y familiares de los conjurados.<\/strong><\/p>\n\n\n\n<p>&nbsp;&nbsp;&nbsp;&nbsp; La noche del 4 de junio agentes del SIM mataron a balazos a Juan Tom\u00e1s D\u00edaz y a Antonio De la Maza, las dos principales figuras del complot que termin\u00f3 con la vida del dictador Trujillo, la noche del 30 de mayo de 1961.<\/p>\n\n\n\n<p>&nbsp;&nbsp;&nbsp; Juan Tom\u00e1s D\u00edaz&nbsp; y Antonio De la Maza,&nbsp; al&nbsp; ser muertos el 4 de junio de 1961 por agentes del SIM, se agregaron al n\u00famero de ejecuciones que comenzaron el mismo d\u00eda 31, menos de 24 horas despu\u00e9s de conocerse la muerte de Trujillo.<\/p>\n\n\n\n<p>&nbsp;&nbsp;&nbsp;&nbsp;&nbsp; El mismo d\u00eda 31 de mayo, el d\u00eda siguiente del hecho, los torturadores mataron en La Vega,&nbsp; a Mario de La Maza.<\/p>\n\n\n\n<p>&nbsp;&nbsp;&nbsp; En la zona de La Victoria, agentes del Servicio de Inteligencia Militar (SIM), mataron a balazos a Segundo Imbert y al doctor Rafael Augusto S\u00e1nchez.<\/p>\n\n\n\n<p>&nbsp;&nbsp;&nbsp; Los dos estaban presos en el Penal de La Victoria y fueron sacados en horas de la noche&nbsp; para ser ejecutados.<\/p>\n\n\n\n<p>&nbsp;&nbsp;&nbsp;&nbsp; El d\u00eda 2 de Junio los agentes del&nbsp; SIM mataron al teniente Amado Garc\u00eda Guerrero, al localizarlo en la residencia de una t\u00eda en la calle San Mart\u00edn n\u00famero 59.<\/p>\n\n\n\n<p>&nbsp;&nbsp;&nbsp; El 3 de junio de 1961, continu\u00f3 la represi\u00f3n en Rep\u00fablica Dominicana, y el Servicio de Inteligencia Militar (SIM) intensific\u00f3 la persecuci\u00f3n contra el grupo de ciudadanos que participaron en el asesinato del dictador Rafael Le\u00f3nidas Trujillo Molina, la noche del 31 de Mayo de 1961.<\/p>\n\n\n\n<p>&nbsp;&nbsp;&nbsp; El 3 de Junio de 1961, se conoci\u00f3 la versi\u00f3n de la muerte de&nbsp; Ismael Estrella N\u00fa\u00f1ez, hermano de Salvador Estrella Sahdal\u00e1. En la ocasi\u00f3n se indic\u00f3 que Estrella se ahorc\u00f3 por las presiones sicol\u00f3gicas que sufri\u00f3 de parte de los agentes de represi\u00f3n.<\/p>\n\n\n\n<p>&nbsp;&nbsp;&nbsp; Su familia recibi\u00f3 la versi\u00f3n de que fue ahorcado en el Palacio de la Polic\u00eda Nacional, donde era investigado en torno al complot que culmin\u00f3 con la muerte del dictador Trujillo.<\/p>\n\n\n\n<p>\u00a0\u00a0 La aclaraci\u00f3n la hizo su hijo Juan Reynoso Estrella, al relatar el hecho. Dijo que la familia recibi\u00f3 el cad\u00e1ver y se le advirti\u00f3 que deb\u00eda sepultarlo de inmediato. <\/p>\n\n\n\n<p><a href=\"https:\/\/diariodominicano.com\/?p=360166\">J\u00f3venes Independientes del Cibao se oponen a ratificar actos del Gobierno de Ocupaci\u00f3n estadounidense<\/a><\/p>\n","protected":false},"excerpt":{"rendered":"<p>Por H\u00e9ctor Tineo Nolasco diariodominicano.com SANTO DOMINGO, el 8 de junio de 1961, lleg\u00f3 a ciudad Santo Domingo una misi\u00f3n de la Organizaci\u00f3n de los Estados Americanos (OEA) interesada en conocer la realidad que vive Rep\u00fablica Dominicana tras la muerte del dictador Rafael Le\u00f3nidas Trujillo Molina. En ese momento sectores de la sociedad demandaban que [&hellip;]<\/p>\n","protected":false},"author":28,"featured_media":359248,"comment_status":"closed","ping_status":"","sticky":true,"template":"","format":"standard","meta":{"footnotes":""},"categories":[26,27],"tags":[],"class_list":["post-360166","post","type-post","status-publish","format-standard","has-post-thumbnail","hentry","category-efemerides","category-portada"],"_links":{"self":[{"href":"https:\/\/diariodominicano.com\/index.php?rest_route=\/wp\/v2\/posts\/360166","targetHints":{"allow":["GET"]}}],"collection":[{"href":"https:\/\/diariodominicano.com\/index.php?rest_route=\/wp\/v2\/posts"}],"about":[{"href":"https:\/\/diariodominicano.com\/index.php?rest_route=\/wp\/v2\/types\/post"}],"author":[{"embeddable":true,"href":"https:\/\/diariodominicano.com\/index.php?rest_route=\/wp\/v2\/users\/28"}],"replies":[{"embeddable":true,"href":"https:\/\/diariodominicano.com\/index.php?rest_route=%2Fwp%2Fv2%2Fcomments&post=360166"}],"version-history":[{"count":10,"href":"https:\/\/diariodominicano.com\/index.php?rest_route=\/wp\/v2\/posts\/360166\/revisions"}],"predecessor-version":[{"id":360295,"href":"https:\/\/diariodominicano.com\/index.php?rest_route=\/wp\/v2\/posts\/360166\/revisions\/360295"}],"wp:featuredmedia":[{"embeddable":true,"href":"https:\/\/diariodominicano.com\/index.php?rest_route=\/wp\/v2\/media\/359248"}],"wp:attachment":[{"href":"https:\/\/diariodominicano.com\/index.php?rest_route=%2Fwp%2Fv2%2Fmedia&parent=360166"}],"wp:term":[{"taxonomy":"category","embeddable":true,"href":"https:\/\/diariodominicano.com\/index.php?rest_route=%2Fwp%2Fv2%2Fcategories&post=360166"},{"taxonomy":"post_tag","embeddable":true,"href":"https:\/\/diariodominicano.com\/index.php?rest_route=%2Fwp%2Fv2%2Ftags&post=360166"}],"curies":[{"name":"wp","href":"https:\/\/api.w.org\/{rel}","templated":true}]}}