{"id":35991,"date":"2020-08-09T14:57:11","date_gmt":"2020-08-09T14:57:11","guid":{"rendered":"http:\/\/diariodominicano.ddns.net\/?p=35991"},"modified":"2020-08-09T14:57:11","modified_gmt":"2020-08-09T14:57:11","slug":"aunque-pasen-los-ciclos-jamas-uno-debe-abandonarse","status":"publish","type":"post","link":"https:\/\/diariodominicano.com\/?p=35991","title":{"rendered":"\u00abAunque pasen los ciclos, jam\u00e1s uno debe abandonarse\u00bb"},"content":{"rendered":"<p><body><\/p>\n<p>ALGO M\u00c1S QUE PALABRAS<\/p>\n<\/p>\n<p>CELEBRAR Y DAR VOZ EN EL \u00abAHORA\u00bb<\/p>\n<p> \u00abAunque pasen los ciclos, jam\u00e1s uno debe abandonarse\u00bb<\/p>\n<\/p>\n<p>=============================<\/p>\n<p>V\u00edctor CORCOBA HERRERO\/ Escritor<\/p>\n<p>corcoba@telefonica.net\t<\/p>\n<p>============================= <\/p>\n<\/p>\n<p>\tHoy m\u00e1s que nunca necesitamos celebrar y advertir que la vida, mientras se vive, tambi\u00e9n se disfruta con la certeza de que somos el \u00abahora\u00bb de la presencia en el camino, el instante preciso y precioso del compromiso, el momento de repensar lo que soy, movido por ese presente del que cada cual es mero protagonista. Por tanto, la confianza en uno mismo es el primer paso de todo buen caminante. Hemos de saber, adem\u00e1s, que ning\u00fan tiempo ha sido f\u00e1cil para sus moradores. Este tampoco lo iba a ser menos. Somos d\u00e9biles y necios. Para empezar, hemos activado una crisis de valores humanos que nos impide fortalecernos, actuar de manera conjunta y hallar soluciones a los diversos problemas y amenazas actuales, como la pandemia de COVID-19 y el cambio clim\u00e1tico, las persistentes contiendas, entre las que est\u00e1 la amenaza nuclear que sigue creciendo tres cuartos de siglo despu\u00e9s del bombardeo de Nagasaki, o la falta de transparencia en nuestras acciones humanas que prolongan sin respetar, algo tan esencial, como los derechos inalienables de toda existencia, la inclusi\u00f3n mediante un trabajo decente y los accesos a salud y educaci\u00f3n.<\/p>\n<\/p>\n<p>\tIndudablemente, el \u00abahora\u00bb hay que sustentarlo con la escucha. No hay otro modo de llevarlo a buen t\u00e9rmino. Con demasiada frecuencia, se tienden a dar respuestas interesadas, obviando que cada \u00e9poca requiere de sus abecedarios. Tampoco es de recibo la creciente manipulaci\u00f3n que se observa en un mundo en crisis, por parte de determinados grupos pol\u00edticos o poderes econ\u00f3micos, que han convertido cualquier vida en un blanco f\u00e1cil para las estrategias m\u00e1s brutas y destructivas. Es cierto que la pandemia de COVID-19 ha tenido graves repercusiones sociales en todo el mundo, pero de igual forma es verdad que nuestra cultura actual explota la imagen humana, contribuyendo a deshumanizarnos como jam\u00e1s. Por desgracia, el circuito de la indiferencia y la desigualdad entre linajes prosiguen  globaliz\u00e1ndonos. Junto a este c\u00famulo de miserias, la proliferaci\u00f3n de noticias falsas nos deja desorientados, hasta el extremo de perder el sentido de lo aut\u00e9ntico, que es como dejarse de amar. Perennemente la reputaci\u00f3n de las personas se pone en peligro a trav\u00e9s de redes sumar\u00edsimas, que asesinan a vivientes sin consideraci\u00f3n alguna. Desde luego, ese mundo virtual que nos encarcela, aparte de alejarnos de todo v\u00ednculo, nos est\u00e1 volviendo tan fr\u00edos como las piedras. <\/p>\n<\/p>\n<p>\tPor eso, es fundamental celebrar el cambio de mentalidad y actitudes, que pasa por poner fin a esta forma de abuso planetario, que nos siega el innato entusiasmo existencial. A prop\u00f3sito, con buen criterio, en 1999, la Asamblea General de las Naciones Unidas design\u00f3 el 12 de agosto como el D\u00eda Internacional de la Juventud, a fin de activar su protagonismo en los procesos de evoluci\u00f3n. Lo que importa no es pensar en el ayer, ni en lo que va a venir, sino en cargar con el \u00abahora\u00bb, hasta volverlo m\u00e1s generador de ilusiones, que nos haga cuando menos despertar y existir, reinici\u00e1ndonos con el impulso de la novedad. Lo cardinal no es haber ca\u00eddo en un esp\u00edritu inhumano, de vicios y malos h\u00e1bitos, sino en poder salir de ellos, rebosando esperanza. Sea como fuere, de ning\u00fan modo podemos achicarnos, requerimos de la celebraci\u00f3n de la unidad, pero asimismo demandamos poder erguir la cabeza. Hay cosas que debemos batallar y una es la de perseverar viviendo en libertad. Aunque pasen los ciclos, jam\u00e1s uno debe abandonarse. El crecimiento, con la c\u00e1tedra de los a\u00f1os, tambi\u00e9n puede coexistir con un fuego constantemente reavivado, con un pulso siempre joven. El alma no envejece en la vida. <\/p>\n<\/p>\n<p>\tEn cualquier caso, nunca es tarde para construir castillos en el aire y poder cimentarlos luego con la experiencia vivida junto a los que nos acompa\u00f1an. Lo substancial pasa por desechar las tristezas y las melancol\u00edas de nuestra visi\u00f3n, tomando el \u00abahora\u00bb  como idea para pensar en lo que uno puede hacer con lo que hay, y en el \u00abaqu\u00ed\u00bb de nuestros activos andares, para poder sintonizar con las arpas del universo. Al fin y al cabo, lo importante es no malgastar el tiempo y ponerse siempre en acci\u00f3n, pues si son muchas las necesidades humanitarias que nos reclaman, a\u00fan m\u00e1s todav\u00eda es dejarnos o\u00edr como protagonistas de la gran revoluci\u00f3n de la clemencia y el servicio, resistiendo a todas las patolog\u00edas del consumismo m\u00e1s absurdo y al individualismo m\u00e1s borreguil y superficial. Crear otros ambientes m\u00e1s humanos que los actuales requiere de tes\u00f3n y familiaridad, alimentado todo ello por el aguante y la tolerancia. Como dice San Agust\u00edn: \u00abCanta, pero contin\u00faa tu camino. No te vuelvas perezoso, canta para hacer el camino m\u00e1s agradable. Canta, pero sigue&#8230; Si progresas, continuar\u00e1s tu viaje, pero aseg\u00farate de que tu progreso sea en virtud, fe verdadera y vida recta. Canta entonces y sigue caminando\u00bb. Encant\u00e9monos, pues, coreando unidos esta inspiraci\u00f3n, que todos tenemos nuestro tiempo y tambi\u00e9n hemos de tener nuestro espacio para hacerlo. Rubrico, en consecuencia, que el mundo habr\u00e1 llegado al m\u00e1ximo de humanidad, cuando sus ciudadanos loen a la vida, diciendo menos y oy\u00e9ndose m\u00e1s.<\/p>\n<\/p>\n<p>V\u00edctor CORCOBA HERRERO \/ Escritor<\/p>\n<p>corcoba@telefonica.net<\/p>\n<p>9 de agosto de 2020.-<\/p>\n<h6> 2020-08-09 14:57:11 <\/h6>\n<p><!--\n<link rel=\"stylesheet\" href=\"css\/bootstrap.min.css\">\n\n\n<ul class=\"pagination\">\n\t    \n\t\n\n<li >\n\t<a href='?page_no=118'>Previous<\/a>\n\t<\/li>\n\n\n       \n    \n\n<li><a href='?page_no=1'>1<\/a><\/li>\n\n\n\n<li><a href='?page_no=2'>2<\/a><\/li>\n\n\n\n<li><a>...<\/a><\/li>\n\n\n\n<li><a href='?page_no=117'>117<\/a><\/li>\n\n\n\n<li><a href='?page_no=118'>118<\/a><\/li>\n\n\n\n<li class='active'><a>119<\/a><\/li>\n\n\n\n<li><a href='?page_no=120'>120<\/a><\/li>\n\n\n\n<li><a href='?page_no=121'>121<\/a><\/li>\n\n\n\n<li><a>...<\/a><\/li>\n\n\n\n<li><a href='?page_no=13611'>13611<\/a><\/li>\n\n\n\n<li><a href='?page_no=13612'>13612<\/a><\/li>\n\n    \n\t\n\n<li >\n\t<a href='?page_no=120'>Next<\/a>\n\t<\/li>\n\n\n    \n\n<li><a href='?page_no=13612'>Last &rsaquo;&rsaquo;<\/a><\/li>\n\n<\/ul>\n\n\n--><br \/>\n<\/body><\/p>\n","protected":false},"excerpt":{"rendered":"<p>ALGO M\u00c1S QUE PALABRAS CELEBRAR Y DAR VOZ EN EL \u00abAHORA\u00bb \u00abAunque pasen los ciclos, jam\u00e1s uno debe abandonarse\u00bb ============================= V\u00edctor CORCOBA HERRERO\/ Escritor corcoba@telefonica.net ============================= Hoy m\u00e1s que nunca necesitamos celebrar y advertir que la vida, mientras se vive, tambi\u00e9n se disfruta con la certeza de que somos el \u00abahora\u00bb de la presencia en [&hellip;]<\/p>\n","protected":false},"author":3,"featured_media":0,"comment_status":"open","ping_status":"open","sticky":false,"template":"","format":"standard","meta":{"footnotes":""},"categories":[16],"tags":[],"class_list":["post-35991","post","type-post","status-publish","format-standard","hentry","category-opiniones"],"_links":{"self":[{"href":"https:\/\/diariodominicano.com\/index.php?rest_route=\/wp\/v2\/posts\/35991","targetHints":{"allow":["GET"]}}],"collection":[{"href":"https:\/\/diariodominicano.com\/index.php?rest_route=\/wp\/v2\/posts"}],"about":[{"href":"https:\/\/diariodominicano.com\/index.php?rest_route=\/wp\/v2\/types\/post"}],"author":[{"embeddable":true,"href":"https:\/\/diariodominicano.com\/index.php?rest_route=\/wp\/v2\/users\/3"}],"replies":[{"embeddable":true,"href":"https:\/\/diariodominicano.com\/index.php?rest_route=%2Fwp%2Fv2%2Fcomments&post=35991"}],"version-history":[{"count":0,"href":"https:\/\/diariodominicano.com\/index.php?rest_route=\/wp\/v2\/posts\/35991\/revisions"}],"wp:attachment":[{"href":"https:\/\/diariodominicano.com\/index.php?rest_route=%2Fwp%2Fv2%2Fmedia&parent=35991"}],"wp:term":[{"taxonomy":"category","embeddable":true,"href":"https:\/\/diariodominicano.com\/index.php?rest_route=%2Fwp%2Fv2%2Fcategories&post=35991"},{"taxonomy":"post_tag","embeddable":true,"href":"https:\/\/diariodominicano.com\/index.php?rest_route=%2Fwp%2Fv2%2Ftags&post=35991"}],"curies":[{"name":"wp","href":"https:\/\/api.w.org\/{rel}","templated":true}]}}