{"id":359681,"date":"2022-06-06T00:18:37","date_gmt":"2022-06-06T04:18:37","guid":{"rendered":"http:\/\/diariodominicano.com\/?p=359681"},"modified":"2022-06-06T09:00:36","modified_gmt":"2022-06-06T13:00:36","slug":"tras-horas-de-asistencia-de-medicos-especialistas-fallece-el-doctor-robert-reid-cabral","status":"publish","type":"post","link":"https:\/\/diariodominicano.com\/?p=359681","title":{"rendered":"Tras horas de asistencia de m\u00e9dicos especialistas fallece el doctor Robert Reid Cabral"},"content":{"rendered":"\n<p> Una  imagen de la Familia Reid Cabral.<\/p>\n\n\n\n<p><strong>Durante los interrogatorios el doctor Marcelino V\u00e9lez Santana, declar\u00f3 que tan pronto el doctor&nbsp; Robert Reid Cabral se enter\u00f3 de la muerte General\u00edsimo Trujillo, pidi\u00f3 al grupo que se fuera de su casa, pero Juan Tom\u00e1s D\u00edaz le dijo al doctor Robert Reid Cabral que ahora \u00e9l era un c\u00f3mplice y que si dec\u00eda algo, su esposa y su hijo morir\u00edan.<\/strong> <\/p>\n\n\n\n<p>Por H\u00e9ctor Tineo Nolasco<\/p>\n\n\n\n<p>Diariodominicano.com<\/p>\n\n\n\n<p>El \u00a06 de junio de 1961, se hiri\u00f3 de muerte el m\u00e9dico Robert Reid Cabral, quien hab\u00eda sido interrogado sobre la versi\u00f3n que ten\u00eda el Servicio de Inteligencia Militar\u00a0 (SIM), de que el m\u00e9dico hab\u00eda dado  refugio a varios de los participantes en el complot contra el dictador Trujillo, incluidos Juan Tom\u00e1s D\u00edaz, Antonio De la Maza y Salvador Estrella Sahdal\u00e1.<\/p>\n\n\n\n<p>\u00a0\u00a0\u00a0\u00a0\u00a0 El doctor Robert Reid Cabral hab\u00eda dicho en los interrogatorios que cerca de la medianoche del 30 de mayo de 1961, sinti\u00f3 que tocaron su puerta y baj\u00f3 las escaleras y pregunt\u00f3: \u00bfQui\u00e9n es? Y le respondi\u00f3 su colega el doctor Marcelino V\u00e9lez Santana, quien le manifest\u00f3 que llevaba un ni\u00f1o muy \u00a0enfermo.<\/p>\n\n\n\n<p>&nbsp;&nbsp;&nbsp;&nbsp;&nbsp;&nbsp; Precis\u00f3 que cuando abri\u00f3 la puerta, Juan Tom\u00e1s D\u00edaz, Antonio De la Maza, Salvador Estrella Sahdal\u00e1 y el doctor Marcelino V\u00e9lez Santana, se precipitaron hacia &nbsp;adentro y pidieron que los escondiera.<\/p>\n\n\n\n<p>\u00a0\u00a0\u00a0\u00a0\u00a0 <strong>Durante los interrogatorios el doctor Marcelino V\u00e9lez Santana, declar\u00f3 que tan pronto el doctor\u00a0 Robert Reid Cabral se enter\u00f3 de la muerte General\u00edsimo Trujillo, pidi\u00f3 al grupo que se fuera de su casa, pero Juan Tom\u00e1s D\u00edaz le dijo al doctor Robert Reid Cabral que ahora el m\u00e9dico era un c\u00f3mplice y que si dec\u00eda algo, su esposa y su hijo morir\u00edan.<\/strong><\/p>\n\n\n\n<p>&nbsp;&nbsp;&nbsp; El doctor&nbsp; Marcelino&nbsp; V\u00e9lez Santana declar\u00f3 que fue a buscar&nbsp; un carro porque si no lo hac\u00eda sab\u00eda que la familia Reid-Fern\u00e1ndez ser\u00eda la v\u00edctima.<\/p>\n\n\n\n<p>&nbsp;&nbsp;&nbsp;&nbsp;&nbsp; A pesar de que el doctor Robert Reid Cabral dijo a los agentes del SIM que durante los cinco d\u00edas que permanecieron en su casa los cuatro hombres&nbsp; estuvo aterrorizado, no pareci\u00f3 convencer a los investigadores.<\/p>\n\n\n\n<p>&nbsp;&nbsp;&nbsp; El d\u00eda 6 de junio, a las 8 de la ma\u00f1ana, el doctor Robert Reid Cabral, de 32 a\u00f1os, fue a su cuarto de ba\u00f1o y permaneci\u00f3 all\u00ed un rato. <strong>Bernard Diederich da la versi\u00f3n de que la esposa del m\u00e9dico, Ligia Fern\u00e1ndez de Reid se alarm\u00f3, y le pidi\u00f3 a su cu\u00f1ado William Reid Cabral que fuera a ver lo que hab\u00eda ocurrido.<\/strong><\/p>\n\n\n\n<p>&nbsp;&nbsp;&nbsp;&nbsp; William &nbsp;forz\u00f3 la puerta del cuarto de ba\u00f1o. Su hermano yac\u00eda inconsciente, en el piso, en un charco de sangre. Estaba sangrando profusamente de unos cortes que se hab\u00eda hecho en ambas mu\u00f1ecas y en ambos lados del cuello, en la arteria car\u00f3tida.<\/p>\n\n\n\n<p>&nbsp;&nbsp;&nbsp;&nbsp;&nbsp; El doctor Robert Reid Cabral fue tratado r\u00e1pidamente y llevado con&nbsp; toda prisa a la&nbsp; cl\u00ednica G\u00f3mez Patillo. \u201cAh\u00ed unos 20 m\u00e9dicos, los mejores cirujanos de la ciudad, trataron sus cuatro incisiones de&nbsp; navaja.<\/p>\n\n\n\n<p>Corri\u00f3 la versi\u00f3n de que Ramfis Trujillo le dio instrucciones de que no escatimaran esfuerzos por salvar la vida del popular&nbsp; y joven m\u00e9dico. Se le hicieron transfusiones de sangre.<\/p>\n\n\n\n<p>&nbsp;&nbsp;&nbsp; Las personas que ten\u00edan el mismo tipo de sangre respondieron prestas al llamado para hacer donativos. Parec\u00eda que iba a reaccionar. Pero a mitad de la ma\u00f1ana&nbsp; cay\u00f3 en estado de inconsciencia.<\/p>\n\n\n\n<p>&nbsp;A las 5:30 de la tarde, nueve horas despu\u00e9s del intento de suicidio, el&nbsp; joven doctor Robert Reid Cabral falleci\u00f3.<\/p>\n\n\n\n<p>&nbsp;&nbsp;&nbsp;&nbsp;&nbsp; Los restos del doctor Robert Reid Cabral fueron sepultados al d\u00eda siguiente,&nbsp; el 7 de junio, en una ceremonia que&nbsp; reuni\u00f3 a centenares de ciudadanos.<\/p>\n\n\n\n<p>&nbsp;&nbsp;&nbsp; El hospital Infantil Robert Reid Cabral honra su memoria.<\/p>\n\n\n\n<p>&nbsp;&nbsp;&nbsp;&nbsp; La muerte del&nbsp; doctor Robert Reid Cabral, como las de Tomasito&nbsp; D\u00edaz&nbsp; y Pirolo De la Maza, ocurridas el d\u00eda 6 de junio de 1961, se sumaron a las que se produjeron&nbsp; luego del asesinato del dictador Rafael Le\u00f3nidas Trujillo Molina, la noche del 30 de mayo de 1961.<\/p>\n\n\n\n<p>&nbsp;&nbsp;&nbsp;&nbsp; El 5 de Junio de 1961 fue un d\u00eda de terror contra los amigos y familiares de los conjurados.<\/p>\n\n\n\n<p>&nbsp;&nbsp;&nbsp;&nbsp; La noche del 4 de junio agentes del SIM mataron a balazos a Juan Tom\u00e1s D\u00edaz y al se\u00f1or Antonio De la Maza, las dos principales figuras del complot que termin\u00f3 con la vida del dictador Trujillo, la noche del 30 de Mayo de 1961.<\/p>\n\n\n\n<p>&nbsp;&nbsp;&nbsp; Juan Tom\u00e1s D\u00edaz&nbsp; y Antonio De la Maza,&nbsp; al&nbsp; ser muertos el 4 de junio de 1961 por agentes del SIM, se agregaron al n\u00famero de ejecuciones que comenzaron el mismo d\u00eda 31, menos de 24 horas despu\u00e9s de conocerse la muerte de Trujillo.<\/p>\n\n\n\n<p>&nbsp;&nbsp;&nbsp;&nbsp;&nbsp; El mismo d\u00eda 31 de mayo, el d\u00eda siguiente del hecho, los torturadores mataron en La Vega,&nbsp; a Mario de La Maza.<\/p>\n\n\n\n<p>\u00a0\u00a0\u00a0\u00a0 En la zona de La Victoria, agentes del Servicio de Inteligencia\u00a0 Militar (SIM), mataron a balazos a Segundo Imbert y al doctor Rafael Augusto S\u00e1nchez.<\/p>\n\n\n\n<p>&nbsp;&nbsp;&nbsp; Los dos estaban presos en el Penal de La Victoria y fueron sacados en horas de la noche&nbsp; para ser ejecutados.<\/p>\n\n\n\n<p>&nbsp;&nbsp;&nbsp;&nbsp; El d\u00eda 2 de Junio los agentes del&nbsp; SIM mataron al teniente Amado Garc\u00eda Guerrero, al localizarlo en la residencia de una t\u00eda en la calle San Mart\u00edn n\u00famero 59.<\/p>\n\n\n\n<p>&nbsp;&nbsp;&nbsp; El 3 de junio de 1961, continu\u00f3 la represi\u00f3n en el pa\u00eds y el Servicio de Inteligencia Militar (SIM) intensific\u00f3 la persecuci\u00f3n&nbsp; contra&nbsp; el grupo de ciudadanos que participaron&nbsp; en el asesinato del dictador Rafael Le\u00f3nidas&nbsp; Trujillo Molina, la noche del 31 de Mayo de 1961.<\/p>\n\n\n\n<p>&nbsp;&nbsp;&nbsp; El 3 de Junio de 1961, se conoci\u00f3 la versi\u00f3n de la muerte del se\u00f1or Ismael Estrella N\u00fa\u00f1ez, hermano de Salvador Estrella Sahdal\u00e1. En la ocasi\u00f3n se indic\u00f3 que el se\u00f1or Estrella se ahorc\u00f3 por las presiones sicol\u00f3gicas que sufri\u00f3 de parte de los organismos de represi\u00f3n.<\/p>\n\n\n\n<p>&nbsp;&nbsp;&nbsp; Sin embargo, su familia recibi\u00f3 la versi\u00f3n de que fue ahorcado en el Palacio de la Polic\u00eda Nacional, donde era investigado en torno al complot que culmin\u00f3 con la muerte del dictador Trujillo.<\/p>\n\n\n\n<p>&nbsp;&nbsp; La aclaraci\u00f3n la hizo su hijo Juan Reynoso Estrella, al relatar el hecho, quien dijo que la familia recibi\u00f3 el cad\u00e1ver y se le advirti\u00f3 que deb\u00eda sepultarlo de inmediato.<\/p>\n\n\n\n<p>&nbsp;&nbsp; Los restos de Ismael Estrella fueron sepultados en el Cementerio de la avenida M\u00e1ximo G\u00f3mez, en la ciudad de Santo Domingo.<\/p>\n","protected":false},"excerpt":{"rendered":"<p>Una imagen de la Familia Reid Cabral. Durante los interrogatorios el doctor Marcelino V\u00e9lez Santana, declar\u00f3 que tan pronto el doctor&nbsp; Robert Reid Cabral se enter\u00f3 de la muerte General\u00edsimo Trujillo, pidi\u00f3 al grupo que se fuera de su casa, pero Juan Tom\u00e1s D\u00edaz le dijo al doctor Robert Reid Cabral que ahora \u00e9l era [&hellip;]<\/p>\n","protected":false},"author":28,"featured_media":359682,"comment_status":"closed","ping_status":"","sticky":true,"template":"","format":"standard","meta":{"footnotes":""},"categories":[26,27],"tags":[],"class_list":["post-359681","post","type-post","status-publish","format-standard","has-post-thumbnail","hentry","category-efemerides","category-portada"],"_links":{"self":[{"href":"https:\/\/diariodominicano.com\/index.php?rest_route=\/wp\/v2\/posts\/359681","targetHints":{"allow":["GET"]}}],"collection":[{"href":"https:\/\/diariodominicano.com\/index.php?rest_route=\/wp\/v2\/posts"}],"about":[{"href":"https:\/\/diariodominicano.com\/index.php?rest_route=\/wp\/v2\/types\/post"}],"author":[{"embeddable":true,"href":"https:\/\/diariodominicano.com\/index.php?rest_route=\/wp\/v2\/users\/28"}],"replies":[{"embeddable":true,"href":"https:\/\/diariodominicano.com\/index.php?rest_route=%2Fwp%2Fv2%2Fcomments&post=359681"}],"version-history":[{"count":4,"href":"https:\/\/diariodominicano.com\/index.php?rest_route=\/wp\/v2\/posts\/359681\/revisions"}],"predecessor-version":[{"id":359730,"href":"https:\/\/diariodominicano.com\/index.php?rest_route=\/wp\/v2\/posts\/359681\/revisions\/359730"}],"wp:featuredmedia":[{"embeddable":true,"href":"https:\/\/diariodominicano.com\/index.php?rest_route=\/wp\/v2\/media\/359682"}],"wp:attachment":[{"href":"https:\/\/diariodominicano.com\/index.php?rest_route=%2Fwp%2Fv2%2Fmedia&parent=359681"}],"wp:term":[{"taxonomy":"category","embeddable":true,"href":"https:\/\/diariodominicano.com\/index.php?rest_route=%2Fwp%2Fv2%2Fcategories&post=359681"},{"taxonomy":"post_tag","embeddable":true,"href":"https:\/\/diariodominicano.com\/index.php?rest_route=%2Fwp%2Fv2%2Ftags&post=359681"}],"curies":[{"name":"wp","href":"https:\/\/api.w.org\/{rel}","templated":true}]}}