{"id":359678,"date":"2022-06-06T00:05:11","date_gmt":"2022-06-06T04:05:11","guid":{"rendered":"http:\/\/diariodominicano.com\/?p=359678"},"modified":"2022-06-06T00:09:20","modified_gmt":"2022-06-06T04:09:20","slug":"agentes-torturadores-del-sim-asesinaron-a-tomasito-diaz-y-a-pirolo-de-la-maza","status":"publish","type":"post","link":"https:\/\/diariodominicano.com\/?p=359678","title":{"rendered":"Agentes torturadores del SIM asesinaron a Tomasito D\u00edaz y a Pirolo De la Maza"},"content":{"rendered":"\n<p><\/p>\n\n\n\n<p>&nbsp;&nbsp;&nbsp; SANTO DOMINGO, el 6 de junio de 1961, agentes&nbsp; del&nbsp; Servicio de Inteligencia Militar&nbsp; (SIM), asesinaron en la c\u00e1rcel del kil\u00f3metro 9, carretera Mella, en la Zona Este de Santo Domingo, a Tomasito D\u00edaz y a Pirolo De la Maza, miembros de las familias de Juan Tom\u00e1s D\u00edaz y Antonio De la Maza, organizadores del plan que culmin\u00f3 con la eliminaci\u00f3n&nbsp; f\u00edsica&nbsp; del dictador Rafael Le\u00f3nidas Trujillo Molina.<\/p>\n\n\n\n<p>&nbsp;&nbsp;&nbsp; Tomasito D\u00edaz y Pirolo De la Maza, sufrieron m\u00faltiples torturas de los agentes de represi\u00f3n del SIM, que trataban de sacarles informaciones&nbsp; del plan que termin\u00f3 con la vida del dictador Trujillo.&nbsp; El 6 de junio de 1961 fueron muertos a balazos.<\/p>\n\n\n\n<p>&nbsp;&nbsp; Una versi\u00f3n publicada por el periodista brit\u00e1nico Bernard Diederich indica que Pirolo De la Maza fue sacado de su celda a media noche del martes 6 de junio y lo balearon.<\/p>\n\n\n\n<p>&nbsp;&nbsp;&nbsp; En el momento que lo ejecutaron las heridas causadas &nbsp;por los golpes y latigazos que sufri\u00f3 estaban infectadas.<\/p>\n","protected":false},"excerpt":{"rendered":"<p>&nbsp;&nbsp;&nbsp; SANTO DOMINGO, el 6 de junio de 1961, agentes&nbsp; del&nbsp; Servicio de Inteligencia Militar&nbsp; (SIM), asesinaron en la c\u00e1rcel del kil\u00f3metro 9, carretera Mella, en la Zona Este de Santo Domingo, a Tomasito D\u00edaz y a Pirolo De la Maza, miembros de las familias de Juan Tom\u00e1s D\u00edaz y Antonio De la Maza, organizadores [&hellip;]<\/p>\n","protected":false},"author":28,"featured_media":358245,"comment_status":"closed","ping_status":"","sticky":true,"template":"","format":"standard","meta":{"footnotes":""},"categories":[26,27],"tags":[],"class_list":["post-359678","post","type-post","status-publish","format-standard","has-post-thumbnail","hentry","category-efemerides","category-portada"],"_links":{"self":[{"href":"https:\/\/diariodominicano.com\/index.php?rest_route=\/wp\/v2\/posts\/359678","targetHints":{"allow":["GET"]}}],"collection":[{"href":"https:\/\/diariodominicano.com\/index.php?rest_route=\/wp\/v2\/posts"}],"about":[{"href":"https:\/\/diariodominicano.com\/index.php?rest_route=\/wp\/v2\/types\/post"}],"author":[{"embeddable":true,"href":"https:\/\/diariodominicano.com\/index.php?rest_route=\/wp\/v2\/users\/28"}],"replies":[{"embeddable":true,"href":"https:\/\/diariodominicano.com\/index.php?rest_route=%2Fwp%2Fv2%2Fcomments&post=359678"}],"version-history":[{"count":2,"href":"https:\/\/diariodominicano.com\/index.php?rest_route=\/wp\/v2\/posts\/359678\/revisions"}],"predecessor-version":[{"id":359680,"href":"https:\/\/diariodominicano.com\/index.php?rest_route=\/wp\/v2\/posts\/359678\/revisions\/359680"}],"wp:featuredmedia":[{"embeddable":true,"href":"https:\/\/diariodominicano.com\/index.php?rest_route=\/wp\/v2\/media\/358245"}],"wp:attachment":[{"href":"https:\/\/diariodominicano.com\/index.php?rest_route=%2Fwp%2Fv2%2Fmedia&parent=359678"}],"wp:term":[{"taxonomy":"category","embeddable":true,"href":"https:\/\/diariodominicano.com\/index.php?rest_route=%2Fwp%2Fv2%2Fcategories&post=359678"},{"taxonomy":"post_tag","embeddable":true,"href":"https:\/\/diariodominicano.com\/index.php?rest_route=%2Fwp%2Fv2%2Ftags&post=359678"}],"curies":[{"name":"wp","href":"https:\/\/api.w.org\/{rel}","templated":true}]}}