{"id":359385,"date":"2022-06-04T23:29:51","date_gmt":"2022-06-05T03:29:51","guid":{"rendered":"http:\/\/diariodominicano.com\/?p=359385"},"modified":"2022-06-04T23:32:56","modified_gmt":"2022-06-05T03:32:56","slug":"fuerzas-armadas-ofrecen-recompensa-a-sus-miembros-que-localicen-a-imbert-barreras-y-a-luis-amiama-tio","status":"publish","type":"post","link":"https:\/\/diariodominicano.com\/?p=359385","title":{"rendered":"Fuerzas Armadas ofrecen recompensa a sus miembros que localicen a\u00a0 Imbert Barreras y a  Luis  Amiama Ti\u00f3"},"content":{"rendered":"\n<p><strong>Allanan  decenas de viviendas <\/strong><\/p>\n\n\n\n<p><strong>SANTO DOMINGO, el 5 de junio de 1961<\/strong>, agentes del Servicio de Inteligencia Militar (SIM), allanaron decenas de viviendas en busca de los participantes en el complot que culmin\u00f3 con la eliminaci\u00f3n f\u00edsica del dictador Rafael Le\u00f3nidas Trujillo Molina.<\/p>\n\n\n\n<p>&nbsp;&nbsp; El 5 de junio de 1961, las Fuerzas Armadas, ofrecieron una recompensa a los miembros que localizaran a los ciudadanos Antonio Imbert Barreras y Luis Amiama Ti\u00f3.<\/p>\n\n\n\n<p>&nbsp;&nbsp; Tambi\u00e9n se colocaron en las culatas de los fusiles de los militares, fotograf\u00edas de Antonio Imbert Barreras y Luis Amiama Ti\u00f3.<\/p>\n\n\n\n<p>El d\u00eda anterior sigui\u00f3 la represi\u00f3n en el pa\u00eds y agentes del Servicio de Inteligencia Militar (SIM) mataron a Juan Tom\u00e1s D\u00edaz y a Antonio De la Maza.<\/p>\n\n\n\n<p>&nbsp;&nbsp;&nbsp;&nbsp;&nbsp; El mismo d\u00eda 31 de mayo, el d\u00eda siguiente a la muerte del dictador, los torturadores mataron en La Vega,&nbsp; a Mario de La Maza.<\/p>\n\n\n\n<p>&nbsp;&nbsp;&nbsp; En&nbsp; la zona de La Victoria, agentes del Servicio de Inteligencia&nbsp; Militar (SIM) mataron a balazos a Segundo Imbert y a Rafael Augusto S\u00e1nchez.<\/p>\n\n\n\n<p>&nbsp;&nbsp;&nbsp; Los dos estaban presos en el Penal de La Victoria y fueron sacados en horas de la noche&nbsp; para ser ejecutados.<\/p>\n\n\n\n<p>&nbsp;&nbsp;&nbsp;&nbsp; El d\u00eda 2 de junio los agentes del SIM mataron al teniente Amado Garc\u00eda Guerrero, al localizarlo en la residencia de una t\u00eda en la calle San Mart\u00edn n\u00famero 59.<\/p>\n\n\n\n<p>&nbsp;&nbsp; El 3 de junio de 1961, continu\u00f3 la represi\u00f3n en Rep\u00fablica Dominicana, y el Servicio de Inteligencia Militar (SIM) intensific\u00f3 la persecuci\u00f3n contra el grupo de ciudadanos que participaron en el asesinato del dictador Rafael Le\u00f3nidas Trujillo Molina, la noche del 31 de mayo de 1961.<\/p>\n\n\n\n<p>&nbsp;&nbsp;&nbsp; El 3 de Junio de 1961, se conoci\u00f3 la versi\u00f3n de la muerte de Ismael Estrella N\u00fa\u00f1ez, hermano de Salvador Estrella Sahdal\u00e1. En la ocasi\u00f3n se indic\u00f3 que el se\u00f1or Estrella se ahorc\u00f3 por las presiones sicol\u00f3gicas que sufri\u00f3 de parte de los agentes de la&nbsp; represi\u00f3n.<\/p>\n\n\n\n<p>&nbsp;&nbsp;&nbsp; Sin embargo, su familia recibi\u00f3 la versi\u00f3n de que fue ahorcado en el Palacio de la Polic\u00eda Nacional, donde era investigado en torno al complot que culmin\u00f3 con la muerte del dictador Trujillo.<\/p>\n","protected":false},"excerpt":{"rendered":"<p>Allanan decenas de viviendas SANTO DOMINGO, el 5 de junio de 1961, agentes del Servicio de Inteligencia Militar (SIM), allanaron decenas de viviendas en busca de los participantes en el complot que culmin\u00f3 con la eliminaci\u00f3n f\u00edsica del dictador Rafael Le\u00f3nidas Trujillo Molina. &nbsp;&nbsp; El 5 de junio de 1961, las Fuerzas Armadas, ofrecieron una [&hellip;]<\/p>\n","protected":false},"author":28,"featured_media":279628,"comment_status":"closed","ping_status":"","sticky":true,"template":"","format":"standard","meta":{"footnotes":""},"categories":[26,27],"tags":[],"class_list":["post-359385","post","type-post","status-publish","format-standard","has-post-thumbnail","hentry","category-efemerides","category-portada"],"_links":{"self":[{"href":"https:\/\/diariodominicano.com\/index.php?rest_route=\/wp\/v2\/posts\/359385","targetHints":{"allow":["GET"]}}],"collection":[{"href":"https:\/\/diariodominicano.com\/index.php?rest_route=\/wp\/v2\/posts"}],"about":[{"href":"https:\/\/diariodominicano.com\/index.php?rest_route=\/wp\/v2\/types\/post"}],"author":[{"embeddable":true,"href":"https:\/\/diariodominicano.com\/index.php?rest_route=\/wp\/v2\/users\/28"}],"replies":[{"embeddable":true,"href":"https:\/\/diariodominicano.com\/index.php?rest_route=%2Fwp%2Fv2%2Fcomments&post=359385"}],"version-history":[{"count":3,"href":"https:\/\/diariodominicano.com\/index.php?rest_route=\/wp\/v2\/posts\/359385\/revisions"}],"predecessor-version":[{"id":359388,"href":"https:\/\/diariodominicano.com\/index.php?rest_route=\/wp\/v2\/posts\/359385\/revisions\/359388"}],"wp:featuredmedia":[{"embeddable":true,"href":"https:\/\/diariodominicano.com\/index.php?rest_route=\/wp\/v2\/media\/279628"}],"wp:attachment":[{"href":"https:\/\/diariodominicano.com\/index.php?rest_route=%2Fwp%2Fv2%2Fmedia&parent=359385"}],"wp:term":[{"taxonomy":"category","embeddable":true,"href":"https:\/\/diariodominicano.com\/index.php?rest_route=%2Fwp%2Fv2%2Fcategories&post=359385"},{"taxonomy":"post_tag","embeddable":true,"href":"https:\/\/diariodominicano.com\/index.php?rest_route=%2Fwp%2Fv2%2Ftags&post=359385"}],"curies":[{"name":"wp","href":"https:\/\/api.w.org\/{rel}","templated":true}]}}