{"id":359382,"date":"2022-06-04T23:25:34","date_gmt":"2022-06-05T03:25:34","guid":{"rendered":"http:\/\/diariodominicano.com\/?p=359382"},"modified":"2022-06-04T23:25:34","modified_gmt":"2022-06-05T03:25:34","slug":"asociacion-de-jovenes-rechaza-transaccion-con-estados-unidos-2","status":"publish","type":"post","link":"https:\/\/diariodominicano.com\/?p=359382","title":{"rendered":"Asociaci\u00f3n\u00a0 de J\u00f3venes\u00a0 rechaza transacci\u00f3n con Estados Unidos"},"content":{"rendered":"\n<p>El doctor Viriato Fiallo saluda<\/p>\n\n\n\n<p><\/p>\n\n\n\n<p>SANTO DOMINGO, el 5 de junio de 1922, el Comit\u00e9 Ejecutivo de la Asociaci\u00f3n de J\u00f3venes Independientes expres\u00f3 su condena a cualquier transacci\u00f3n con Estados Unidos que afecte la soberan\u00eda de la Rep\u00fablica Dominicana.<\/p>\n\n\n\n<p>&nbsp;&nbsp;&nbsp; La declaraci\u00f3n de los j\u00f3venes independientes se produjo en el momento en que Rep\u00fablica Dominicana segu\u00eda intervenida por militares de Estados Unidos, y se llevaban a cabo negociaciones en Washington, en procura de un acuerdo para desocupar la Rep\u00fablica Dominicana.<\/p>\n\n\n\n<p>&nbsp;&nbsp; El documento dado a conocer por el Comit\u00e9 Ejecutivo de la Asociaci\u00f3n de J\u00f3venes Independientes, el 5 de Junio de 1922, lo firmaron&nbsp; Manuel Pat\u00edn Maceo, Viriato Fiallo, J. Rafael Bordas,&nbsp; Max R.&nbsp; Garrido, Manuel G\u00edl Mart\u00ednez y Conrado S\u00e1nchez.<\/p>\n","protected":false},"excerpt":{"rendered":"<p>El doctor Viriato Fiallo saluda SANTO DOMINGO, el 5 de junio de 1922, el Comit\u00e9 Ejecutivo de la Asociaci\u00f3n de J\u00f3venes Independientes expres\u00f3 su condena a cualquier transacci\u00f3n con Estados Unidos que afecte la soberan\u00eda de la Rep\u00fablica Dominicana. &nbsp;&nbsp;&nbsp; La declaraci\u00f3n de los j\u00f3venes independientes se produjo en el momento en que Rep\u00fablica Dominicana [&hellip;]<\/p>\n","protected":false},"author":28,"featured_media":359383,"comment_status":"closed","ping_status":"","sticky":true,"template":"","format":"standard","meta":{"footnotes":""},"categories":[26,27],"tags":[],"class_list":["post-359382","post","type-post","status-publish","format-standard","has-post-thumbnail","hentry","category-efemerides","category-portada"],"_links":{"self":[{"href":"https:\/\/diariodominicano.com\/index.php?rest_route=\/wp\/v2\/posts\/359382","targetHints":{"allow":["GET"]}}],"collection":[{"href":"https:\/\/diariodominicano.com\/index.php?rest_route=\/wp\/v2\/posts"}],"about":[{"href":"https:\/\/diariodominicano.com\/index.php?rest_route=\/wp\/v2\/types\/post"}],"author":[{"embeddable":true,"href":"https:\/\/diariodominicano.com\/index.php?rest_route=\/wp\/v2\/users\/28"}],"replies":[{"embeddable":true,"href":"https:\/\/diariodominicano.com\/index.php?rest_route=%2Fwp%2Fv2%2Fcomments&post=359382"}],"version-history":[{"count":1,"href":"https:\/\/diariodominicano.com\/index.php?rest_route=\/wp\/v2\/posts\/359382\/revisions"}],"predecessor-version":[{"id":359384,"href":"https:\/\/diariodominicano.com\/index.php?rest_route=\/wp\/v2\/posts\/359382\/revisions\/359384"}],"wp:featuredmedia":[{"embeddable":true,"href":"https:\/\/diariodominicano.com\/index.php?rest_route=\/wp\/v2\/media\/359383"}],"wp:attachment":[{"href":"https:\/\/diariodominicano.com\/index.php?rest_route=%2Fwp%2Fv2%2Fmedia&parent=359382"}],"wp:term":[{"taxonomy":"category","embeddable":true,"href":"https:\/\/diariodominicano.com\/index.php?rest_route=%2Fwp%2Fv2%2Fcategories&post=359382"},{"taxonomy":"post_tag","embeddable":true,"href":"https:\/\/diariodominicano.com\/index.php?rest_route=%2Fwp%2Fv2%2Ftags&post=359382"}],"curies":[{"name":"wp","href":"https:\/\/api.w.org\/{rel}","templated":true}]}}