{"id":359256,"date":"2022-06-04T15:34:24","date_gmt":"2022-06-04T19:34:24","guid":{"rendered":"http:\/\/diariodominicano.com\/?p=359256"},"modified":"2022-06-04T17:16:56","modified_gmt":"2022-06-04T21:16:56","slug":"ofician-misa-por-158-aniversario-del-fallecimiento-patricio-matias-ramon-mella","status":"publish","type":"post","link":"https:\/\/diariodominicano.com\/?p=359256","title":{"rendered":"Ofician misa por 158 Aniversario del fallecimiento Patricio Mat\u00edas Ram\u00f3n Mella"},"content":{"rendered":"\n<p>\u00a0El Di\u00e1cono Coronel El\u00edas Caama\u00f1o, ERD., tuvo a su cargo la homil\u00eda.<\/p>\n\n\n\n<figure class=\"wp-block-image size-large\"><img loading=\"lazy\" decoding=\"async\" width=\"1024\" height=\"681\" src=\"https:\/\/diariodominicano.com\/wp-content\/uploads\/2022\/06\/WhatsApp-Image-2022-06-04-at-2.09.15-PM-1024x681.jpeg\" alt=\"\" class=\"wp-image-359259\" srcset=\"https:\/\/diariodominicano.com\/wp-content\/uploads\/2022\/06\/WhatsApp-Image-2022-06-04-at-2.09.15-PM-1024x681.jpeg 1024w, https:\/\/diariodominicano.com\/wp-content\/uploads\/2022\/06\/WhatsApp-Image-2022-06-04-at-2.09.15-PM-300x199.jpeg 300w, https:\/\/diariodominicano.com\/wp-content\/uploads\/2022\/06\/WhatsApp-Image-2022-06-04-at-2.09.15-PM-768x511.jpeg 768w, https:\/\/diariodominicano.com\/wp-content\/uploads\/2022\/06\/WhatsApp-Image-2022-06-04-at-2.09.15-PM-816x543.jpeg 816w, https:\/\/diariodominicano.com\/wp-content\/uploads\/2022\/06\/WhatsApp-Image-2022-06-04-at-2.09.15-PM.jpeg 1280w\" sizes=\"auto, (max-width: 1024px) 100vw, 1024px\" \/><\/figure>\n\n\n\n<p>SANTO DOMINGO, RD, 4 de junio de  2022.-Con una misa el Ministerio de Defensa (MIDE), conmemor\u00f3 el 158 Aniversario del fallecimiento del Padre de la Patria Mat\u00edas Ram\u00f3n Mella, destacado militar y pol\u00edtico dominicano, uno de los Padres fundadores de la Rep\u00fablica Dominicana junto a Juan Pablo Duarte y Francisco del Rosario S\u00e1nchez que encabezaron la lucha por la independencia nacional, poniendo fin a la ocupaci\u00f3n haitiana.<\/p>\n\n\n\n<p>La eucarist\u00eda, oficiada en la parroquia Nuestra Se\u00f1ora de la Altagracia del MIDE, fue encabezada por el Director de Historia Militar del MIDE, Coronel S\u00f3crates Suazo Ruiz, ERD.&nbsp; El Di\u00e1cono Coronel El\u00edas Caama\u00f1o, ERD., tuvo a su cargo la homil\u00eda.<\/p>\n\n\n\n<figure class=\"wp-block-image size-large\"><img loading=\"lazy\" decoding=\"async\" width=\"1024\" height=\"681\" src=\"https:\/\/diariodominicano.com\/wp-content\/uploads\/2022\/06\/Socrates-Suazo-conel-ERD4-1024x681.jpeg\" alt=\"\" class=\"wp-image-359261\" srcset=\"https:\/\/diariodominicano.com\/wp-content\/uploads\/2022\/06\/Socrates-Suazo-conel-ERD4-1024x681.jpeg 1024w, https:\/\/diariodominicano.com\/wp-content\/uploads\/2022\/06\/Socrates-Suazo-conel-ERD4-300x199.jpeg 300w, https:\/\/diariodominicano.com\/wp-content\/uploads\/2022\/06\/Socrates-Suazo-conel-ERD4-768x511.jpeg 768w, https:\/\/diariodominicano.com\/wp-content\/uploads\/2022\/06\/Socrates-Suazo-conel-ERD4-816x543.jpeg 816w, https:\/\/diariodominicano.com\/wp-content\/uploads\/2022\/06\/Socrates-Suazo-conel-ERD4.jpeg 1280w\" sizes=\"auto, (max-width: 1024px) 100vw, 1024px\" \/><\/figure>\n\n\n\n<p>El Coronel S\u00f3crates Suazo Ruiz, exalt\u00f3 la figura del pr\u00f3cer Mat\u00edas Ram\u00f3n Mella, quien fue un \u201cmiembro rugiente y sacrificado\u201d, junto a otros dominicanos, de las acciones del 27 de Febrero frente a la puerta de la Misericordia donde anunciaron al mundo el alumbramiento de la Rep\u00fablica Dominicana. Suazo Ruiz tambi\u00e9n resalt\u00f3 la labor de las mujeres que trabajaron junto a Mella y Los Trinitarios, como Mar\u00eda Trinidad S\u00e1nchez, Concepci\u00f3n Bona, Juana Saltitopa, Mar\u00eda Rivas, Baltazar de los Reyes, entre otras.<\/p>\n\n\n\n<p>\u201cRam\u00f3n Mat\u00edas Mella fue un hombre decidido y leal a los sagrados intereses del pueblo dominicano, que foment\u00f3 la educaci\u00f3n de 1849.&nbsp; Particip\u00f3 decididamente en la Batallas de la Carreras con el firme prop\u00f3sito de lograr una patria libre e independiente, y como ministro de guerra fue ejemplo para toda la sociedad\u201d, expres\u00f3 Suazo Ruiz.<\/p>\n\n\n\n<figure class=\"wp-block-image size-large\"><img loading=\"lazy\" decoding=\"async\" width=\"1024\" height=\"681\" src=\"https:\/\/diariodominicano.com\/wp-content\/uploads\/2022\/06\/Cioronel-Socrates-Suazo-y-otros-en-misa-1024x681.jpeg\" alt=\"\" class=\"wp-image-359262\" srcset=\"https:\/\/diariodominicano.com\/wp-content\/uploads\/2022\/06\/Cioronel-Socrates-Suazo-y-otros-en-misa-1024x681.jpeg 1024w, https:\/\/diariodominicano.com\/wp-content\/uploads\/2022\/06\/Cioronel-Socrates-Suazo-y-otros-en-misa-300x199.jpeg 300w, https:\/\/diariodominicano.com\/wp-content\/uploads\/2022\/06\/Cioronel-Socrates-Suazo-y-otros-en-misa-768x511.jpeg 768w, https:\/\/diariodominicano.com\/wp-content\/uploads\/2022\/06\/Cioronel-Socrates-Suazo-y-otros-en-misa-816x543.jpeg 816w, https:\/\/diariodominicano.com\/wp-content\/uploads\/2022\/06\/Cioronel-Socrates-Suazo-y-otros-en-misa.jpeg 1280w\" sizes=\"auto, (max-width: 1024px) 100vw, 1024px\" \/><\/figure>\n\n\n\n<p>En la ceremonia estuvieron presente comisiones de cada una de las dependencias de las Fuerzas Armadas.<\/p>\n\n\n\n<p><strong><em>Departamento de Prensa<\/em><\/strong><\/p>\n\n\n\n<p><em><strong>Direcci\u00f3n de Asuntos Civiles del Estado Mayor Conjunto, J5<\/strong><\/em><\/p>\n\n\n\n<p><em><strong>Ministerio de Defensa de Rep\u00fablica Dominicana<\/strong><\/em><\/p>\n","protected":false},"excerpt":{"rendered":"<p>\u00a0El Di\u00e1cono Coronel El\u00edas Caama\u00f1o, ERD., tuvo a su cargo la homil\u00eda. SANTO DOMINGO, RD, 4 de junio de 2022.-Con una misa el Ministerio de Defensa (MIDE), conmemor\u00f3 el 158 Aniversario del fallecimiento del Padre de la Patria Mat\u00edas Ram\u00f3n Mella, destacado militar y pol\u00edtico dominicano, uno de los Padres fundadores de la Rep\u00fablica Dominicana [&hellip;]<\/p>\n","protected":false},"author":2,"featured_media":359257,"comment_status":"closed","ping_status":"","sticky":true,"template":"","format":"standard","meta":{"footnotes":""},"categories":[26,27],"tags":[],"class_list":["post-359256","post","type-post","status-publish","format-standard","has-post-thumbnail","hentry","category-efemerides","category-portada"],"_links":{"self":[{"href":"https:\/\/diariodominicano.com\/index.php?rest_route=\/wp\/v2\/posts\/359256","targetHints":{"allow":["GET"]}}],"collection":[{"href":"https:\/\/diariodominicano.com\/index.php?rest_route=\/wp\/v2\/posts"}],"about":[{"href":"https:\/\/diariodominicano.com\/index.php?rest_route=\/wp\/v2\/types\/post"}],"author":[{"embeddable":true,"href":"https:\/\/diariodominicano.com\/index.php?rest_route=\/wp\/v2\/users\/2"}],"replies":[{"embeddable":true,"href":"https:\/\/diariodominicano.com\/index.php?rest_route=%2Fwp%2Fv2%2Fcomments&post=359256"}],"version-history":[{"count":3,"href":"https:\/\/diariodominicano.com\/index.php?rest_route=\/wp\/v2\/posts\/359256\/revisions"}],"predecessor-version":[{"id":359287,"href":"https:\/\/diariodominicano.com\/index.php?rest_route=\/wp\/v2\/posts\/359256\/revisions\/359287"}],"wp:featuredmedia":[{"embeddable":true,"href":"https:\/\/diariodominicano.com\/index.php?rest_route=\/wp\/v2\/media\/359257"}],"wp:attachment":[{"href":"https:\/\/diariodominicano.com\/index.php?rest_route=%2Fwp%2Fv2%2Fmedia&parent=359256"}],"wp:term":[{"taxonomy":"category","embeddable":true,"href":"https:\/\/diariodominicano.com\/index.php?rest_route=%2Fwp%2Fv2%2Fcategories&post=359256"},{"taxonomy":"post_tag","embeddable":true,"href":"https:\/\/diariodominicano.com\/index.php?rest_route=%2Fwp%2Fv2%2Ftags&post=359256"}],"curies":[{"name":"wp","href":"https:\/\/api.w.org\/{rel}","templated":true}]}}