{"id":359213,"date":"2022-06-04T00:14:07","date_gmt":"2022-06-04T04:14:07","guid":{"rendered":"http:\/\/diariodominicano.com\/?p=359213"},"modified":"2022-06-04T14:34:45","modified_gmt":"2022-06-04T18:34:45","slug":"ramfis-trujillo-ordeno-arresto-del-general-pupo-roman","status":"publish","type":"post","link":"https:\/\/diariodominicano.com\/?p=359213","title":{"rendered":"Ramfis Trujillo orden\u00f3 arresto del general Pupo Rom\u00e1n"},"content":{"rendered":"\n<p> El Jefe del Estado Mayor Conjunto, general Rafael Le\u00f3nidas -Ramfis- Trujillo Mart\u00ednez. <\/p>\n\n\n\n<figure class=\"wp-block-image size-full\"><img loading=\"lazy\" decoding=\"async\" width=\"209\" height=\"241\" src=\"https:\/\/diariodominicano.com\/wp-content\/uploads\/2022\/06\/Pupo-Roman-4-2.jpg\" alt=\"\" class=\"wp-image-359216\"\/><figcaption> El secretario de las Fuerzas Armadas,&nbsp; general&nbsp; Jos\u00e9&nbsp; Ren\u00e9 \u2013Pupo- Rom\u00e1n Fern\u00e1ndez. <\/figcaption><\/figure>\n\n\n\n<p>&nbsp;&nbsp;&nbsp;&nbsp;Por H\u00e9ctor Tineo Nolasco<\/p>\n\n\n\n<p>Diariodominicano.com<\/p>\n\n\n\n<p>SANTO DOMINGO, el&nbsp; 4 de junio de 1961, el Jefe del Estado Mayor Conjunto, general Rafael Le\u00f3nidas Trujillo Mart\u00ednez, orden\u00f3 el arresto del secretario de las Fuerzas Armadas,&nbsp; general&nbsp; Jos\u00e9&nbsp; Ren\u00e9 \u2013Pupo- Rom\u00e1n Fern\u00e1ndez.<\/p>\n\n\n\n<p>&nbsp;&nbsp;&nbsp;&nbsp; &nbsp;&nbsp;&nbsp;&nbsp; Ramfis Trujillo instruy\u00f3 a su t\u00edo Luis -Nene- Trujillo, para que invitara a Pupo Rom\u00e1n a presentarse en el despacho del Jefe del Estado Mayor &nbsp;Conjunto, en la Fuerza A\u00e9rea Dominicana.<\/p>\n\n\n\n<div class=\"wp-block-image\"><figure class=\"alignright size-full\"><img loading=\"lazy\" decoding=\"async\" width=\"420\" height=\"301\" src=\"https:\/\/diariodominicano.com\/wp-content\/uploads\/2022\/06\/General-Pupo-Roman-cuando-es-conducido-al-despacho-del-generl-Ramfis-Trujillo.png\" alt=\"\" class=\"wp-image-359248\" srcset=\"https:\/\/diariodominicano.com\/wp-content\/uploads\/2022\/06\/General-Pupo-Roman-cuando-es-conducido-al-despacho-del-generl-Ramfis-Trujillo.png 420w, https:\/\/diariodominicano.com\/wp-content\/uploads\/2022\/06\/General-Pupo-Roman-cuando-es-conducido-al-despacho-del-generl-Ramfis-Trujillo-300x215.png 300w\" sizes=\"auto, (max-width: 420px) 100vw, 420px\" \/><figcaption>General Pupo Rom\u00e1n cuando es conducido al despacho del general Ramfis Trujillo<\/figcaption><\/figure><\/div>\n\n\n\n<p>Al llegar fue arrestado con su chofer Garc\u00eda, y su hijo Jos\u00e9 Ren\u00e9. Fue desarmado y ver\u00eda a su padre por \u00faltima vez, ya que Pupo Rom\u00e1n, ser\u00eda sometido a m\u00faltiples torturas hasta provocar su muerte.<\/p>\n\n\n\n<p>&nbsp;&nbsp;&nbsp; &nbsp;&nbsp;&nbsp;&nbsp;&nbsp; Ramfis hab\u00eda establecido que el alto jefe militar, esposo de una sobrina de Trujillo, estaba involucrado en el plan que culmin\u00f3 con la eliminaci\u00f3n&nbsp; f\u00edsica del dictador.<\/p>\n\n\n\n<p>&nbsp;&nbsp; &nbsp;&nbsp;&nbsp;&nbsp;&nbsp;&nbsp; En el momento que se&nbsp; ejecutaba la medida, los presos eran sometidos a torturas en la c\u00e1rcel del 9 y en los lugares escogidos por los hombres del SIM.<\/p>\n\n\n\n<p>&nbsp;&nbsp;&nbsp; &nbsp;&nbsp;&nbsp;&nbsp;&nbsp; Juan Tom\u00e1s D\u00edaz&nbsp; y Antonio De la Maza,&nbsp; al&nbsp; ser muertos el 4 de junio de 1961 por agentes del SIM, se agregaron al n\u00famero de ejecuciones que comenzaron el&nbsp; d\u00eda 31 de Mayo, menos de 24 horas despu\u00e9s de conocerse la muerte de Trujillo.<\/p>\n\n\n\n<p>&nbsp;&nbsp;&nbsp;&nbsp;&nbsp; El mismo d\u00eda 31 de mayo, el d\u00eda siguiente a la muerte del dictador, los torturadores mataron en La Vega,&nbsp; a Mario de La Maza.<\/p>\n\n\n\n<p>&nbsp;&nbsp;&nbsp; En&nbsp; la zona de La Victoria, agentes del Servicio de Inteligencia&nbsp; Militar (SIM) mataron a balazos a Segundo Imbert y a Rafael Augusto S\u00e1nchez.<\/p>\n\n\n\n<p>&nbsp;&nbsp;&nbsp; Los dos estaban presos en el Penal de La Victoria y fueron sacados en horas de la noche&nbsp; para ser ejecutados.<\/p>\n\n\n\n<p>&nbsp;&nbsp;&nbsp;&nbsp; El d\u00eda 2 de Junio los agentes del&nbsp; SIM mataron al teniente Amado Garc\u00eda Guerrero, al localizarlo en la residencia de una t\u00eda en la calle San Mart\u00edn n\u00famero 59.<\/p>\n\n\n\n<p>&nbsp;&nbsp; El 3 de junio de 1961, continu\u00f3 la represi\u00f3n en el pa\u00eds y el Servicio de Inteligencia Militar&nbsp; (SIM) intensific\u00f3 la persecuci\u00f3n&nbsp; contra&nbsp; el grupo de ciudadanos que participaron&nbsp; en el asesinato del dictador Rafael Le\u00f3nidas&nbsp; Trujillo Molina, la noche del 31 de Mayo de 1961.<\/p>\n\n\n\n<p>&nbsp;&nbsp;&nbsp; El 3 de Junio de 1961, se conoci\u00f3 la versi\u00f3n de la muerte de Ismael Estrella N\u00fa\u00f1ez, hermano de Salvador Estrella Sahdal\u00e1. En la ocasi\u00f3n se indic\u00f3 que el se\u00f1or Estrella se ahorc\u00f3 por las presiones sicol\u00f3gicas que sufri\u00f3 de parte de los agentes de la&nbsp; represi\u00f3n.<\/p>\n\n\n\n<p>&nbsp;&nbsp;&nbsp; Sin embargo, su familia recibi\u00f3 la versi\u00f3n de que fue ahorcado en el Palacio de la Polic\u00eda Nacional, donde era investigado en torno al complot que culmin\u00f3 con la muerte del dictador Trujillo.<\/p>\n\n\n\n<p>&nbsp;&nbsp; La aclaraci\u00f3n la hizo su hijo Juan Reynoso Estrella, al relatar el hecho.<\/p>\n","protected":false},"excerpt":{"rendered":"<p>El Jefe del Estado Mayor Conjunto, general Rafael Le\u00f3nidas -Ramfis- Trujillo Mart\u00ednez. &nbsp;&nbsp;&nbsp;&nbsp;Por H\u00e9ctor Tineo Nolasco Diariodominicano.com SANTO DOMINGO, el&nbsp; 4 de junio de 1961, el Jefe del Estado Mayor Conjunto, general Rafael Le\u00f3nidas Trujillo Mart\u00ednez, orden\u00f3 el arresto del secretario de las Fuerzas Armadas,&nbsp; general&nbsp; Jos\u00e9&nbsp; Ren\u00e9 \u2013Pupo- Rom\u00e1n Fern\u00e1ndez. &nbsp;&nbsp;&nbsp;&nbsp; &nbsp;&nbsp;&nbsp;&nbsp; Ramfis Trujillo [&hellip;]<\/p>\n","protected":false},"author":28,"featured_media":320197,"comment_status":"closed","ping_status":"","sticky":true,"template":"","format":"standard","meta":{"footnotes":""},"categories":[26,27],"tags":[],"class_list":["post-359213","post","type-post","status-publish","format-standard","has-post-thumbnail","hentry","category-efemerides","category-portada"],"_links":{"self":[{"href":"https:\/\/diariodominicano.com\/index.php?rest_route=\/wp\/v2\/posts\/359213","targetHints":{"allow":["GET"]}}],"collection":[{"href":"https:\/\/diariodominicano.com\/index.php?rest_route=\/wp\/v2\/posts"}],"about":[{"href":"https:\/\/diariodominicano.com\/index.php?rest_route=\/wp\/v2\/types\/post"}],"author":[{"embeddable":true,"href":"https:\/\/diariodominicano.com\/index.php?rest_route=\/wp\/v2\/users\/28"}],"replies":[{"embeddable":true,"href":"https:\/\/diariodominicano.com\/index.php?rest_route=%2Fwp%2Fv2%2Fcomments&post=359213"}],"version-history":[{"count":7,"href":"https:\/\/diariodominicano.com\/index.php?rest_route=\/wp\/v2\/posts\/359213\/revisions"}],"predecessor-version":[{"id":359253,"href":"https:\/\/diariodominicano.com\/index.php?rest_route=\/wp\/v2\/posts\/359213\/revisions\/359253"}],"wp:featuredmedia":[{"embeddable":true,"href":"https:\/\/diariodominicano.com\/index.php?rest_route=\/wp\/v2\/media\/320197"}],"wp:attachment":[{"href":"https:\/\/diariodominicano.com\/index.php?rest_route=%2Fwp%2Fv2%2Fmedia&parent=359213"}],"wp:term":[{"taxonomy":"category","embeddable":true,"href":"https:\/\/diariodominicano.com\/index.php?rest_route=%2Fwp%2Fv2%2Fcategories&post=359213"},{"taxonomy":"post_tag","embeddable":true,"href":"https:\/\/diariodominicano.com\/index.php?rest_route=%2Fwp%2Fv2%2Ftags&post=359213"}],"curies":[{"name":"wp","href":"https:\/\/api.w.org\/{rel}","templated":true}]}}