{"id":359210,"date":"2022-06-04T00:09:27","date_gmt":"2022-06-04T04:09:27","guid":{"rendered":"http:\/\/diariodominicano.com\/?p=359210"},"modified":"2022-06-04T09:05:50","modified_gmt":"2022-06-04T13:05:50","slug":"miembros-del-sim-mataron-a-juan-tomas-diaz-y-a-antonio-de-la-maza-2","status":"publish","type":"post","link":"https:\/\/diariodominicano.com\/?p=359210","title":{"rendered":"Miembros del SIM mataron a Juan Tom\u00e1s D\u00edaz y a Antonio de la Maza"},"content":{"rendered":"\n<p>Antonio De La Maza<\/p>\n\n\n\n<figure class=\"wp-block-image size-full\"><img loading=\"lazy\" decoding=\"async\" width=\"201\" height=\"251\" src=\"https:\/\/diariodominicano.com\/wp-content\/uploads\/2022\/06\/juan-tomas-Diaz-arc1.jpg\" alt=\"\" class=\"wp-image-359223\"\/><\/figure>\n\n\n\n<p>General Juan Tom\u00e1s D\u00edaz <\/p>\n\n\n\n<p>&nbsp;&nbsp; Por H\u00e9ctor Tineo Nolasco<\/p>\n\n\n\n<p>Diariodominicano.com<\/p>\n\n\n\n<p>SANTO DOMINGO, el 4 de Junio de 1961, agentes del Servicio de Inteligencia Militar (SIM) mataron a balazos al general \u00ae Juan Tom\u00e1s D\u00edaz y a\u00a0 Antonio De la Maza, las dos principales figuras del complot que concluy\u00f3 con la eliminaci\u00f3n f\u00edsica del dictador Rafael Le\u00f3nidas Trujillo Molina, la noche del 30 de mayo de 1961.<\/p>\n\n\n\n<p>&nbsp;&nbsp; &nbsp;&nbsp;&nbsp;&nbsp;&nbsp;&nbsp; Juan Tom\u00e1s D\u00edaz y Antonio De la Maza hac\u00edan esfuerzos por encontrar un refugio, ya que eran perseguidos por los organismos de inteligencia de la dictadura por su participaci\u00f3n en la muerte del dictador Trujillo.<\/p>\n\n\n\n<figure class=\"wp-block-image size-full\"><img loading=\"lazy\" decoding=\"async\" width=\"549\" height=\"406\" src=\"https:\/\/diariodominicano.com\/wp-content\/uploads\/2022\/06\/Trujillo-yhae2019-08-18-7.jpg\" alt=\"\" class=\"wp-image-359226\" srcset=\"https:\/\/diariodominicano.com\/wp-content\/uploads\/2022\/06\/Trujillo-yhae2019-08-18-7.jpg 549w, https:\/\/diariodominicano.com\/wp-content\/uploads\/2022\/06\/Trujillo-yhae2019-08-18-7-300x222.jpg 300w\" sizes=\"auto, (max-width: 549px) 100vw, 549px\" \/><figcaption>El dictador Trujillo y su hermano H\u00e9ctor Bienvenido Trujillo Molina en un acto oficial.<\/figcaption><\/figure>\n\n\n\n<p>&nbsp;&nbsp; &nbsp;&nbsp;&nbsp;&nbsp;&nbsp;&nbsp; Antonio De la Maza fue el que logr\u00f3 herir de muerte a Trujillo, la noche del 30 de Mayo de 1961.<\/p>\n\n\n\n<p>&nbsp;&nbsp; &nbsp;&nbsp;&nbsp;&nbsp;&nbsp;&nbsp; Un informe precisa que los dos hombres de la gesta de mayo ocupaban un veh\u00edculo p\u00fablico y al verse descubiertos por los agentes del SIM, pidieron al chofer que se detuviera en la avenida Bol\u00edvar, frente a lo que era la Ferreter\u00eda Read, en la intersecci\u00f3n con la calle Julio Verne, y se enfrentaron a seis agentes del Servicio de Inteligencia Militar.<\/p>\n\n\n\n<p>&nbsp;&nbsp;&nbsp;&nbsp; &nbsp;&nbsp;&nbsp;&nbsp; Juan Tom\u00e1s D\u00edaz muri\u00f3 disparando. Cay\u00f3 cuando fue herido en una pierna y luego en la cabeza. Y Antonio De la Maza fue derribado por una r\u00e1faga de metralleta que le abri\u00f3 el pecho.<\/p>\n\n\n\n<p>&nbsp;&nbsp;&nbsp; &nbsp;&nbsp;&nbsp;&nbsp;&nbsp; Juan Tom\u00e1s D\u00edaz muri\u00f3 en el lugar y Antonio De la Maza, cuando era trasladado al hospital Mari\u00f3n.&nbsp; El acontecimiento se produjo a las 9 de la noche del d\u00eda 4 de Junio, cuando en Rep\u00fablica Dominicana&nbsp; se sufr\u00eda una situaci\u00f3n de terror, por los actos de represi\u00f3n que se desataron a nivel nacional contra los familiares y amigos de los hombres que participaron en el complot que culmin\u00f3 con la muerte del dictador.<\/p>\n\n\n\n<p>&nbsp;&nbsp; &nbsp;&nbsp;&nbsp;&nbsp;&nbsp;&nbsp; <strong>El periodista y escritor brit\u00e1nico, Bernard Diederich destaca la versi\u00f3n de que a las 2 de la ma\u00f1ana del d\u00eda 5 de Junio, agentes del SIM<\/strong> sacaron a la esposa de Juan Tom\u00e1s D\u00edaz, Chana D\u00edaz, de la celda donde permanec\u00eda en la c\u00e1rcel del 9 y la llevaron al lugar donde estaba el cad\u00e1ver de su esposo.<\/p>\n\n\n\n<p>&nbsp;&nbsp;&nbsp; &nbsp;&nbsp;&nbsp;&nbsp;&nbsp; El coronel Octavio Balc\u00e1cer, el teniente Clodoveo Ort\u00edz y Alfredo S\u00e1nchez Rubirosa, le mostraron el cad\u00e1ver de Juan Tom\u00e1s D\u00edaz y le preguntaron si deseaba ver m\u00e1s.&nbsp; Abajo estaba el cad\u00e1ver de Antonio De la Maza.<\/p>\n\n\n\n<p>&nbsp;&nbsp;&nbsp; &nbsp;&nbsp;&nbsp;&nbsp;&nbsp; La foto del cad\u00e1ver de Juan Tom\u00e1s D\u00edaz fue publicada por el diario El Caribe.<\/p>\n","protected":false},"excerpt":{"rendered":"<p>Antonio De La Maza General Juan Tom\u00e1s D\u00edaz &nbsp;&nbsp; Por H\u00e9ctor Tineo Nolasco Diariodominicano.com SANTO DOMINGO, el 4 de Junio de 1961, agentes del Servicio de Inteligencia Militar (SIM) mataron a balazos al general \u00ae Juan Tom\u00e1s D\u00edaz y a\u00a0 Antonio De la Maza, las dos principales figuras del complot que concluy\u00f3 con la eliminaci\u00f3n [&hellip;]<\/p>\n","protected":false},"author":28,"featured_media":359221,"comment_status":"closed","ping_status":"","sticky":true,"template":"","format":"standard","meta":{"footnotes":""},"categories":[26,27],"tags":[],"class_list":["post-359210","post","type-post","status-publish","format-standard","has-post-thumbnail","hentry","category-efemerides","category-portada"],"_links":{"self":[{"href":"https:\/\/diariodominicano.com\/index.php?rest_route=\/wp\/v2\/posts\/359210","targetHints":{"allow":["GET"]}}],"collection":[{"href":"https:\/\/diariodominicano.com\/index.php?rest_route=\/wp\/v2\/posts"}],"about":[{"href":"https:\/\/diariodominicano.com\/index.php?rest_route=\/wp\/v2\/types\/post"}],"author":[{"embeddable":true,"href":"https:\/\/diariodominicano.com\/index.php?rest_route=\/wp\/v2\/users\/28"}],"replies":[{"embeddable":true,"href":"https:\/\/diariodominicano.com\/index.php?rest_route=%2Fwp%2Fv2%2Fcomments&post=359210"}],"version-history":[{"count":5,"href":"https:\/\/diariodominicano.com\/index.php?rest_route=\/wp\/v2\/posts\/359210\/revisions"}],"predecessor-version":[{"id":359227,"href":"https:\/\/diariodominicano.com\/index.php?rest_route=\/wp\/v2\/posts\/359210\/revisions\/359227"}],"wp:featuredmedia":[{"embeddable":true,"href":"https:\/\/diariodominicano.com\/index.php?rest_route=\/wp\/v2\/media\/359221"}],"wp:attachment":[{"href":"https:\/\/diariodominicano.com\/index.php?rest_route=%2Fwp%2Fv2%2Fmedia&parent=359210"}],"wp:term":[{"taxonomy":"category","embeddable":true,"href":"https:\/\/diariodominicano.com\/index.php?rest_route=%2Fwp%2Fv2%2Fcategories&post=359210"},{"taxonomy":"post_tag","embeddable":true,"href":"https:\/\/diariodominicano.com\/index.php?rest_route=%2Fwp%2Fv2%2Ftags&post=359210"}],"curies":[{"name":"wp","href":"https:\/\/api.w.org\/{rel}","templated":true}]}}