{"id":359206,"date":"2022-06-03T23:44:43","date_gmt":"2022-06-04T03:44:43","guid":{"rendered":"http:\/\/diariodominicano.com\/?p=359206"},"modified":"2022-06-03T23:44:43","modified_gmt":"2022-06-04T03:44:43","slug":"napoleon-fue-perdedor-en-el-caribe-y-4","status":"publish","type":"post","link":"https:\/\/diariodominicano.com\/?p=359206","title":{"rendered":"NAPOLE\u00d3N FUE PERDEDOR EN EL CARIBE\u00a0 y 4"},"content":{"rendered":"\n<p><\/p>\n\n\n\n<p><strong>POR TE\u00d3FILO LAPPOT ROBLES<\/strong><\/p>\n\n\n\n<p>Las derrotas que los soldados bajo el mando supremo de Napole\u00f3n Bonaparte tuvieron en el Caribe adquirieron m\u00e1s importancia hist\u00f3rica por tratarse de un l\u00edder militar de gran envergadura y un pol\u00edtico de excepcional habilidad, quien lleg\u00f3 a gobernar m\u00e1s de 53 millones de personas esparcidas en diferentes pa\u00edses.<\/p>\n\n\n\n<p>No hay duda de que Napole\u00f3n es una de las m\u00e1s resonantes individualidades de la historia de los siglos 18 y 19.<\/p>\n\n\n\n<p>Muy joven fue designado ayudante del vizconde de Barras, el jefe del gobierno llamado Directorio, dentro del torbellino de la Revoluci\u00f3n Francesa. Luego derroc\u00f3 a su protector, en un hecho de fuerza descrito en una entrega anterior de esta breve serie.<\/p>\n\n\n\n<p>No es necesario hacer ahora una especie de vivisecci\u00f3n de Napole\u00f3n Bonaparte para decir que en \u00e9l se conjugaban el implacable conductor de guerreros que bordeaba la genialidad; el miserable cuya desaz\u00f3n lo condujo muchas veces a ordenar cr\u00edmenes viciosos, por simple venganza en su marco personal y tambi\u00e9n el malvado a quien no le importaba ba\u00f1ar en sangre a pueblos indefensos, m\u00e1s all\u00e1 de la falsa piedad que le quiso transmitir al emperador de Austria, cuando le escribi\u00f3 desde el pueblo piamont\u00e9s de Marengo.<\/p>\n\n\n\n<p>Se trataba del mismo hombre que parad\u00f3jicamente aconsejaba a sus cercanos a practicar la prudencia: \u201cCubre tu mano de hierro con un guante de terciopelo.\u201d<\/p>\n\n\n\n<p>El historiador y fil\u00f3sofo franc\u00e9s Hip\u00f3lito Taine le atribuy\u00f3 la responsabilidad por la muerte de m\u00e1s de tres millones de personas. S\u00f3lo en su fracasada campa\u00f1a en&nbsp; Rusia, entre junio y diciembre de 1812, murieron m\u00e1s de 500 mil soldados napole\u00f3nicos. El zar Alejandro I acumul\u00f3 en su favor los estragos del \u201cgeneral invierno.\u201d<\/p>\n\n\n\n<p>Muchas de las muertes atribuidas a decisiones b\u00e9licas de Napole\u00f3n se contabilizaron en el Caribe, donde \u00e9l con plenitud de responsabilidad sobre su ej\u00e9rcito, cosech\u00f3 una cascada de fracasos, en raz\u00f3n de que su profundidad estrat\u00e9gica en lo conceptual deriv\u00f3 en muchas ocasiones en acciones t\u00e1cticas limitadas por Leclerc y otros generales a&nbsp; maniobras de combates y en ataques preventivos que no funcionaron en esta parte del mundo por varios motivos, comenzando por la cuesti\u00f3n geogr\u00e1fica.<\/p>\n\n\n\n<figure class=\"wp-block-image size-full\"><img loading=\"lazy\" decoding=\"async\" width=\"291\" height=\"173\" src=\"https:\/\/diariodominicano.com\/wp-content\/uploads\/2022\/05\/Napoleon-1.jpg\" alt=\"\" class=\"wp-image-354283\"\/><\/figure>\n\n\n\n<p>La idiosincrasia de los pueblos antillanos tambi\u00e9n jug\u00f3 en contra de las pretensiones de Napole\u00f3n de ponerlos bajo su dominio. Diferente fue en Europa donde su guerra de conquista tuvo notables \u00e9xitos, aunque tambi\u00e9n fracasos.<\/p>\n\n\n\n<p>En el Caribe insular \u00e9l nunca pudo hacer un trono como el que cre\u00f3 en Espa\u00f1a para su hermano Jos\u00e9 Bonaparte, alias Pepe Botella, despu\u00e9s que el 2 de mayo de 1808 se produjo la sangrienta carga de los mamelucos (su caballer\u00eda imperial de musulmanes egipcios) y los fusilamientos de los d\u00edas siguientes, ordenados por el sanguinario Joachim Murat, su cu\u00f1ado y jefe militar en Madrid. Esos tr\u00e1gicos hechos fueron inmortalizados en sendos lienzos por el pintor zaragozano Francisco de Goya.<\/p>\n\n\n\n<p>Uno de los m\u00e1s elocuentes ejemplos de la postura anti napole\u00f3nica de los caribe\u00f1os, y en concreto del pueblo dominicano que entonces estaba en formaci\u00f3n, qued\u00f3 registrado en una resoluci\u00f3n emitida por el Ayuntamiento de Hig\u00fcey el 16 de junio de 1810.<\/p>\n\n\n\n<p>Ese texto de ley municipal hac\u00eda referencia a que el pueblo que hasta hac\u00eda poco (19 meses atr\u00e1s) hab\u00eda sido colonia de Francia hab\u00eda sufrido muchos atropellos de parte de los colonizadores.<\/p>\n\n\n\n<p>Se enfatiz\u00f3 tambi\u00e9n que los hechos hist\u00f3ricos que comenzaron en esa ciudad del este dominicano con una marcha de cientos de lugare\u00f1os acompa\u00f1ando, en son de guerra, &nbsp;al caudillo cotuisano Juan S\u00e1nchez Ram\u00edrez, hasta el cerro seibano de Palo Hincado, el 7 de noviembre de 1808, fueron \u201c\u2026las chispas del incendio nacional que ha de consumir en Europa al p\u00e9rfido Napole\u00f3n y sus ej\u00e9rcitos\u2026\u201d<\/p>\n\n\n\n<p>As\u00ed como dijeron los ediles hig\u00fceyanos ocurri\u00f3 en la realidad, pues el 18 de junio de 1815, en las colinas cercanas a la ciudad europea de Waterloo, se apag\u00f3 la estrella que hab\u00eda dado resplandor a Napole\u00f3n Bonaparte. Cuatro d\u00edas despu\u00e9s abdic\u00f3 y le puso fin al gobierno de los llamados Cien&nbsp; D\u00edas.<\/p>\n\n\n\n<p>Pero tambi\u00e9n hay que se\u00f1alar que al margen de sus fracasos militares en el Caribe, que fueron hechos de f\u00e1cil comprobaci\u00f3n, en otras acciones de su vida privada y p\u00fablica muchos autores han juzgado a Napole\u00f3n Bonaparte desde sus perspectivas particulares, con juicios generalmente carentes de rigor y de serena reflexi\u00f3n.<\/p>\n\n\n\n<p>El poeta Goethe trat\u00f3 con caranto\u00f1a al emperador de los franceses. Hizo en su favor comentarios almibarados luego de entrevistarse con \u00e9l el d\u00eda 2 de octubre de 1808, y recibir de sus manos la condecoraci\u00f3n de la Legi\u00f3n de Honor.<\/p>\n\n\n\n<p>El ensayista y poeta espa\u00f1ol Rafael Cansinos Assens calific\u00f3 dicho encuentro como un \u201cinstante supremo\u201d para el escritor alem\u00e1n.<\/p>\n\n\n\n<p>El autor de obras tan importantes como las tituladas Fausto y Los sufrimientos del joven Werther escribi\u00f3 p\u00e1rrafos lamentables sobre el implacable y avasallante corso. Al observarlo entrar a la ciudad de Erfurt, montado en su caballo \u00e1rabe de nombre Marengo, exclam\u00f3: \u201che visto el sol.\u201d<\/p>\n\n\n\n<figure class=\"wp-block-image size-full\"><img loading=\"lazy\" decoding=\"async\" width=\"800\" height=\"497\" src=\"https:\/\/diariodominicano.com\/wp-content\/uploads\/2022\/05\/Que-fue-lo-mas-importante-que-hizo-Napoleon-Bonaparte.jpg\" alt=\"\" class=\"wp-image-355918\" srcset=\"https:\/\/diariodominicano.com\/wp-content\/uploads\/2022\/05\/Que-fue-lo-mas-importante-que-hizo-Napoleon-Bonaparte.jpg 800w, https:\/\/diariodominicano.com\/wp-content\/uploads\/2022\/05\/Que-fue-lo-mas-importante-que-hizo-Napoleon-Bonaparte-300x186.jpg 300w, https:\/\/diariodominicano.com\/wp-content\/uploads\/2022\/05\/Que-fue-lo-mas-importante-que-hizo-Napoleon-Bonaparte-768x477.jpg 768w\" sizes=\"auto, (max-width: 800px) 100vw, 800px\" \/><\/figure>\n\n\n\n<p>Luego complet\u00f3 su juicio melifluo con esta frase: \u201cNapole\u00f3n buscaba la virtud y, cuando result\u00f3 que no era posible encontrarla, encontr\u00f3 el poder.\u201d Todo indica que Goethe ten\u00eda su mente nublada por el fanatismo que le despertaba el magnetismo y la teatralidad del emperador de Francia.<\/p>\n\n\n\n<p>Otros bi\u00f3grafos, ensayistas y cronistas han tergiversado muchos aspectos del vendaval que fue la vida amatoria de Napole\u00f3n Bonaparte con Catalina, Luisa Letang, Eugenia Mello, Desir\u00e9e Clary, Josefina, Mar\u00eda Walewska, Eleanora Denuelle, Mar\u00eda Luisa de Habsburgo y un largo etc.<\/p>\n\n\n\n<p>Tanto por sus apologistas como por sus detractores a la figura de Napole\u00f3n se le puede aplicar la llamada ley de Campoamor.<\/p>\n\n\n\n<p>Ram\u00f3n de Campoamor, uno de los poetas m\u00e1s publicitados del realismo literario espa\u00f1ol, escribi\u00f3 desde su Asturia natal aquello de que: \u201c\u2026todo es seg\u00fan el color del cristal con que se mire.\u201d<\/p>\n\n\n\n<p>La par\u00e1bola vital del emperador franc\u00e9s encaja en la frase anterior. Los juicios sobre el hombre que se empin\u00f3 de la nada hasta dominar gran parte de Europa son muy diversos.<\/p>\n\n\n\n<p>Lo que no admite matices es que Napole\u00f3n se dej\u00f3 arrebatar de Gran Breta\u00f1a las peque\u00f1as y estrat\u00e9gicas islas caribe\u00f1as de San Eustaquio (21km2) y Saba, con apenas 13 km2.<\/p>\n\n\n\n<p>Volviendo un poco atr\u00e1s en el tiempo (para rese\u00f1ar los infortunios caribe\u00f1os de los planes de conquistas de Napole\u00f3n) hay que decir que cuando el 28 de noviembre de 1804 el general Donatien- Marie-Joseph de Rochambeau capitul\u00f3 en la ciudad de Cabo Haitiano, vencido por Jean Jacques Dessalines, quien fue derrotado en realidad fue el poderoso emperador franc\u00e9s.<\/p>\n\n\n\n<p>Esa derrota fue suya, pues no pudo mantener bajo su control la que hab\u00eda sido por mucho tiempo colonia de Francia en el oeste de la isla de Santo Domingo, a pesar de las reiteradas \u00f3rdenes dadas a sus generales de utilizar la metralla y la bayoneta para aplastar a los sublevados haitianos.<\/p>\n\n\n\n<p>En un informe de los hechos referidos, que forma parte destacada de la historia del vecino pa\u00eds, se resumi\u00f3 lo ocurrido en dicha ciudad ribere\u00f1a del Atl\u00e1ntico as\u00ed: \u201cel Cabo ha sido evacuado, y poco despu\u00e9s el Mole, quedando en manos de los rebeldes el \u00fanico puerto de la parte francesa que pod\u00edamos esperar conservar todav\u00eda\u2026\u201d<\/p>\n\n\n\n<p>El general Francois Marie de Kerverseau, autor de las palabras anteriores, remat\u00f3 su relato de aquellos hechos de esta manera: \u201cEl General en Jefe cay\u00f3 con sus tropas en manos de los ingleses\u2026\u201d<\/p>\n\n\n\n<p>En el 1803 ese mismo general Kerverseau era el comandante militar en la ciudad de Santo Domingo. Fue obligado a entregar su puesto por el general Jean-Louis Ferrand, quien hasta entonces estaba afincado como jefe en Montecristi.<\/p>\n\n\n\n<p>Ese \u201clance de intriga\u201d fue en los hechos una derrota para Napole\u00f3n, pues qued\u00f3 comprobado que no ten\u00eda control sobre los generales que lo representaban en la entonces colonia francesa, que desde el 27 de febrero de 1844 (con sus atributos de soberan\u00eda) se llama Rep\u00fablica Dominicana.<\/p>\n\n\n\n<p>El 6 de febrero de 1806 tropas napole\u00f3nicas provenientes del Caribe oriental se acercaban a la ciudad de Santo Domingo, con el objetivo de reforzar el tambaleante gobierno colonial del general Ferrand.<\/p>\n\n\n\n<p>Fueron abatidas por barcos brit\u00e1nicos que realizaban desplazamientos de cabotaje, comandados por el almirante John Thomas Duckworth. Ese hecho de armas fue otro fracaso para Napole\u00f3n en esta zona de la tierra.<\/p>\n\n\n\n<p>La \u00faltima derrota en Santo Domingo del emperador galo se produjo el 27 de noviembre de 1808. En esa ocasi\u00f3n soldados brit\u00e1nicos dirigidos por el general Hugh Lyle Carmichael, apoyados por un escuadr\u00f3n de fragatas, sitiaron la capital colonial obligando al general franc\u00e9s Dubarquier y su guarnici\u00f3n a rendirse y entregar el gobierno a Juan S\u00e1nchez Ram\u00edrez, vencedor en Palo Hincado.<\/p>\n\n\n\n<p>Dicho lo anterior a pesar de que el poder que lleg\u00f3 acumular el emperador franc\u00e9s era tan grande que en medio de la cadena de triunfos militares que logr\u00f3 en Europa en el 1806 alguien dijo: \u201cNapole\u00f3n ha soplado sobre Prusia y Prusia ha dejado de existir.\u201d<\/p>\n\n\n\n<figure class=\"wp-block-image size-large\"><img loading=\"lazy\" decoding=\"async\" width=\"1024\" height=\"773\" src=\"https:\/\/diariodominicano.com\/wp-content\/uploads\/2022\/05\/napoleon-retorno-francia_ff6ff017-1024x773.jpg\" alt=\"\" class=\"wp-image-357618\" srcset=\"https:\/\/diariodominicano.com\/wp-content\/uploads\/2022\/05\/napoleon-retorno-francia_ff6ff017-1024x773.jpg 1024w, https:\/\/diariodominicano.com\/wp-content\/uploads\/2022\/05\/napoleon-retorno-francia_ff6ff017-300x227.jpg 300w, https:\/\/diariodominicano.com\/wp-content\/uploads\/2022\/05\/napoleon-retorno-francia_ff6ff017-768x580.jpg 768w, https:\/\/diariodominicano.com\/wp-content\/uploads\/2022\/05\/napoleon-retorno-francia_ff6ff017-816x616.jpg 816w, https:\/\/diariodominicano.com\/wp-content\/uploads\/2022\/05\/napoleon-retorno-francia_ff6ff017.jpg 1200w\" sizes=\"auto, (max-width: 1024px) 100vw, 1024px\" \/><\/figure>\n\n\n\n<p>Tambi\u00e9n obtuvo no s\u00f3lo apoderarse de los llamados Estados Pontificios, sino encarcelar (en Avignon, Savona y Fontainebleau) al Papa P\u00edo VII, declarado en el 2007 Siervo de Dios por el Papa Benedicto XVI.<\/p>\n\n\n\n<p>Cuando ya Napole\u00f3n estaba convencido de su destino final, en ruta hacia su prisi\u00f3n en la isla Santa Elena, exclam\u00f3 ante el conde Charles-Tristan de Montholon, el ex mariscal Henri-Gratien Bertrand, el conde de las Cases y unos pocos m\u00e1s que lo acompa\u00f1aban: \u201cen mi carrera faltaba la adversidad.\u201d<\/p>\n\n\n\n<p>En realidad, la adversidad la arrastraba \u00e9l desde los d\u00edas en que no pudo doblegar con su poderosa maquinaria militar a peque\u00f1as islas distribuidas en el mar Caribe.<\/p>\n\n\n\n<p>Las cr\u00f3nicas hist\u00f3ricas de anta\u00f1o recogen que el 5 de mayo de 1821, d\u00eda que muri\u00f3 prisionero de los brit\u00e1nicos en Santa Elena, ese remoto territorio insular ubicado en el Oc\u00e9ano Atl\u00e1ntico Sur fue azotado por una tempestad.<\/p>\n\n\n\n<p>El 15 de abril de 1821, en el tramo final de su testamento, Napole\u00f3n Bonaparte le dict\u00f3 a su asistente Emmanuel, conde de las Cases, historiador y registrador de sus \u00faltimas disposiciones, lo siguiente: \u201c\u2026muero prematuramente, asesinado por la oligarqu\u00eda inglesa y su sicario\u2026Deseo que mis cenizas descansen a orillas del Sena, en medio del pueblo franc\u00e9s, que tanto he amado.\u201d<\/p>\n","protected":false},"excerpt":{"rendered":"<p>POR TE\u00d3FILO LAPPOT ROBLES Las derrotas que los soldados bajo el mando supremo de Napole\u00f3n Bonaparte tuvieron en el Caribe adquirieron m\u00e1s importancia hist\u00f3rica por tratarse de un l\u00edder militar de gran envergadura y un pol\u00edtico de excepcional habilidad, quien lleg\u00f3 a gobernar m\u00e1s de 53 millones de personas esparcidas en diferentes pa\u00edses. No hay [&hellip;]<\/p>\n","protected":false},"author":28,"featured_media":355916,"comment_status":"closed","ping_status":"","sticky":true,"template":"","format":"standard","meta":{"footnotes":""},"categories":[21,26,27],"tags":[],"class_list":["post-359206","post","type-post","status-publish","format-standard","has-post-thumbnail","hentry","category-cultura","category-efemerides","category-portada"],"_links":{"self":[{"href":"https:\/\/diariodominicano.com\/index.php?rest_route=\/wp\/v2\/posts\/359206","targetHints":{"allow":["GET"]}}],"collection":[{"href":"https:\/\/diariodominicano.com\/index.php?rest_route=\/wp\/v2\/posts"}],"about":[{"href":"https:\/\/diariodominicano.com\/index.php?rest_route=\/wp\/v2\/types\/post"}],"author":[{"embeddable":true,"href":"https:\/\/diariodominicano.com\/index.php?rest_route=\/wp\/v2\/users\/28"}],"replies":[{"embeddable":true,"href":"https:\/\/diariodominicano.com\/index.php?rest_route=%2Fwp%2Fv2%2Fcomments&post=359206"}],"version-history":[{"count":1,"href":"https:\/\/diariodominicano.com\/index.php?rest_route=\/wp\/v2\/posts\/359206\/revisions"}],"predecessor-version":[{"id":359207,"href":"https:\/\/diariodominicano.com\/index.php?rest_route=\/wp\/v2\/posts\/359206\/revisions\/359207"}],"wp:featuredmedia":[{"embeddable":true,"href":"https:\/\/diariodominicano.com\/index.php?rest_route=\/wp\/v2\/media\/355916"}],"wp:attachment":[{"href":"https:\/\/diariodominicano.com\/index.php?rest_route=%2Fwp%2Fv2%2Fmedia&parent=359206"}],"wp:term":[{"taxonomy":"category","embeddable":true,"href":"https:\/\/diariodominicano.com\/index.php?rest_route=%2Fwp%2Fv2%2Fcategories&post=359206"},{"taxonomy":"post_tag","embeddable":true,"href":"https:\/\/diariodominicano.com\/index.php?rest_route=%2Fwp%2Fv2%2Ftags&post=359206"}],"curies":[{"name":"wp","href":"https:\/\/api.w.org\/{rel}","templated":true}]}}