{"id":35880,"date":"2020-08-09T16:34:23","date_gmt":"2020-08-09T16:34:23","guid":{"rendered":"http:\/\/diariodominicano.ddns.net\/?p=35880"},"modified":"2020-08-09T16:34:23","modified_gmt":"2020-08-09T16:34:23","slug":"vacunas-y-remedios","status":"publish","type":"post","link":"https:\/\/diariodominicano.com\/?p=35880","title":{"rendered":"VACUNAS Y REMEDIOS"},"content":{"rendered":"<p><body><\/p>\n<p><strong>Diariodominicano.com<\/strong><\/p>\n<p><strong>VACUNAS Y REMEDIOS<\/strong><\/p>\n<p><strong> Por Narciso Isa Conde<\/strong><\/p>\n<\/p>\n<\/p>\n<p>Las corporaciones farmac\u00e9uticas est\u00e1n en la c\u00faspide del imperialismo, compitiendo con las m\u00e1s poderosas transnacionales. Tienen un enorme peso en riqueza y poder dentro de la facci\u00f3n \u00abglobalista\u00bb de la burgues\u00eda transnacional.<\/p>\n<\/p>\n<p>La COVID 19 y sus recientes antecesoras -montadas sobre la pandemia del gran capital-, entre sus tenebrosas maldades, ha tenido la virtud de sacar a flote el pus mas soterrado del sistema global de salud: los asaltos enmascarados de las grandes empresas privadas a espacios aparentemente p\u00fablicos o interestatales, junto al tr\u00e1fico de influencia en sus entra\u00f1as. La OMS no ha escapado a esa embestida.<\/p>\n<\/p>\n<p>Hoy, por ejemplo, se conoce mejor el rol del magnate Bill Gates, due\u00f1o de MICROSOFT, quien financia el 90% del Programa de Medicamentos de la ORGANIZACI\u00d3N MUNDIAL DE LA SALUD-OMS; mientras que el 80% de su presupuesto est\u00e1 financiando con donaciones privadas canalizadas a trav\u00e9s de la FUNDACI\u00d3N BILL Y MELINDA GATES.<\/p>\n<\/p>\n<p>La denuncia proviene del economista espa\u00f1ol Germ\u00e1n Vel\u00e1zquez, ex ?funcionario por 20 a\u00f1os de la OMS, refrescada por el peri\u00f3dico digital REBELI\u00d3N en un art\u00edculo de Jorge Santa Cruz que muestra como Gates, junto a otros magnates, predominan en la privatizaci\u00f3n de la OMS; influyendo en compras de medicamentos y equipos, en dise\u00f1o de protocolos y en otras decisiones claves, sobre todo en materia fabricaci\u00f3n y ventas de vacunas en tiempos de pandemias.<\/p>\n<\/p>\n<p>El tema de la vacuna sigue tomando preeminencia en los pronunciamientos de la OMS, en un contexto en el que a \u00e9sta se le pone un enorme empe\u00f1o comercial que contrasta con el predominio del desprecio a previsiones y remedios por fases; lo que indica que el negocio supremo ambicionado es la venta de vacunas y las vacunaciones peri\u00f3dicas en un planeta con una clientela  de 7 mil millones de habitantes amenazados por esta tragedia. En muchos casos la OMS har\u00e1 de intermediaria en las compras entre pa\u00edses  como RD y fabricantes de las mismas.<\/p>\n<\/p>\n<p>En materia de prevenci\u00f3n y remedios ?adem\u00e1s de no dedicar los recursos y esfuerzos que  el tema merece- abunda ese cruel desprecio a programas de fortalecimiento del sistema inmunol\u00f3gico, absurdas obstrucciones a medicamentos y procedimientos de la medicina natural-alternativa (y de la propia convencional), tales como agua de mar, alimentaci\u00f3n apropiada, ozono, di\u00f3xido de cloro, ivermectina, per\u00f3xido de hidr\u00f3geno, interferon-alfa R (cubano)&#8230;, que  han mostrado eficacia, o para protegernos de la infecci\u00f3n, o para detener tempranamente avances de la enfermedad y desenlaces fatales. La s\u00faper-ganancias por encima de todo. \u00a1Hay si China y Rusia lograran la vacuna antes y gratis!<\/p>\n<\/p>\n<p>9-8-20, Santo Domingo, RD\/<\/p>\n<\/p>\n<h6> 2020-08-09 16:34:23 <\/h6>\n<p><!--\n<link rel=\"stylesheet\" href=\"css\/bootstrap.min.css\">\n\n\n<ul class=\"pagination\">\n\t    \n\t\n\n<li >\n\t<a href='?page_no=117'>Previous<\/a>\n\t<\/li>\n\n\n       \n    \n\n<li><a href='?page_no=1'>1<\/a><\/li>\n\n\n\n<li><a href='?page_no=2'>2<\/a><\/li>\n\n\n\n<li><a>...<\/a><\/li>\n\n\n\n<li><a href='?page_no=116'>116<\/a><\/li>\n\n\n\n<li><a href='?page_no=117'>117<\/a><\/li>\n\n\n\n<li class='active'><a>118<\/a><\/li>\n\n\n\n<li><a href='?page_no=119'>119<\/a><\/li>\n\n\n\n<li><a href='?page_no=120'>120<\/a><\/li>\n\n\n\n<li><a>...<\/a><\/li>\n\n\n\n<li><a href='?page_no=13611'>13611<\/a><\/li>\n\n\n\n<li><a href='?page_no=13612'>13612<\/a><\/li>\n\n    \n\t\n\n<li >\n\t<a href='?page_no=119'>Next<\/a>\n\t<\/li>\n\n\n    \n\n<li><a href='?page_no=13612'>Last &rsaquo;&rsaquo;<\/a><\/li>\n\n<\/ul>\n\n\n--><br \/>\n<\/body><\/p>\n","protected":false},"excerpt":{"rendered":"<p>Diariodominicano.com VACUNAS Y REMEDIOS Por Narciso Isa Conde Las corporaciones farmac\u00e9uticas est\u00e1n en la c\u00faspide del imperialismo, compitiendo con las m\u00e1s poderosas transnacionales. Tienen un enorme peso en riqueza y poder dentro de la facci\u00f3n \u00abglobalista\u00bb de la burgues\u00eda transnacional. La COVID 19 y sus recientes antecesoras -montadas sobre la pandemia del gran capital-, entre [&hellip;]<\/p>\n","protected":false},"author":3,"featured_media":0,"comment_status":"open","ping_status":"open","sticky":false,"template":"","format":"standard","meta":{"footnotes":""},"categories":[16],"tags":[],"class_list":["post-35880","post","type-post","status-publish","format-standard","hentry","category-opiniones"],"_links":{"self":[{"href":"https:\/\/diariodominicano.com\/index.php?rest_route=\/wp\/v2\/posts\/35880","targetHints":{"allow":["GET"]}}],"collection":[{"href":"https:\/\/diariodominicano.com\/index.php?rest_route=\/wp\/v2\/posts"}],"about":[{"href":"https:\/\/diariodominicano.com\/index.php?rest_route=\/wp\/v2\/types\/post"}],"author":[{"embeddable":true,"href":"https:\/\/diariodominicano.com\/index.php?rest_route=\/wp\/v2\/users\/3"}],"replies":[{"embeddable":true,"href":"https:\/\/diariodominicano.com\/index.php?rest_route=%2Fwp%2Fv2%2Fcomments&post=35880"}],"version-history":[{"count":0,"href":"https:\/\/diariodominicano.com\/index.php?rest_route=\/wp\/v2\/posts\/35880\/revisions"}],"wp:attachment":[{"href":"https:\/\/diariodominicano.com\/index.php?rest_route=%2Fwp%2Fv2%2Fmedia&parent=35880"}],"wp:term":[{"taxonomy":"category","embeddable":true,"href":"https:\/\/diariodominicano.com\/index.php?rest_route=%2Fwp%2Fv2%2Fcategories&post=35880"},{"taxonomy":"post_tag","embeddable":true,"href":"https:\/\/diariodominicano.com\/index.php?rest_route=%2Fwp%2Fv2%2Ftags&post=35880"}],"curies":[{"name":"wp","href":"https:\/\/api.w.org\/{rel}","templated":true}]}}