{"id":358694,"date":"2022-06-02T00:03:35","date_gmt":"2022-06-02T04:03:35","guid":{"rendered":"http:\/\/diariodominicano.com\/?p=358694"},"modified":"2022-06-02T08:39:21","modified_gmt":"2022-06-02T12:39:21","slug":"agentes-del-sim-matan-al-teniente-amado-garcia-guerrero-2","status":"publish","type":"post","link":"https:\/\/diariodominicano.com\/?p=358694","title":{"rendered":"El teniente Amado Garc\u00eda Guerrero pudo matar a dos de los agentes del SIM que lo acribillaron con armas de fuego"},"content":{"rendered":"\n<p> &nbsp;<strong>El escritor Bernard Diederich, en su obra \u201cTrujillo la muerte del dictador\u201d, cita la versi\u00f3n de que un informador llam\u00f3 al SIM y denunci\u00f3 que un hombre que podr\u00eda ser Amado Garc\u00eda Guerrero estaba en la casa n\u00famero 59 de la avenida San Mart\u00edn.<\/strong>&nbsp; Agentes del <strong>SIM rodearon la vivienda y un efectivo de apellido Rodr\u00edguez le pidi\u00f3 que se rindiera, pero Amado Garc\u00eda Guerrero salt\u00f3 del div\u00e1n de la sala, abri\u00f3 la puerta y le hizo un disparo en el coraz\u00f3n a Rodr\u00edguez, quien cay\u00f3 muerto antes poder llegar a la acera.<\/strong> <\/p>\n\n\n\n<h1 class=\"wp-block-heading\">&nbsp;&nbsp; Por H\u00e9ctor Tineo Nolasco<\/h1>\n\n\n\n<p>Diariodominicano.com<\/p>\n\n\n\n<p>SANTO DOMINGO, el 2 de Junio del a\u00f1o 1961, agentes del Servicio de Inteligencia Militar (SIM), acribillaron&nbsp; a balazos al teniente Amado Garc\u00eda Guerrero, quien la noche del&nbsp; d\u00eda 30 de Mayo de 1961 particip\u00f3 en la trama que culmin\u00f3 con la muerte del dictador Rafael Le\u00f3nidas Trujillo Molina. <\/p>\n\n\n\n<p>Garc\u00eda Guerrero hab\u00eda permanecido oculto desde que termin\u00f3 el atentado, en una residencia que le consigui\u00f3 un pariente, pero el d\u00eda 2 de junio en la tarde decidi\u00f3 trasladarse en un carro p\u00fablico a la residencia de una t\u00eda en la avenida San Mart\u00edn n\u00famero 59. All\u00ed almorz\u00f3 y se quit\u00f3 su uniforme que estaba sucio, lo puso en una silla y durmi\u00f3 una siesta en ropa interior.<\/p>\n\n\n\n<p>&nbsp;&nbsp; <strong>El escritor Bernard Diederich, en su obra \u201cTrujillo la muerte del dictador\u201d, cita la versi\u00f3n de que un informador llam\u00f3 al SIM y denunci\u00f3 que un hombre que podr\u00eda ser Amado Garc\u00eda Guerrero estaba en la casa n\u00famero 59 de la avenida San Mart\u00edn.<\/strong>&nbsp; Agentes del <strong>SIM rodearon la vivienda y un efectivo de apellido Rodr\u00edguez le pidi\u00f3 que se rindiera, pero Amado Garc\u00eda Guerrero salt\u00f3 del div\u00e1n de la sala, abri\u00f3 la puerta y le hizo un disparo en el coraz\u00f3n a Rodr\u00edguez, quien cay\u00f3 muerto antes poder llegar a la acera.<\/strong><\/p>\n\n\n\n<p>&nbsp;&nbsp;&nbsp;&nbsp;&nbsp;&nbsp; <strong>Bernard Diederich<\/strong>, apunta que los otros agentes respondieron con un fuego graneado de sus metralletas. Amado,&nbsp; se retir\u00f3 al sal\u00f3n mientras su t\u00eda se refugiaba&nbsp; en la parte trasera de la casa.<\/p>\n\n\n\n<p>&nbsp;&nbsp;&nbsp; <strong>En unos minutos el combate hab\u00eda terminado. Amado vaci\u00f3 su pistola 45, la volvi\u00f3 a cargar y tuvo tiempo de hacer dos tiros m\u00e1s antes de que el raso Ciriaco de la Rosa lo matara a balazos.<\/strong><\/p>\n\n\n\n<p>&nbsp;&nbsp;&nbsp;&nbsp;&nbsp; El cuerpo del teniente Amado Garc\u00eda Guerrero, ensangrentado, vestido s\u00f3lo en ropa interior, fue arrastrado hacia la calle y fotografiado. <strong>\u201cEntonces, a la manera de los cazadores que regresan con el cad\u00e1ver de un animal, los agentes del SIM pusieron el cuerpo de Amado en el techo del carro y lo agarraron por los brazos y las piernas desde la parte interior del carro mientras regresaban a los cuarteles\u201d.<\/strong><strong><\/strong><\/p>\n\n\n\n<p>&nbsp;&nbsp;&nbsp;&nbsp; Al contar el hecho, el escritor brit\u00e1nico resalta que \u201cA la turba all\u00ed&nbsp; reunida, se la dej\u00f3 saquear y destruir la casa. No hab\u00eda protecci\u00f3n policial para el que facilitara refugio a un enemigo del r\u00e9gimen.&nbsp; La t\u00eda del teniente Amado Garc\u00eda Guerrero no ten\u00eda hogar adonde regresar cuando, despu\u00e9s de varios d\u00edas de interrogatorios en el kil\u00f3metro 9, de la carretera Mella, fue puesta en libertad\u201d.<\/p>\n\n\n\n<p>&nbsp;&nbsp;&nbsp; El teniente Amado Garc\u00eda Guerrero pertenec\u00eda al Cuerpo de Ayudantes Militares de la Presidencia de la Rep\u00fablica, la noche del 30 de mayo de 1961, cuando particip\u00f3 en el ataque que termin\u00f3 con la vida del dictador Trujillo.&nbsp; En la acci\u00f3n sufri\u00f3 una herida menor en una pierna.<\/p>\n\n\n\n<p>\u00a0\u00a0\u00a0\u00a0 Luego del asesinato de Trujillo en la Rep\u00fablica Dominicana se desat\u00f3 una situaci\u00f3n de terror\u00a0 contra los familiares, y\u00a0 amigos de los hombres de la gesta de Mayo de 1961.<\/p>\n\n\n\n<p>Diariodominicano.com el medio de comunicaci\u00f3n <\/p>\n\n\n\n<p>Efem\u00e9rides<\/p>\n","protected":false},"excerpt":{"rendered":"<p>&nbsp;El escritor Bernard Diederich, en su obra \u201cTrujillo la muerte del dictador\u201d, cita la versi\u00f3n de que un informador llam\u00f3 al SIM y denunci\u00f3 que un hombre que podr\u00eda ser Amado Garc\u00eda Guerrero estaba en la casa n\u00famero 59 de la avenida San Mart\u00edn.&nbsp; Agentes del SIM rodearon la vivienda y un efectivo de apellido [&hellip;]<\/p>\n","protected":false},"author":28,"featured_media":358695,"comment_status":"closed","ping_status":"","sticky":true,"template":"","format":"standard","meta":{"footnotes":""},"categories":[26,27],"tags":[],"class_list":["post-358694","post","type-post","status-publish","format-standard","has-post-thumbnail","hentry","category-efemerides","category-portada"],"_links":{"self":[{"href":"https:\/\/diariodominicano.com\/index.php?rest_route=\/wp\/v2\/posts\/358694","targetHints":{"allow":["GET"]}}],"collection":[{"href":"https:\/\/diariodominicano.com\/index.php?rest_route=\/wp\/v2\/posts"}],"about":[{"href":"https:\/\/diariodominicano.com\/index.php?rest_route=\/wp\/v2\/types\/post"}],"author":[{"embeddable":true,"href":"https:\/\/diariodominicano.com\/index.php?rest_route=\/wp\/v2\/users\/28"}],"replies":[{"embeddable":true,"href":"https:\/\/diariodominicano.com\/index.php?rest_route=%2Fwp%2Fv2%2Fcomments&post=358694"}],"version-history":[{"count":5,"href":"https:\/\/diariodominicano.com\/index.php?rest_route=\/wp\/v2\/posts\/358694\/revisions"}],"predecessor-version":[{"id":358702,"href":"https:\/\/diariodominicano.com\/index.php?rest_route=\/wp\/v2\/posts\/358694\/revisions\/358702"}],"wp:featuredmedia":[{"embeddable":true,"href":"https:\/\/diariodominicano.com\/index.php?rest_route=\/wp\/v2\/media\/358695"}],"wp:attachment":[{"href":"https:\/\/diariodominicano.com\/index.php?rest_route=%2Fwp%2Fv2%2Fmedia&parent=358694"}],"wp:term":[{"taxonomy":"category","embeddable":true,"href":"https:\/\/diariodominicano.com\/index.php?rest_route=%2Fwp%2Fv2%2Fcategories&post=358694"},{"taxonomy":"post_tag","embeddable":true,"href":"https:\/\/diariodominicano.com\/index.php?rest_route=%2Fwp%2Fv2%2Ftags&post=358694"}],"curies":[{"name":"wp","href":"https:\/\/api.w.org\/{rel}","templated":true}]}}