{"id":358692,"date":"2022-06-01T23:54:41","date_gmt":"2022-06-02T03:54:41","guid":{"rendered":"http:\/\/diariodominicano.com\/?p=358692"},"modified":"2022-06-02T08:41:19","modified_gmt":"2022-06-02T12:41:19","slug":"juan-isidro-jimenes-desembarca-con-armas-en-montecristi-con-el-objetivo-de-derrocar-al-dictador-ulises-heureaux","status":"publish","type":"post","link":"https:\/\/diariodominicano.com\/?p=358692","title":{"rendered":"Juan Isidro Jimenes desembarca con armas en Montecristi con el objetivo de derrocar al dictador Ulises Heureaux"},"content":{"rendered":"\n<p><\/p>\n\n\n\n<p>Por H\u00e9ctor Tineo Nolasco<\/p>\n\n\n\n<p>Diariodominicano.com<\/p>\n\n\n\n<p>MONTECRISTI, el d\u00eda 2 de junio de 1898, desembarc\u00f3 en Montecristi, el pol\u00edtico y comerciante, Juan Isidro Jimenes, con el prop\u00f3sito de encabezar un movimiento armado contra el dictador Ulises (Lil\u00eds) Heureaux.<\/p>\n\n\n\n<p>&nbsp;&nbsp;&nbsp;&nbsp; Jimenes y sus acompa\u00f1antes, desembarcaron en el barco Fanita, con tres mil fusiles y otros pertrechos para iniciar una lucha armada para derrocar al dictador Ulises Heureaux.<\/p>\n\n\n\n<p>&nbsp;&nbsp; Juan Isidro Jim\u00e9nes era acompa\u00f1ado en la direcci\u00f3n del plan&nbsp; por Agust\u00edn Morales&nbsp; y Chucho Mercado.<\/p>\n\n\n\n<p>&nbsp;&nbsp;&nbsp;&nbsp;&nbsp; El proyecto de Juan Isidro Jimenes termin\u00f3 en el fracaso, porque fue aniquilado por las fuerzas del dictador Ulises (Lil\u00eds) Heureaux. De&nbsp; nuevo se vio obligado marchar al exilio.<\/p>\n\n\n\n<p>&nbsp;&nbsp;&nbsp;&nbsp;&nbsp; Tras el asesinato del dictador Ulises (Lil\u00eds)&nbsp; Heureaux, el 26 de julio de 1899, en la ciudad &nbsp;Moca, Juan Isidro Jimenes retorn\u00f3 al pa\u00eds&nbsp; y reinici\u00f3 sus actividades pol\u00edticas&nbsp; hasta llegar a la&nbsp; Presidencia de la Rep\u00fablica.<\/p>\n\n\n\n<p>&nbsp;&nbsp;&nbsp; Le toc\u00f3 administrar Rep\u00fablica Dominicana en un momento muy dif\u00edcil por la fragilidad de las instituciones.&nbsp; En medio de una crisis renunci\u00f3 a la Presidencia el 7 de mayo de 1916.<\/p>\n\n\n\n<p>&nbsp;&nbsp;&nbsp;&nbsp;&nbsp; En el momento que decidi\u00f3 renunciar, recib\u00eda presiones de las fuerzas militares de Estados Unidos, para que se apoyara en los marines estadounidenses para volver a controlar la Presidencia de la Rep\u00fablica Dominicana, pero rechaz\u00f3 la oferta.<\/p>\n\n\n\n<p>&nbsp;Juan Isidro Jimenes tambi\u00e9n era amenazado por el Congreso Nacional, que ten\u00eda el prop\u00f3sito de juzgarlo.<\/p>\n\n\n\n<p>&nbsp;&nbsp; Al producirse la renuncia del Presidente Jimenes, el Gobierno dominicano qued\u00f3 en manos&nbsp; de un Consejo de Secretarios de Estado.<\/p>\n\n\n\n<p>\u00a0\u00a0\u00a0\u00a0\u00a0 Juan Isidro Jimenes, muri\u00f3 en ciudad Santo Domingo, el d\u00eda 9 de mayo de 1919, en un momento que la Rep\u00fablica Dominicana segu\u00eda intervenida por Estados Unidos.<\/p>\n\n\n\n<p>diariodominicano.com el medio de comunicaci\u00f3n<\/p>\n\n\n\n<p>Efem\u00e9rides<\/p>\n","protected":false},"excerpt":{"rendered":"<p>Por H\u00e9ctor Tineo Nolasco Diariodominicano.com MONTECRISTI, el d\u00eda 2 de junio de 1898, desembarc\u00f3 en Montecristi, el pol\u00edtico y comerciante, Juan Isidro Jimenes, con el prop\u00f3sito de encabezar un movimiento armado contra el dictador Ulises (Lil\u00eds) Heureaux. &nbsp;&nbsp;&nbsp;&nbsp; Jimenes y sus acompa\u00f1antes, desembarcaron en el barco Fanita, con tres mil fusiles y otros pertrechos para [&hellip;]<\/p>\n","protected":false},"author":28,"featured_media":275446,"comment_status":"closed","ping_status":"","sticky":true,"template":"","format":"standard","meta":{"footnotes":""},"categories":[26,27],"tags":[],"class_list":["post-358692","post","type-post","status-publish","format-standard","has-post-thumbnail","hentry","category-efemerides","category-portada"],"_links":{"self":[{"href":"https:\/\/diariodominicano.com\/index.php?rest_route=\/wp\/v2\/posts\/358692","targetHints":{"allow":["GET"]}}],"collection":[{"href":"https:\/\/diariodominicano.com\/index.php?rest_route=\/wp\/v2\/posts"}],"about":[{"href":"https:\/\/diariodominicano.com\/index.php?rest_route=\/wp\/v2\/types\/post"}],"author":[{"embeddable":true,"href":"https:\/\/diariodominicano.com\/index.php?rest_route=\/wp\/v2\/users\/28"}],"replies":[{"embeddable":true,"href":"https:\/\/diariodominicano.com\/index.php?rest_route=%2Fwp%2Fv2%2Fcomments&post=358692"}],"version-history":[{"count":2,"href":"https:\/\/diariodominicano.com\/index.php?rest_route=\/wp\/v2\/posts\/358692\/revisions"}],"predecessor-version":[{"id":358705,"href":"https:\/\/diariodominicano.com\/index.php?rest_route=\/wp\/v2\/posts\/358692\/revisions\/358705"}],"wp:featuredmedia":[{"embeddable":true,"href":"https:\/\/diariodominicano.com\/index.php?rest_route=\/wp\/v2\/media\/275446"}],"wp:attachment":[{"href":"https:\/\/diariodominicano.com\/index.php?rest_route=%2Fwp%2Fv2%2Fmedia&parent=358692"}],"wp:term":[{"taxonomy":"category","embeddable":true,"href":"https:\/\/diariodominicano.com\/index.php?rest_route=%2Fwp%2Fv2%2Fcategories&post=358692"},{"taxonomy":"post_tag","embeddable":true,"href":"https:\/\/diariodominicano.com\/index.php?rest_route=%2Fwp%2Fv2%2Ftags&post=358692"}],"curies":[{"name":"wp","href":"https:\/\/api.w.org\/{rel}","templated":true}]}}