{"id":358690,"date":"2022-06-01T23:49:45","date_gmt":"2022-06-02T03:49:45","guid":{"rendered":"http:\/\/diariodominicano.com\/?p=358690"},"modified":"2022-06-02T08:17:31","modified_gmt":"2022-06-02T12:17:31","slug":"el-emperador-carlos-v-dispone-en-la-capilla-mayor-de-la-catedral-de-santo-domingo-sean-enterrados-los-restos-de-cristobal-colon-y-sus-descendientes","status":"publish","type":"post","link":"https:\/\/diariodominicano.com\/?p=358690","title":{"rendered":"El Emperador Carlos V, dispone en la Capilla Mayor de la Catedral de Santo Domingo, sean enterrados los restos de Crist\u00f3bal Col\u00f3n y sus descendientes"},"content":{"rendered":"\n<p><\/p>\n\n\n\n<p>Por H\u00e9ctor Tineo Nolasco<\/p>\n\n\n\n<p>Diariodominicano.com<\/p>\n\n\n\n<p>SANTO DOMINGO, el 2 de junio de 1537, el Emperador Carlos V, en virtud de una Real Provisi\u00f3n, concedi\u00f3 a Luis Col\u00f3n la Capilla Mayor de la Catedral de Santo Domingo, para enterrar los restos de Crist\u00f3bal Col\u00f3n y sus descendientes.<\/p>\n\n\n\n<p>&nbsp;&nbsp; Carlos V&nbsp; aprob\u00f3 la Real Provisi\u00f3n para atender una petici\u00f3n que le hab\u00eda hecho Mar\u00eda de Toledo, residente en la colonia espa\u00f1ola de Santo Domingo.<\/p>\n\n\n\n<p>&nbsp;&nbsp;&nbsp; Mar\u00eda de Toledo fue la esposa de Diego Col\u00f3n. Falleci\u00f3 en &nbsp;ciudad Santo Domingo, el d\u00eda 11 de mayo de&nbsp; 1549.<\/p>\n","protected":false},"excerpt":{"rendered":"<p>Por H\u00e9ctor Tineo Nolasco Diariodominicano.com SANTO DOMINGO, el 2 de junio de 1537, el Emperador Carlos V, en virtud de una Real Provisi\u00f3n, concedi\u00f3 a Luis Col\u00f3n la Capilla Mayor de la Catedral de Santo Domingo, para enterrar los restos de Crist\u00f3bal Col\u00f3n y sus descendientes. &nbsp;&nbsp; Carlos V&nbsp; aprob\u00f3 la Real Provisi\u00f3n para atender [&hellip;]<\/p>\n","protected":false},"author":28,"featured_media":328971,"comment_status":"closed","ping_status":"","sticky":true,"template":"","format":"standard","meta":{"footnotes":""},"categories":[26,27],"tags":[],"class_list":["post-358690","post","type-post","status-publish","format-standard","has-post-thumbnail","hentry","category-efemerides","category-portada"],"_links":{"self":[{"href":"https:\/\/diariodominicano.com\/index.php?rest_route=\/wp\/v2\/posts\/358690","targetHints":{"allow":["GET"]}}],"collection":[{"href":"https:\/\/diariodominicano.com\/index.php?rest_route=\/wp\/v2\/posts"}],"about":[{"href":"https:\/\/diariodominicano.com\/index.php?rest_route=\/wp\/v2\/types\/post"}],"author":[{"embeddable":true,"href":"https:\/\/diariodominicano.com\/index.php?rest_route=\/wp\/v2\/users\/28"}],"replies":[{"embeddable":true,"href":"https:\/\/diariodominicano.com\/index.php?rest_route=%2Fwp%2Fv2%2Fcomments&post=358690"}],"version-history":[{"count":2,"href":"https:\/\/diariodominicano.com\/index.php?rest_route=\/wp\/v2\/posts\/358690\/revisions"}],"predecessor-version":[{"id":358698,"href":"https:\/\/diariodominicano.com\/index.php?rest_route=\/wp\/v2\/posts\/358690\/revisions\/358698"}],"wp:featuredmedia":[{"embeddable":true,"href":"https:\/\/diariodominicano.com\/index.php?rest_route=\/wp\/v2\/media\/328971"}],"wp:attachment":[{"href":"https:\/\/diariodominicano.com\/index.php?rest_route=%2Fwp%2Fv2%2Fmedia&parent=358690"}],"wp:term":[{"taxonomy":"category","embeddable":true,"href":"https:\/\/diariodominicano.com\/index.php?rest_route=%2Fwp%2Fv2%2Fcategories&post=358690"},{"taxonomy":"post_tag","embeddable":true,"href":"https:\/\/diariodominicano.com\/index.php?rest_route=%2Fwp%2Fv2%2Ftags&post=358690"}],"curies":[{"name":"wp","href":"https:\/\/api.w.org\/{rel}","templated":true}]}}