{"id":358562,"date":"2022-06-01T15:03:58","date_gmt":"2022-06-01T19:03:58","guid":{"rendered":"http:\/\/diariodominicano.com\/?p=358562"},"modified":"2022-06-01T15:13:07","modified_gmt":"2022-06-01T19:13:07","slug":"duartianos-inician-celebracion-del-dia-del-orgullo-dominicano-en-newark-ee-uu","status":"publish","type":"post","link":"https:\/\/diariodominicano.com\/?p=358562","title":{"rendered":"Duartianos inician celebraci\u00f3n del \u201cD\u00eda del Orgullo Dominicano\u201d en Newark, EE.UU."},"content":{"rendered":"\n<p> Directivos y miembros del Instituto Duartiano y de su filial en el condado de Newark del estado de New Jersey, Estados Unidos, durante la ofrenda floral efectuada este mi\u00e9rcoles en el Altar de la Patria. <\/p>\n\n\n\n<p><strong><em>Destacan que esta fecha constituye una exaltaci\u00f3n a nuestra cultura y a los aportes de la comunidad criolla radicada en ese condado de New Jersey.<\/em><\/strong><\/p>\n\n\n\n<figure class=\"wp-block-image size-large\"><img loading=\"lazy\" decoding=\"async\" width=\"1024\" height=\"683\" src=\"https:\/\/diariodominicano.com\/wp-content\/uploads\/2022\/06\/Foto-2-Encuentro-directivos-Instituto-Duartiano-y-la-filial-en-Newark-New-Jersey-EE.UU_.-1-1024x683.jpg\" alt=\"\" class=\"wp-image-358566\" srcset=\"https:\/\/diariodominicano.com\/wp-content\/uploads\/2022\/06\/Foto-2-Encuentro-directivos-Instituto-Duartiano-y-la-filial-en-Newark-New-Jersey-EE.UU_.-1-1024x683.jpg 1024w, https:\/\/diariodominicano.com\/wp-content\/uploads\/2022\/06\/Foto-2-Encuentro-directivos-Instituto-Duartiano-y-la-filial-en-Newark-New-Jersey-EE.UU_.-1-300x200.jpg 300w, https:\/\/diariodominicano.com\/wp-content\/uploads\/2022\/06\/Foto-2-Encuentro-directivos-Instituto-Duartiano-y-la-filial-en-Newark-New-Jersey-EE.UU_.-1-768x512.jpg 768w, https:\/\/diariodominicano.com\/wp-content\/uploads\/2022\/06\/Foto-2-Encuentro-directivos-Instituto-Duartiano-y-la-filial-en-Newark-New-Jersey-EE.UU_.-1-1536x1024.jpg 1536w, https:\/\/diariodominicano.com\/wp-content\/uploads\/2022\/06\/Foto-2-Encuentro-directivos-Instituto-Duartiano-y-la-filial-en-Newark-New-Jersey-EE.UU_.-1-2048x1365.jpg 2048w, https:\/\/diariodominicano.com\/wp-content\/uploads\/2022\/06\/Foto-2-Encuentro-directivos-Instituto-Duartiano-y-la-filial-en-Newark-New-Jersey-EE.UU_.-1-816x544.jpg 816w\" sizes=\"auto, (max-width: 1024px) 100vw, 1024px\" \/><\/figure>\n\n\n\n<p> Los presidentes del Instituto Duartiano y de la filial duartiana en Newark, New Jersey, Wilson G\u00f3mez Ram\u00edrez y Santiago Paniagua, respectivamente, encabezaron un encuentro en el inicio de las actividades \u00abD\u00eda del Orgullo Dominicano en el Estado de New Jersey\u00bb. <\/p>\n\n\n\n<p><strong><em>Muestran preocupaci\u00f3n por la cercan\u00eda de bandas haitianas en la frontera<\/em><\/strong><\/p>\n\n\n\n<p><a><\/a><a>Santo Domingo, Rep. Dom.- Con una ofrenda floral en el Altar de la Patria, el Instituto Duartiano (ID) y su filial del condado de Newark del estado de New Jersey, Estados Unidos, iniciaron hoy las actividades con motivo del \u00abD\u00eda del Orgullo Dominicano en el Estado de New Jersey\u00bb, que se conmemora el segundo s\u00e1bado de julio de cada a\u00f1o.<\/a><\/p>\n\n\n\n<p><a>El acto patri\u00f3tico estuvo encabezado por Wilson G\u00f3mez Ram\u00edrez, presidente del ID y Santiago Paniagua, presidente de la filial duartiana en Newark, New Jersey, y cont\u00f3 con la asistencia de directivos, miembros, colaboradores de ambos organismos e invitados especiales.<\/a><\/p>\n\n\n\n<p>La fecha escogida porque coincide con dos acontecimientos importantes como son la conmemoraci\u00f3n de la muerte de Juan Pablo Duarte, el 15 de julio y de la fundaci\u00f3n secreta La Trinitaria, el 16 de julio.<\/p>\n\n\n\n<p>El ID y su filial duartiana en esa ciudad estadounidense celebran el logro de que se declare el \u00abD\u00eda del Orgullo Dominicano en el Estado de New Jersey\u00bb, porque constituye una exaltaci\u00f3n a nuestra cultura y a los aportes de esta comunidad radicada en esa localidad al desarrollo de ese condado.<\/p>\n\n\n\n<figure class=\"wp-block-image size-large\"><img loading=\"lazy\" decoding=\"async\" width=\"1024\" height=\"683\" src=\"https:\/\/diariodominicano.com\/wp-content\/uploads\/2022\/06\/Foto-3-Visita-al-Museo-y-Casa-de-Duarte-en-la-Ciudad-Colonial.-1024x683.jpg\" alt=\"\" class=\"wp-image-358567\" srcset=\"https:\/\/diariodominicano.com\/wp-content\/uploads\/2022\/06\/Foto-3-Visita-al-Museo-y-Casa-de-Duarte-en-la-Ciudad-Colonial.-1024x683.jpg 1024w, https:\/\/diariodominicano.com\/wp-content\/uploads\/2022\/06\/Foto-3-Visita-al-Museo-y-Casa-de-Duarte-en-la-Ciudad-Colonial.-300x200.jpg 300w, https:\/\/diariodominicano.com\/wp-content\/uploads\/2022\/06\/Foto-3-Visita-al-Museo-y-Casa-de-Duarte-en-la-Ciudad-Colonial.-768x512.jpg 768w, https:\/\/diariodominicano.com\/wp-content\/uploads\/2022\/06\/Foto-3-Visita-al-Museo-y-Casa-de-Duarte-en-la-Ciudad-Colonial.-1536x1024.jpg 1536w, https:\/\/diariodominicano.com\/wp-content\/uploads\/2022\/06\/Foto-3-Visita-al-Museo-y-Casa-de-Duarte-en-la-Ciudad-Colonial.-2048x1365.jpg 2048w, https:\/\/diariodominicano.com\/wp-content\/uploads\/2022\/06\/Foto-3-Visita-al-Museo-y-Casa-de-Duarte-en-la-Ciudad-Colonial.-816x544.jpg 816w\" sizes=\"auto, (max-width: 1024px) 100vw, 1024px\" \/><\/figure>\n\n\n\n<p> <strong>Un aspecto de la visita al Museo y Casa de Duarte, en la Ciudad Colonial, de una comisi\u00f3n de la filial del Instituto Duartiano en el condado de Newark del estado de New Jersey, Estados Unidos. <\/strong><\/p>\n\n\n\n<p>El \u00abD\u00eda del Orgullo Dominicano en el Estado de New Jersey\u00bb fue aprobado en la ley AJR-71, \u00faltima secci\u00f3n AJR104, sometida en el senado del estado de New Jersey por la congresista Teresa Ruiz y la asamble\u00edsta Eliana Pintor Mar\u00edn.<\/p>\n\n\n\n<p><strong>Preocupa cercan\u00eda de bandas haitianas en la frontera<\/strong><\/p>\n\n\n\n<p>El presidente del Instituto Duartiano (ID), Wilson G\u00f3mez Ram\u00edrez, mostr\u00f3 su preocupaci\u00f3n por la cercana presencia en territorio nacional de integrantes de bandas criminales que operan en Hait\u00ed, muchos de los cuales disponen de recursos para ingresar al pa\u00eds por la frontera terrestre, con estructuras que, si las autoridades se descuidan, podr\u00edan recomponerse de este lado y crear una situaci\u00f3n de alta inseguridad.<\/p>\n\n\n\n<p>G\u00f3mez Ram\u00edrez reiter\u00f3 que son insuficientes los esfuerzos de las autoridades dominicanas para contrarrestar lo que consider\u00f3 como una amenaza contra la vida institucional dominicana la excesiva migraci\u00f3n ilegal de nacionales haitiano.<\/p>\n\n\n\n<p>El presidente del organismo patri\u00f3tico intervino este mi\u00e9rcoles en una ofrenda floral en el Altar de la Patria, organizada por el Instituto Duartiano y su filial del condado de Newark del estado de New Jersey, que marc\u00f3 el inicio de las actividades con motivo del \u00abD\u00eda del Orgullo Dominicano en el Estado de New Jersey\u00bb, que se conmemora el segundo s\u00e1bado de julio de cada a\u00f1o.<\/p>\n\n\n\n<p>\u201cLos propios sectores haitianos admiten que, en comunidades fronterizas muy pr\u00f3ximas al lado dominicano, las bandas de secuestradores haitianos han logrado extender sus acciones, debiendo los conductores de veh\u00edculos de carga y de pasajeros, pagar peajes en las carreteras y en otros casos sufrir asaltos\u201d, precis\u00f3 G\u00f3mez Ram\u00edrez.<\/p>\n\n\n\n<p>Indic\u00f3 que no se advierten acciones contundentes que sea efectivas para el control fronterizo, para desincentivar los corredores con las parturientas haitianas, la aplicaci\u00f3n de las leyes laborales y migratorias, las repatriaciones de los ilegales ni el control efectivo de los visados de los c\u00f3nsules dominicanos acreditados en Hait\u00ed, que inclusive, han reducido el n\u00famero de los vicec\u00f3nsules.<\/p>\n\n\n\n<p>\u201cEs una pena que, a doce a\u00f1os de la proclamaci\u00f3n de la Constituci\u00f3n de la Rep\u00fablica Dominicana de 2010, todav\u00eda el Congreso Nacional cumple con la reserva de ley establecida en el art\u00edculo 10.2 del texto supremo, el cual precisa que el r\u00e9gimen de adquisici\u00f3n y transferencia de la propiedad inmobiliaria en la zona fronteriza estar\u00e1 sometido a requisitos legales espec\u00edficos que privilegien la propiedad de los dominicanos y el inter\u00e9s nacional\u201d, apunt\u00f3.<\/p>\n\n\n\n<p>Por \u00faltimo, dijo que con esta ley se persigue la preservaci\u00f3n de la soberan\u00eda terrestre de la Rep\u00fablica Dominicana, evitar que extranjeros extiendan su \u00e1mbito de acci\u00f3n en la extensi\u00f3n superficial de la divisoria fronteriza, que es una manera de garantizar el territorio dominicano.<\/p>\n\n\n\n<p><strong>Links para ver o descargar v\u00eddeo:<\/strong><\/p>\n\n\n\n<p><strong>Por YouTube:<\/strong><\/p>\n\n\n\n<figure class=\"wp-block-embed is-type-video is-provider-youtube wp-block-embed-youtube wp-embed-aspect-16-9 wp-has-aspect-ratio\"><div class=\"wp-block-embed__wrapper\">\n<iframe loading=\"lazy\" title=\"Duartianos inician celebraci\u00f3n del \u201cD\u00eda del Orgullo Dominicano\u201d en Newark, EE.UU.\" width=\"616\" height=\"347\" src=\"https:\/\/www.youtube.com\/embed\/96KhNwldj5Q?feature=oembed\" frameborder=\"0\" allow=\"accelerometer; autoplay; clipboard-write; encrypted-media; gyroscope; picture-in-picture; web-share\" referrerpolicy=\"strict-origin-when-cross-origin\" allowfullscreen><\/iframe>\n<\/div><\/figure>\n\n\n\n<p><\/p>\n\n\n\n<p><\/p>\n\n\n\n<p>&nbsp;* * * * * * * * * * * * * * * * * * * * * * *<\/p>\n\n\n\n<p><\/p>\n\n\n\n<p>Enver L\u00f3pez Milander<\/p>\n\n\n\n<p>T<\/p>\n","protected":false},"excerpt":{"rendered":"<p>Directivos y miembros del Instituto Duartiano y de su filial en el condado de Newark del estado de New Jersey, Estados Unidos, durante la ofrenda floral efectuada este mi\u00e9rcoles en el Altar de la Patria. Destacan que esta fecha constituye una exaltaci\u00f3n a nuestra cultura y a los aportes de la comunidad criolla radicada en [&hellip;]<\/p>\n","protected":false},"author":2,"featured_media":358563,"comment_status":"closed","ping_status":"","sticky":true,"template":"","format":"standard","meta":{"footnotes":""},"categories":[20,26,27],"tags":[],"class_list":["post-358562","post","type-post","status-publish","format-standard","has-post-thumbnail","hentry","category-dominicana-hoy","category-efemerides","category-portada"],"_links":{"self":[{"href":"https:\/\/diariodominicano.com\/index.php?rest_route=\/wp\/v2\/posts\/358562","targetHints":{"allow":["GET"]}}],"collection":[{"href":"https:\/\/diariodominicano.com\/index.php?rest_route=\/wp\/v2\/posts"}],"about":[{"href":"https:\/\/diariodominicano.com\/index.php?rest_route=\/wp\/v2\/types\/post"}],"author":[{"embeddable":true,"href":"https:\/\/diariodominicano.com\/index.php?rest_route=\/wp\/v2\/users\/2"}],"replies":[{"embeddable":true,"href":"https:\/\/diariodominicano.com\/index.php?rest_route=%2Fwp%2Fv2%2Fcomments&post=358562"}],"version-history":[{"count":3,"href":"https:\/\/diariodominicano.com\/index.php?rest_route=\/wp\/v2\/posts\/358562\/revisions"}],"predecessor-version":[{"id":358568,"href":"https:\/\/diariodominicano.com\/index.php?rest_route=\/wp\/v2\/posts\/358562\/revisions\/358568"}],"wp:featuredmedia":[{"embeddable":true,"href":"https:\/\/diariodominicano.com\/index.php?rest_route=\/wp\/v2\/media\/358563"}],"wp:attachment":[{"href":"https:\/\/diariodominicano.com\/index.php?rest_route=%2Fwp%2Fv2%2Fmedia&parent=358562"}],"wp:term":[{"taxonomy":"category","embeddable":true,"href":"https:\/\/diariodominicano.com\/index.php?rest_route=%2Fwp%2Fv2%2Fcategories&post=358562"},{"taxonomy":"post_tag","embeddable":true,"href":"https:\/\/diariodominicano.com\/index.php?rest_route=%2Fwp%2Fv2%2Ftags&post=358562"}],"curies":[{"name":"wp","href":"https:\/\/api.w.org\/{rel}","templated":true}]}}