{"id":358430,"date":"2022-06-01T00:22:56","date_gmt":"2022-06-01T04:22:56","guid":{"rendered":"http:\/\/diariodominicano.com\/?p=358430"},"modified":"2022-06-01T00:23:26","modified_gmt":"2022-06-01T04:23:26","slug":"muere-julio-genaro-campillo-perez-4","status":"publish","type":"post","link":"https:\/\/diariodominicano.com\/?p=358430","title":{"rendered":"Muere Julio Genaro Campillo P\u00e9rez"},"content":{"rendered":"\n<p> El doctor Julio Genera Campillo P\u00e9rez <\/p>\n\n\n\n<p>Por HTN<\/p>\n\n\n\n<p>Diariodominicano.com<\/p>\n\n\n\n<p>SANTO DOMINGO, el 1 de junio de 2001, muri\u00f3 en la ma\u00f1ana a los 79 a\u00f1os de edad el abogado, historiador y juez de la Suprema Corte de Justicia, doctor Julio Genera Campillo P\u00e9rez.<\/p>\n\n\n\n<p>&nbsp;&nbsp;&nbsp;&nbsp;&nbsp;&nbsp;&nbsp;&nbsp;&nbsp;&nbsp;&nbsp;&nbsp;&nbsp;&nbsp;&nbsp;&nbsp;&nbsp;&nbsp; Desde hac\u00eda varios meses el magistrado Campillo P\u00e9rez sufr\u00eda trastornos de salud, situaci\u00f3n que origin\u00f3 una disminuci\u00f3n de sus funciones en el m\u00e1s alto tribunal de justicia.<\/p>\n\n\n\n<p>&nbsp;&nbsp;&nbsp;&nbsp;&nbsp;&nbsp;&nbsp;&nbsp;&nbsp;&nbsp;&nbsp;&nbsp;&nbsp;&nbsp;&nbsp;&nbsp;&nbsp;&nbsp; El doctor Julio Genaro Campillo P\u00e9rez naci\u00f3 el 9 de Julio de 1922 en la ciudad Santiago de los Caballeros.<\/p>\n\n\n\n<p>&nbsp;&nbsp;&nbsp;&nbsp;&nbsp;&nbsp;&nbsp;&nbsp;&nbsp;&nbsp;&nbsp;&nbsp;&nbsp;&nbsp;&nbsp;&nbsp;&nbsp;&nbsp; El historiador santiaguense se gradu\u00f3 de doctor en Derecho en la Universidad de Santo Domingo en el a\u00f1o 1943.<\/p>\n\n\n\n<p>&nbsp;&nbsp;&nbsp;&nbsp;&nbsp;&nbsp;&nbsp;&nbsp;&nbsp; Fue&nbsp; vicepresidente y secretario de la Asociaci\u00f3n de Abogados de Santiago; presidente del Tribunal Disciplinario de la Asociaci\u00f3n Dominicana de Abogados y Miembro del Consejo de Directores de la Fundaci\u00f3n Interamericana de Abogados, con asiento en Washington.<\/p>\n\n\n\n<p>&nbsp;&nbsp;&nbsp;&nbsp;&nbsp;&nbsp;&nbsp;&nbsp;&nbsp;&nbsp;&nbsp;&nbsp;&nbsp;&nbsp;&nbsp;&nbsp;&nbsp;&nbsp; &nbsp;Campillo P\u00e9rez tambi\u00e9n fue vicepresidente de la Asociaci\u00f3n para el Desarrollo de Santo Domingo Oriental. Hab\u00eda sido Juez de Paz Interino del municipio de Santiago y Secretario de la Junta de Ornato y Embellecimiento de Santiago.<\/p>\n\n\n\n<p>&nbsp;&nbsp;&nbsp;&nbsp;&nbsp;&nbsp;&nbsp;&nbsp;&nbsp;&nbsp;&nbsp;&nbsp;&nbsp;&nbsp;&nbsp;&nbsp;&nbsp;&nbsp; El doctor Julio Genaro Campillo P\u00e9rez tambi\u00e9n fue regidor del Ayuntamiento de Santiago y diputado al Congreso Nacional.<\/p>\n\n\n\n<p>&nbsp;&nbsp;&nbsp;&nbsp;&nbsp;&nbsp;&nbsp;&nbsp;&nbsp;&nbsp;&nbsp;&nbsp;&nbsp;&nbsp;&nbsp;&nbsp;&nbsp;&nbsp; Campillo P\u00e9rez desempe\u00f1\u00f3 el cargo de Secretario de Estado de Industria y Comercio; administrador general de la Corporaci\u00f3n Dominicana de Empresas Estatales (CORDE).<\/p>\n\n\n\n<p>&nbsp;&nbsp;&nbsp;&nbsp;&nbsp;&nbsp;&nbsp;&nbsp;&nbsp;&nbsp;&nbsp;&nbsp;&nbsp;&nbsp;&nbsp;&nbsp;&nbsp;&nbsp; Tambi\u00e9n fue miembro de la Junta Central Electoral y Presidente de la Comisi\u00f3n T\u00e9cnica Forestal y presidente de la Academia Dominicana de la Historia.<\/p>\n\n\n\n<p>&nbsp;&nbsp;&nbsp;&nbsp;&nbsp;&nbsp;&nbsp;&nbsp; Campillo P\u00e9rez fue, igualmente, presidente del Instituto Dominicano de Genealog\u00eda y miembro de la Comisi\u00f3n de Ciencias Jur\u00eddicas de la Academia de Ciencias de la Rep\u00fablica Dominicana.<\/p>\n","protected":false},"excerpt":{"rendered":"<p>El doctor Julio Genera Campillo P\u00e9rez Por HTN Diariodominicano.com SANTO DOMINGO, el 1 de junio de 2001, muri\u00f3 en la ma\u00f1ana a los 79 a\u00f1os de edad el abogado, historiador y juez de la Suprema Corte de Justicia, doctor Julio Genera Campillo P\u00e9rez. &nbsp;&nbsp;&nbsp;&nbsp;&nbsp;&nbsp;&nbsp;&nbsp;&nbsp;&nbsp;&nbsp;&nbsp;&nbsp;&nbsp;&nbsp;&nbsp;&nbsp;&nbsp; Desde hac\u00eda varios meses el magistrado Campillo P\u00e9rez sufr\u00eda trastornos de [&hellip;]<\/p>\n","protected":false},"author":28,"featured_media":358431,"comment_status":"closed","ping_status":"","sticky":true,"template":"","format":"standard","meta":{"footnotes":""},"categories":[26,27],"tags":[],"class_list":["post-358430","post","type-post","status-publish","format-standard","has-post-thumbnail","hentry","category-efemerides","category-portada"],"_links":{"self":[{"href":"https:\/\/diariodominicano.com\/index.php?rest_route=\/wp\/v2\/posts\/358430","targetHints":{"allow":["GET"]}}],"collection":[{"href":"https:\/\/diariodominicano.com\/index.php?rest_route=\/wp\/v2\/posts"}],"about":[{"href":"https:\/\/diariodominicano.com\/index.php?rest_route=\/wp\/v2\/types\/post"}],"author":[{"embeddable":true,"href":"https:\/\/diariodominicano.com\/index.php?rest_route=\/wp\/v2\/users\/28"}],"replies":[{"embeddable":true,"href":"https:\/\/diariodominicano.com\/index.php?rest_route=%2Fwp%2Fv2%2Fcomments&post=358430"}],"version-history":[{"count":2,"href":"https:\/\/diariodominicano.com\/index.php?rest_route=\/wp\/v2\/posts\/358430\/revisions"}],"predecessor-version":[{"id":358433,"href":"https:\/\/diariodominicano.com\/index.php?rest_route=\/wp\/v2\/posts\/358430\/revisions\/358433"}],"wp:featuredmedia":[{"embeddable":true,"href":"https:\/\/diariodominicano.com\/index.php?rest_route=\/wp\/v2\/media\/358431"}],"wp:attachment":[{"href":"https:\/\/diariodominicano.com\/index.php?rest_route=%2Fwp%2Fv2%2Fmedia&parent=358430"}],"wp:term":[{"taxonomy":"category","embeddable":true,"href":"https:\/\/diariodominicano.com\/index.php?rest_route=%2Fwp%2Fv2%2Fcategories&post=358430"},{"taxonomy":"post_tag","embeddable":true,"href":"https:\/\/diariodominicano.com\/index.php?rest_route=%2Fwp%2Fv2%2Ftags&post=358430"}],"curies":[{"name":"wp","href":"https:\/\/api.w.org\/{rel}","templated":true}]}}