{"id":358418,"date":"2022-06-01T00:04:10","date_gmt":"2022-06-01T04:04:10","guid":{"rendered":"http:\/\/diariodominicano.com\/?p=358418"},"modified":"2022-06-01T00:04:10","modified_gmt":"2022-06-01T04:04:10","slug":"en-puerto-plata-enfrentan-a-interventores-estadounidenses","status":"publish","type":"post","link":"https:\/\/diariodominicano.com\/?p=358418","title":{"rendered":"En Puerto Plata enfrentan a interventores estadounidenses"},"content":{"rendered":"\n<p><\/p>\n\n\n\n<p>Por HTN<\/p>\n\n\n\n<p>Diariodominicano.com<\/p>\n\n\n\n<p>PUERTO PLATA, el 1 de junio de 1916, ciudadanos y ciudadanas enfrentaron en Puerto Plata a las tropas interventoras de Estados Unidos que comenzaron a desembarcar en el puerto de esa ciudad.<\/p>\n\n\n\n<p>&nbsp;&nbsp;&nbsp; Los puertoplate\u00f1os se negaron a entregar esa plaza a los militares de Estados Unidos.<\/p>\n\n\n\n<p>&nbsp;&nbsp;&nbsp; Al frente de la resistencia se encontraba el Gobernador de Puerto Plata, el general Apolinar Rey, quien hab\u00eda recibido el apoyo del comandante de Puerto Plata, Silverio Pep\u00edn.<\/p>\n\n\n\n<p>&nbsp;&nbsp; En el enfrentamiento contra los invasores muri\u00f3 el dominicano Fano Gonz\u00e1lez.<\/p>\n\n\n\n<p>&nbsp;&nbsp;&nbsp; Como Apolinar Rey y Silverio Pep\u00edn, se distinguieron en la resistencia Rafael Pichardo y Zuz\u00fa Gonz\u00e1lez. &nbsp;Luego del combate, Apolinar Rey se retir\u00f3 a la ciudad de Santiago de los Caballeros.&nbsp;<\/p>\n\n\n\n<p>Al proclamarse el Gobierno de la ocupaci\u00f3n, Rey, y otros de sus compa\u00f1eros se mantuvieron fuera de las actividades p\u00fablicas, pero al comenzar el proceso electoral en 1924, apoy\u00f3 la candidatura de Francisco Peynado, pero cuando estim\u00f3 que Peynado no ten\u00eda posibilidades de triunfo, apoy\u00f3 a Horacio V\u00e1squez.<\/p>\n\n\n\n<p><strong>De igual modo, el &nbsp;&nbsp;23 de febrero de 1930, el general Apolinar Rey apoy\u00f3 el Movimiento que culmin\u00f3 con el derrocamiento del Presidente Horacio V\u00e1squez.<\/strong><\/p>\n\n\n\n<p>&nbsp;&nbsp;&nbsp;&nbsp; Al asumir el poder el General Rafael Le\u00f3nidas Trujillo Molina, el 16 de agosto de 1930, Apolinar Rey fue nombrado Gobernador de San Pedro de Macor\u00eds.<\/p>\n\n\n\n<p>&nbsp;&nbsp;&nbsp;&nbsp; Apolinar Rey, al momento de morir en 1936, era diputado. Hab\u00eda nacido en San Jos\u00e9 de Ocoa, en &nbsp;1879.<\/p>\n","protected":false},"excerpt":{"rendered":"<p>Por HTN Diariodominicano.com PUERTO PLATA, el 1 de junio de 1916, ciudadanos y ciudadanas enfrentaron en Puerto Plata a las tropas interventoras de Estados Unidos que comenzaron a desembarcar en el puerto de esa ciudad. &nbsp;&nbsp;&nbsp; Los puertoplate\u00f1os se negaron a entregar esa plaza a los militares de Estados Unidos. &nbsp;&nbsp;&nbsp; Al frente de la [&hellip;]<\/p>\n","protected":false},"author":28,"featured_media":320313,"comment_status":"closed","ping_status":"","sticky":true,"template":"","format":"standard","meta":{"footnotes":""},"categories":[26,27],"tags":[],"class_list":["post-358418","post","type-post","status-publish","format-standard","has-post-thumbnail","hentry","category-efemerides","category-portada"],"_links":{"self":[{"href":"https:\/\/diariodominicano.com\/index.php?rest_route=\/wp\/v2\/posts\/358418","targetHints":{"allow":["GET"]}}],"collection":[{"href":"https:\/\/diariodominicano.com\/index.php?rest_route=\/wp\/v2\/posts"}],"about":[{"href":"https:\/\/diariodominicano.com\/index.php?rest_route=\/wp\/v2\/types\/post"}],"author":[{"embeddable":true,"href":"https:\/\/diariodominicano.com\/index.php?rest_route=\/wp\/v2\/users\/28"}],"replies":[{"embeddable":true,"href":"https:\/\/diariodominicano.com\/index.php?rest_route=%2Fwp%2Fv2%2Fcomments&post=358418"}],"version-history":[{"count":1,"href":"https:\/\/diariodominicano.com\/index.php?rest_route=\/wp\/v2\/posts\/358418\/revisions"}],"predecessor-version":[{"id":358419,"href":"https:\/\/diariodominicano.com\/index.php?rest_route=\/wp\/v2\/posts\/358418\/revisions\/358419"}],"wp:featuredmedia":[{"embeddable":true,"href":"https:\/\/diariodominicano.com\/index.php?rest_route=\/wp\/v2\/media\/320313"}],"wp:attachment":[{"href":"https:\/\/diariodominicano.com\/index.php?rest_route=%2Fwp%2Fv2%2Fmedia&parent=358418"}],"wp:term":[{"taxonomy":"category","embeddable":true,"href":"https:\/\/diariodominicano.com\/index.php?rest_route=%2Fwp%2Fv2%2Fcategories&post=358418"},{"taxonomy":"post_tag","embeddable":true,"href":"https:\/\/diariodominicano.com\/index.php?rest_route=%2Fwp%2Fv2%2Ftags&post=358418"}],"curies":[{"name":"wp","href":"https:\/\/api.w.org\/{rel}","templated":true}]}}