{"id":358243,"date":"2022-05-31T00:10:49","date_gmt":"2022-05-31T04:10:49","guid":{"rendered":"http:\/\/diariodominicano.com\/?p=358243"},"modified":"2022-05-31T00:13:13","modified_gmt":"2022-05-31T04:13:13","slug":"en-republica-dominicana-imponen-terror-tras-la-muerte-de-trujillo","status":"publish","type":"post","link":"https:\/\/diariodominicano.com\/?p=358243","title":{"rendered":"En Rep\u00fablica Dominicana imponen terror tras la muerte de Trujillo"},"content":{"rendered":"\n<p><strong>En Rep\u00fablica Dominicana imponen terror tras la muerte de Trujillo. Matan a los hermanos de La Maza, a Segundo Imbert y a Rafael Augusto S\u00e1nchez<\/strong><\/p>\n\n\n\n<p>&nbsp;<strong>Por H\u00e9ctor Tineo Nolasco<\/strong><\/p>\n\n\n\n<p><strong>Diariodominicano.com<\/strong><\/p>\n\n\n\n<p>&nbsp;LA VEGA.- El&nbsp; 31 de mayo de 1961, agentes de los servicios represivos de la maquinaria trujillista asesinaron en La Vega, a&nbsp; Mario y a Bol\u00edvar de la Maza, hermanos de Antonio de la Maza, uno de los participantes en la eliminaci\u00f3n f\u00edsica del dictador Rafael Le\u00f3nidas Trujillo Molina.<\/p>\n\n\n\n<p>&nbsp;&nbsp;&nbsp; &nbsp;&nbsp;&nbsp;&nbsp;&nbsp; El mismo d\u00eda 31 de mayo de 1961 fueron asesinados a balazos cerca de La Victoria, en el Distrito Nacional, los presos&nbsp; antitrujillistas Segundo Imbert y Rafael Augusto S\u00e1nchez.<\/p>\n\n\n\n<p>&nbsp;&nbsp;&nbsp; &nbsp;&nbsp;&nbsp;&nbsp;&nbsp; Los hermanos de La Maza hab\u00edan sido detenidos en Moca, tras conocerse la participaci\u00f3n de su hermano Antonio de la Maza en la muerte de Trujillo, en un hecho ocurrido la noche del 30 de mayo en las afueras de la ciudad de Santo Domingo, en la carretera que conduce a San Crist\u00f3bal, hoy autopista 30 de mayo.<\/p>\n\n\n\n<p>&nbsp;&nbsp;&nbsp;&nbsp; Segundo Imbert, hermano de Antonio Imbert Barrera, y Rafael Augusto S\u00e1nchez, cuando ocurri\u00f3 el asesinato del dictador, se encontraban presos en el penal de La Victoria.<\/p>\n\n\n\n<p>&nbsp;&nbsp;&nbsp; &nbsp;&nbsp;&nbsp;&nbsp;&nbsp; Para justificar el crimen, los organismos de represi\u00f3n dijeron que los dos detenidos intentaron escapar, pero luego se comprob\u00f3 se trat\u00f3 de una ejecuci\u00f3n.<\/p>\n\n\n\n<p>&nbsp;&nbsp; &nbsp;&nbsp;&nbsp;&nbsp;&nbsp;&nbsp; Al conocer la muerte del dictador Trujillo, el Servicio de Inteligencia Militar (SIM) desat\u00f3 una campa\u00f1a de represi\u00f3n en los lugares donde sospechaba se ocultaban antitrujillistas.<\/p>\n\n\n\n<figure class=\"wp-block-image size-full\"><img loading=\"lazy\" decoding=\"async\" width=\"404\" height=\"360\" src=\"https:\/\/diariodominicano.com\/wp-content\/uploads\/2022\/05\/truji.jpg\" alt=\"\" class=\"wp-image-358247\" srcset=\"https:\/\/diariodominicano.com\/wp-content\/uploads\/2022\/05\/truji.jpg 404w, https:\/\/diariodominicano.com\/wp-content\/uploads\/2022\/05\/truji-300x267.jpg 300w\" sizes=\"auto, (max-width: 404px) 100vw, 404px\" \/><\/figure>\n\n\n\n<p>&nbsp;&nbsp;&nbsp;&nbsp;&nbsp; &nbsp;&nbsp;&nbsp; En el ataque que termin\u00f3 con la vida del dictador Trujillo, adem\u00e1s de&nbsp; &nbsp;De la Maza, participaron Juan Tom\u00e1s D\u00edaz, Antonio Imbert Barrera, Modesto D\u00edaz, Pedro Livio Cede\u00f1o, Salvador Estrella Sahdal\u00e1, Roberto Pastoriza, Hu\u00e1scar Tejeda, y el teniente Amado Garc\u00eda Guerrero, de la Guardia Presidencial.<\/p>\n\n\n\n<p>&nbsp;&nbsp;&nbsp; &nbsp;&nbsp;&nbsp;&nbsp;&nbsp; En el plan contra Trujillo, tambi\u00e9n participaron Luis Amiama Ti\u00f3 y Luis Manuel \u2013Tunti- C\u00e1ceres, pero la noche del ataque no estuvieron presentes&nbsp; porque cumpl\u00edan otras actividades.&nbsp;<\/p>\n\n\n\n<p>&nbsp;&nbsp;&nbsp; &nbsp;&nbsp;&nbsp;&nbsp;&nbsp; El dictador Trujillo muri\u00f3 en el lugar donde hoy est\u00e1 el monumento a los H\u00e9roes del 30 de Mayo, en la autopista del mismo nombre, en la zona sur de la Capital dominicana.<\/p>\n\n\n\n<p>&nbsp;&nbsp;&nbsp;&nbsp; &nbsp;&nbsp;&nbsp;&nbsp; Los conjurados levantaron el cad\u00e1ver y lo llevaron a la residencia de Juan Tom\u00e1s D\u00edaz, en la calle C\u00e9sar Nicol\u00e1s Penson, en el sector Gazcue de la ciudad Santo Domingo, ah\u00ed lo encontraron agentes del Servicio de Inteligencia Militar (SIM).<\/p>\n\n\n\n<p>&nbsp;&nbsp;&nbsp;&nbsp; &nbsp;&nbsp;&nbsp;&nbsp; Zacar\u00edas de la Cruz, chofer de Trujillo, sufri\u00f3 m\u00faltiples heridas de bala, pero sobrevivi\u00f3.<\/p>\n\n\n\n<p>&nbsp;&nbsp;&nbsp; &nbsp;&nbsp;&nbsp;&nbsp;&nbsp; Del grupo que mat\u00f3 al dictador Trujillo sufrieron heridas Pedro Livio Cede\u00f1o, Amado Garc\u00eda Guerrero y Antonio Imbert Barrera, pero el \u00fanico que requiri\u00f3 asistencia m\u00e9dica especializada fue Pedro Livio Cede\u00f1o, el primero en caer prisionero.<\/p>\n\n\n\n<p>&nbsp;&nbsp;&nbsp;&nbsp; &nbsp;&nbsp;&nbsp;&nbsp; Antonio Imbert Barrera y Luis Amiama Ti\u00f3, lograron permanecer ocultos hasta que termin\u00f3 la persecuci\u00f3n en su contra, pero los dem\u00e1s fueron muertos por el hijo del dictador Ramfi Trujillo, seg\u00fan dijeron varios de sus amigos y colaboradores.<\/p>\n\n\n\n<p>&nbsp;&nbsp;&nbsp;&nbsp; &nbsp;&nbsp;&nbsp;&nbsp; La dictadura de Trujillo se prolong\u00f3 por m\u00e1s de 30&nbsp; a\u00f1os.&nbsp;<\/p>\n","protected":false},"excerpt":{"rendered":"<p>En Rep\u00fablica Dominicana imponen terror tras la muerte de Trujillo. Matan a los hermanos de La Maza, a Segundo Imbert y a Rafael Augusto S\u00e1nchez &nbsp;Por H\u00e9ctor Tineo Nolasco Diariodominicano.com &nbsp;LA VEGA.- El&nbsp; 31 de mayo de 1961, agentes de los servicios represivos de la maquinaria trujillista asesinaron en La Vega, a&nbsp; Mario y a [&hellip;]<\/p>\n","protected":false},"author":28,"featured_media":358245,"comment_status":"open","ping_status":"","sticky":true,"template":"","format":"standard","meta":{"footnotes":""},"categories":[26,27],"tags":[],"class_list":["post-358243","post","type-post","status-publish","format-standard","has-post-thumbnail","hentry","category-efemerides","category-portada"],"_links":{"self":[{"href":"https:\/\/diariodominicano.com\/index.php?rest_route=\/wp\/v2\/posts\/358243","targetHints":{"allow":["GET"]}}],"collection":[{"href":"https:\/\/diariodominicano.com\/index.php?rest_route=\/wp\/v2\/posts"}],"about":[{"href":"https:\/\/diariodominicano.com\/index.php?rest_route=\/wp\/v2\/types\/post"}],"author":[{"embeddable":true,"href":"https:\/\/diariodominicano.com\/index.php?rest_route=\/wp\/v2\/users\/28"}],"replies":[{"embeddable":true,"href":"https:\/\/diariodominicano.com\/index.php?rest_route=%2Fwp%2Fv2%2Fcomments&post=358243"}],"version-history":[{"count":2,"href":"https:\/\/diariodominicano.com\/index.php?rest_route=\/wp\/v2\/posts\/358243\/revisions"}],"predecessor-version":[{"id":358248,"href":"https:\/\/diariodominicano.com\/index.php?rest_route=\/wp\/v2\/posts\/358243\/revisions\/358248"}],"wp:featuredmedia":[{"embeddable":true,"href":"https:\/\/diariodominicano.com\/index.php?rest_route=\/wp\/v2\/media\/358245"}],"wp:attachment":[{"href":"https:\/\/diariodominicano.com\/index.php?rest_route=%2Fwp%2Fv2%2Fmedia&parent=358243"}],"wp:term":[{"taxonomy":"category","embeddable":true,"href":"https:\/\/diariodominicano.com\/index.php?rest_route=%2Fwp%2Fv2%2Fcategories&post=358243"},{"taxonomy":"post_tag","embeddable":true,"href":"https:\/\/diariodominicano.com\/index.php?rest_route=%2Fwp%2Fv2%2Ftags&post=358243"}],"curies":[{"name":"wp","href":"https:\/\/api.w.org\/{rel}","templated":true}]}}