{"id":358239,"date":"2022-05-31T00:04:16","date_gmt":"2022-05-31T04:04:16","guid":{"rendered":"http:\/\/diariodominicano.com\/?p=358239"},"modified":"2022-05-31T00:04:56","modified_gmt":"2022-05-31T04:04:56","slug":"la-junta-central-gubernativa-rechaza-otorgar-rangos-militares-a-trinitarios","status":"publish","type":"post","link":"https:\/\/diariodominicano.com\/?p=358239","title":{"rendered":"La Junta Central Gubernativa rechaza otorgar rangos militares a trinitarios"},"content":{"rendered":"\n<p><\/p>\n\n\n\n<p><strong>Por H\u00e9ctor Tineo Nolasco<\/strong><\/p>\n\n\n\n<p><strong>Diariodominicano.com<\/strong><\/p>\n\n\n\n<p>SANTO DOMINGO, el 31 de mayo de 1844, Juan Pablo Duarte y un grupo de sus seguidores iniciaron un plan con el prop\u00f3sito de tomar el poder en Rep\u00fablica Dominicana, porque hab\u00eda ca\u00eddo en manos de los grupos conservadores que representaba el Presidente de la Junta Central Gubernativa, Tom\u00e1s Bobadilla y Briones, quien favorec\u00eda la idea de que la naciente Rep\u00fablica pasara a ser un protectorado de Francia.<\/p>\n\n\n\n<figure class=\"wp-block-image size-full\"><img loading=\"lazy\" decoding=\"async\" width=\"370\" height=\"497\" src=\"https:\/\/diariodominicano.com\/wp-content\/uploads\/2022\/01\/Duarte-joven00.jpg\" alt=\"\" class=\"wp-image-326306\" srcset=\"https:\/\/diariodominicano.com\/wp-content\/uploads\/2022\/01\/Duarte-joven00.jpg 370w, https:\/\/diariodominicano.com\/wp-content\/uploads\/2022\/01\/Duarte-joven00-223x300.jpg 223w\" sizes=\"auto, (max-width: 370px) 100vw, 370px\" \/><\/figure>\n\n\n\n<p>&nbsp;&nbsp; Juan Pablo Duarte y un grupo de trinitarios se reunieron con la guarnici\u00f3n de la Fortaleza Ozama, y lograron que 56 oficiales activos firmaran un documento dirigido a la Junta Central Gubernativa, para solicitarle que Duarte fuera nombrado General en Jefe del Ej\u00e9rcito, y los dem\u00e1s trinitarios, incluidos los pr\u00f3ceres Francisco del Rosario S\u00e1nchez y Mat\u00edas Ram\u00f3n Mella, fueran nombrados Generales de Divisi\u00f3n o Generales de Brigada.<\/p>\n\n\n\n<p>&nbsp;&nbsp;&nbsp; &nbsp;&nbsp;&nbsp;&nbsp;&nbsp; De esa manera, Juan Pablo Duarte y sus seguidores trataban de frenar el avance del grupo conservador que controlaba la Junta Central Gubernativa y desplazar al General Pedro Santana&nbsp; del control de las Fuerzas Armadas.<\/p>\n\n\n\n<p>&nbsp;&nbsp;&nbsp;&nbsp;&nbsp; &nbsp;&nbsp;&nbsp; <strong>La petici\u00f3n de los trinitarios fue rechazada por la Junta Central Gubernativa, que expres\u00f3 al respecto: \u201cHabiendo cesado por ahora las hostilidades no ha lugar al aumento de grado que varios oficiales solicitan\u201d en favor de Duarte, S\u00e1nchez, Mella, y Villanueva.<\/strong><\/p>\n\n\n\n<p>&nbsp;&nbsp;&nbsp;&nbsp;&nbsp; Tambi\u00e9n advirti\u00f3: \u201cLa Junta declara que no nombrar\u00e1 en lo adelante m\u00e1s oficiales generales, para estar en armon\u00eda con los principios del Manifiesto del 16 de enero del presente a\u00f1o\u201d, 1844.<\/p>\n\n\n\n<p>&nbsp;&nbsp;&nbsp;&nbsp; &nbsp;&nbsp;&nbsp;&nbsp; Decisiones posteriores de la Junta Central Gubernativa, prueban que su reacci\u00f3n fue un simple pretexto para rechazar la petici\u00f3n de los trinitarios. En efecto, el d\u00eda 1 de junio, es decir, un d\u00eda despu\u00e9s de su rechazo, volvi\u00f3 a pedir la protecci\u00f3n pol\u00edtica y militar de Francia, para defenderse de los haitianos.<\/p>\n","protected":false},"excerpt":{"rendered":"<p>Por H\u00e9ctor Tineo Nolasco Diariodominicano.com SANTO DOMINGO, el 31 de mayo de 1844, Juan Pablo Duarte y un grupo de sus seguidores iniciaron un plan con el prop\u00f3sito de tomar el poder en Rep\u00fablica Dominicana, porque hab\u00eda ca\u00eddo en manos de los grupos conservadores que representaba el Presidente de la Junta Central Gubernativa, Tom\u00e1s Bobadilla [&hellip;]<\/p>\n","protected":false},"author":28,"featured_media":293802,"comment_status":"closed","ping_status":"","sticky":true,"template":"","format":"standard","meta":{"footnotes":""},"categories":[26,27],"tags":[],"class_list":["post-358239","post","type-post","status-publish","format-standard","has-post-thumbnail","hentry","category-efemerides","category-portada"],"_links":{"self":[{"href":"https:\/\/diariodominicano.com\/index.php?rest_route=\/wp\/v2\/posts\/358239","targetHints":{"allow":["GET"]}}],"collection":[{"href":"https:\/\/diariodominicano.com\/index.php?rest_route=\/wp\/v2\/posts"}],"about":[{"href":"https:\/\/diariodominicano.com\/index.php?rest_route=\/wp\/v2\/types\/post"}],"author":[{"embeddable":true,"href":"https:\/\/diariodominicano.com\/index.php?rest_route=\/wp\/v2\/users\/28"}],"replies":[{"embeddable":true,"href":"https:\/\/diariodominicano.com\/index.php?rest_route=%2Fwp%2Fv2%2Fcomments&post=358239"}],"version-history":[{"count":3,"href":"https:\/\/diariodominicano.com\/index.php?rest_route=\/wp\/v2\/posts\/358239\/revisions"}],"predecessor-version":[{"id":358242,"href":"https:\/\/diariodominicano.com\/index.php?rest_route=\/wp\/v2\/posts\/358239\/revisions\/358242"}],"wp:featuredmedia":[{"embeddable":true,"href":"https:\/\/diariodominicano.com\/index.php?rest_route=\/wp\/v2\/media\/293802"}],"wp:attachment":[{"href":"https:\/\/diariodominicano.com\/index.php?rest_route=%2Fwp%2Fv2%2Fmedia&parent=358239"}],"wp:term":[{"taxonomy":"category","embeddable":true,"href":"https:\/\/diariodominicano.com\/index.php?rest_route=%2Fwp%2Fv2%2Fcategories&post=358239"},{"taxonomy":"post_tag","embeddable":true,"href":"https:\/\/diariodominicano.com\/index.php?rest_route=%2Fwp%2Fv2%2Ftags&post=358239"}],"curies":[{"name":"wp","href":"https:\/\/api.w.org\/{rel}","templated":true}]}}