{"id":358003,"date":"2022-05-29T23:50:49","date_gmt":"2022-05-30T03:50:49","guid":{"rendered":"http:\/\/diariodominicano.com\/?p=358003"},"modified":"2022-05-30T07:42:18","modified_gmt":"2022-05-30T11:42:18","slug":"matan-al-dictador-trujillo-2","status":"publish","type":"post","link":"https:\/\/diariodominicano.com\/?p=358003","title":{"rendered":"Matan al dictador Trujillo"},"content":{"rendered":"\n<p>El veh\u00edculo en que viajaba el dictador Trujillo cuando fue atacado a tiros. Trujillo muri\u00f3 en el lugar y el conductor Zacar\u00edas de la Cruz sufri\u00f3 m\u00faltiples heridas de bala.<\/p>\n\n\n\n<figure class=\"wp-block-image size-large\"><img loading=\"lazy\" decoding=\"async\" width=\"1024\" height=\"526\" src=\"https:\/\/diariodominicano.com\/wp-content\/uploads\/2021\/04\/Rafael-Leonidas-Trujillo-Molina-11W-1024x526.jpg\" alt=\"\" class=\"wp-image-271906\" srcset=\"https:\/\/diariodominicano.com\/wp-content\/uploads\/2021\/04\/Rafael-Leonidas-Trujillo-Molina-11W-1024x526.jpg 1024w, https:\/\/diariodominicano.com\/wp-content\/uploads\/2021\/04\/Rafael-Leonidas-Trujillo-Molina-11W-300x154.jpg 300w, https:\/\/diariodominicano.com\/wp-content\/uploads\/2021\/04\/Rafael-Leonidas-Trujillo-Molina-11W-768x395.jpg 768w, https:\/\/diariodominicano.com\/wp-content\/uploads\/2021\/04\/Rafael-Leonidas-Trujillo-Molina-11W-1536x789.jpg 1536w, https:\/\/diariodominicano.com\/wp-content\/uploads\/2021\/04\/Rafael-Leonidas-Trujillo-Molina-11W-2048x1052.jpg 2048w, https:\/\/diariodominicano.com\/wp-content\/uploads\/2021\/04\/Rafael-Leonidas-Trujillo-Molina-11W-816x419.jpg 816w\" sizes=\"auto, (max-width: 1024px) 100vw, 1024px\" \/><figcaption>Rafael Le\u00f3nidas Trujillo Molina<\/figcaption><\/figure>\n\n\n\n<p><strong>Por H\u00e9ctor Tineo Nolasco<\/strong><\/p>\n\n\n\n<p><strong>Diariodominicano.com<\/strong><\/p>\n\n\n\n<p><strong>SANTO DOMINGO<\/strong>,<strong> RD<\/strong>, la noche del 30 de mayo de 1961, un grupo de civiles y militares, incluidos antiguos colaboradores del r\u00e9gimen, mataron al dictador Rafael Le\u00f3nidas Trujillo Molina, en un ataque registrado en la carretera que conduce a San Crist\u00f3bal, hoy autopista 30 de mayo.<\/p>\n\n\n\n<p>&nbsp;&nbsp;&nbsp; Muchos dominicanos se enteraron del acontecimiento la misma noche del 30 de mayo, pero la mayor\u00eda del pa\u00eds conoci\u00f3 la informaci\u00f3n cuando habl\u00f3 al pueblo dominicano el Presidente interino, Joaqu\u00edn Balaguer.&nbsp;<\/p>\n\n\n\n<p>&nbsp;&nbsp;&nbsp; En el ataque que termin\u00f3 con la vida del dictador Trujillo, participaron Antonio De la Maza, Juan Tom\u00e1s D\u00edaz, Antonio Imbert Barrera, Modesto D\u00edaz, Pedro Livio Cede\u00f1o, Salvador Estrella Sahdal\u00e1, Roberto Pastoriza,&nbsp; Hu\u00e1scar Tejeda,&nbsp; y el teniente Amado Garc\u00eda, de la Guardia Presidencial.<\/p>\n\n\n\n<p>&nbsp;&nbsp;&nbsp; En el plan contra Trujillo, tambi\u00e9n participaron Luis AmiamaTi\u00f3 y Luis Manuel \u2013Tunti- C\u00e1ceres,&nbsp; pero la noche del atentado&nbsp; no estuvieron presentes&nbsp; porque cumpl\u00edan otras actividades.&nbsp;<\/p>\n\n\n\n<p>&nbsp;&nbsp;&nbsp; El dictador Trujillo muri\u00f3 en el lugar donde hoy est\u00e1 el monumento a los H\u00e9roes del 30 de mayo, en la autopista del mismo nombre, en la zona sur de la Capital de la Rep\u00fablica.<\/p>\n\n\n\n<p>&nbsp; &nbsp;&nbsp;&nbsp;&nbsp;Los conjurados levantaron el cad\u00e1ver y lo llevaron a la residencia de Juan Tom\u00e1s D\u00edaz, en la calle C\u00e9sar Nicol\u00e1s Penson, en el sector Gazcue de la ciudad Santo Domingo. En la marquesina de la casa en la madrugada del 31 de mayo agentes del Servicio de Inteligencia Militar (SIM), encontraron el cad\u00e1ver de Trujillo.<\/p>\n\n\n\n<figure class=\"wp-block-image size-large\"><img loading=\"lazy\" decoding=\"async\" width=\"1024\" height=\"526\" src=\"https:\/\/diariodominicano.com\/wp-content\/uploads\/2021\/05\/Trujillo-Carro-1024x526.jpg\" alt=\"\" class=\"wp-image-278904\" srcset=\"https:\/\/diariodominicano.com\/wp-content\/uploads\/2021\/05\/Trujillo-Carro-1024x526.jpg 1024w, https:\/\/diariodominicano.com\/wp-content\/uploads\/2021\/05\/Trujillo-Carro-300x154.jpg 300w, https:\/\/diariodominicano.com\/wp-content\/uploads\/2021\/05\/Trujillo-Carro-768x395.jpg 768w, https:\/\/diariodominicano.com\/wp-content\/uploads\/2021\/05\/Trujillo-Carro-1536x789.jpg 1536w, https:\/\/diariodominicano.com\/wp-content\/uploads\/2021\/05\/Trujillo-Carro-2048x1052.jpg 2048w, https:\/\/diariodominicano.com\/wp-content\/uploads\/2021\/05\/Trujillo-Carro-816x419.jpg 816w\" sizes=\"auto, (max-width: 1024px) 100vw, 1024px\" \/><figcaption>Impactos de balas en el veh\u00edculo<\/figcaption><\/figure>\n\n\n\n<p>&nbsp;&nbsp;&nbsp;&nbsp; Zacar\u00edas de la Cruz, chofer de Trujillo, sufri\u00f3 m\u00faltiples heridas de bala, pero sobrevivi\u00f3.<\/p>\n\n\n\n<p>\u00a0\u00a0<strong>\u00a0 Del grupo que mat\u00f3 al dictador sufrieron heridas Pedro Livio Cede\u00f1o, Amado Garc\u00eda Guerrero y Antonio Imbert Barrera, pero el \u00fanico que requiri\u00f3 asistencia especializada fue Pedro Livio Cede\u00f1o, el primer preso de los conjurados.<\/strong><\/p>\n\n\n\n<p>&nbsp;&nbsp;&nbsp;&nbsp; Antonio Imbert Barrera y Luis AmiamaTi\u00f3, lograron permanecer ocultos hasta que termin\u00f3 la persecuci\u00f3n en su contra, pero los dem\u00e1s fueron muertos por agentes de la dictadura y el hijo del dictador, el general Rafael Le\u00f3nidas&nbsp; -Ramfi-&nbsp; Trujillo Mart\u00ednez.<\/p>\n\n\n\n<p><strong>\u00a0\u00a0\u00a0\u00a0 La dictadura de Trujillo (1930-1961)\u00a0 se prolong\u00f3 por m\u00e1s de\u00a0 30\u00a0 a\u00f1os.\u00a0<\/strong><\/p>\n\n\n\n<p>&nbsp;&nbsp;&nbsp;&nbsp;&nbsp; El historiador&nbsp; Frank Moya Pons, al tratar el acontecimiento anota que el&nbsp; asesinato del Dictador ocurri\u00f3 cuando ya el r\u00e9gimen se desmoronaba&nbsp; a consecuencia de las sanciones econ\u00f3micas impuestas por la Organizaci\u00f3n de Estados Americanos (OEA) en el a\u00f1o 1960, \u201cy mientras la oposici\u00f3n popular crec\u00eda por los ataques que Trujillo hab\u00eda lanzado durante los \u00faltimos meses contra la Iglesia Cat\u00f3lica, porque se neg\u00f3 a otorgarle&nbsp; el t\u00edtulo de \u201cBenefactor de la Iglesia\u201d, que&nbsp; el&nbsp; Tirano deseaba agregar a sus t\u00edtulos de \u201cGeneral\u00edsimo\u201d, \u201cBenefactor de la Patria\u201d y \u201cPadre de la Patria Nueva\u201d.<\/p>\n\n\n\n<p>&nbsp;&nbsp;&nbsp; Documentos del Gobierno de Estados Unidos, publicados por el periodista V\u00edctor Grimaldi, en su obra \u201cLa Muerte del Jefe\u201d, que la Agencia Central de Inteligencia (CIA),&nbsp; sab\u00eda de los planes contra Trujillo.<\/p>\n\n\n\n<p>&nbsp;&nbsp;&nbsp;&nbsp;&nbsp; Se\u00f1alan que el Gobierno de Estados Unidos deseaba el fin del r\u00e9gimen de Trujillo porque tem\u00eda en Rep\u00fablica Dominicana surgiera un r\u00e9gimen similar al que comenz\u00f3 con el triunfo de la Revoluci\u00f3n Cubana, encabezada por el joven abogado Fidel Castro Ruz.<\/p>\n\n\n\n<p>\u00a0\u00a0\u00a0\u00a0 El r\u00e9gimen dictatorial de Trujillo se inici\u00f3 el 16 de mayo de 1930, cuando en un proceso electoral viciado, el general retirado Rafael Le\u00f3nidas Trujillo Molina, fue electo Presidente de la Rep\u00fablica.<\/p>\n\n\n\n<p><strong>La represi\u00f3n se impuso<\/strong><\/p>\n\n\n\n<p>&nbsp;&nbsp; Durante los primeros d\u00edas de mayo de 1930, miembros del Ej\u00e9rcito Nacional participaron en actos de represi\u00f3n contra los adversarios de Rafael Le\u00f3nidas Trujillo, quien hab\u00eda renunciado a la jefatura del Ej\u00e9rcito Nacional para ser candidato presidencial.<\/p>\n\n\n\n<p>&nbsp;&nbsp; Ante la situaci\u00f3n de represi\u00f3n, La Alianza Nacional Progresista, que llevaba como candidato a la Presidencia a Federico Vel\u00e1squez y a vicepresidente al l\u00edder horacista \u00c1ngel Morales se retir\u00f3 del proceso electoral.<\/p>\n\n\n\n<p>&nbsp;&nbsp;&nbsp; Por la represi\u00f3n desatada en las \u00faltimas semanas de la campa\u00f1a electoral de 1930, los miembros de la Junta Central Electoral renunciaron a sus funciones el 7 de mayo de 1930 y fueron sustituidos por ciudadanos que simpatizaban con la candidatura de Trujillo.<\/p>\n\n\n\n<p>&nbsp;&nbsp; La Alianza Nacional Progresista formaliz\u00f3 su retiro del proceso electoral el d\u00eda 15 de mayo de 1930, por considerar que en Rep\u00fablica Dominicana no hay garant\u00edas para ejercer el voto libremente<\/p>\n\n\n\n<p>&nbsp;&nbsp;&nbsp;&nbsp;&nbsp; El 16 de Mayo de 1930 se celebraron las elecciones con la sola participaci\u00f3n del binomio Rafael Le\u00f3nidas Trujillo Molina-Rafael Estrella Ure\u00f1a. Fueron declarados ganadores de los comicios con un 45 por ciento de los votos de los sufragantes inscritos<\/p>\n\n\n\n<p>&nbsp;&nbsp;&nbsp;&nbsp;&nbsp; En la Rep\u00fablica Dominicana se produjeron m\u00faltiples protestas y la Alianza Nacional Progresista calific\u00f3 de fraudulento el proceso, pero la Junta Central Electoral declar\u00f3 ganadores a Trujillo y a Estrella Ure\u00f1a, en virtud de una resoluci\u00f3n dada a conocer el 24 de mayo de 1930.<\/p>\n\n\n\n<p>\u00a0\u00a0\u00a0 Trujillo y el licenciado Rafael Estrella Ure\u00f1a eran aliados desde que se unieron en una conspiraci\u00f3n que termin\u00f3 con el derrocamiento del Presidente Horacio V\u00e1squez, quien los consideraba de sus hombres de confianza.<\/p>\n\n\n\n<p><\/p>\n\n\n\n<p>\u00a0\u00a0 <strong>Un informe da cuenta de que el 23 de febrero de 1930, Rafael Estrella Ure\u00f1a y sus partidarios, secundados por Desiderio Arias, y El\u00edas Brache, antiguos dirigentes del jimenismo, dieron inicio al plan para acabar con el Gobierno de Horacio V\u00e1squez.<\/strong><\/p>\n\n\n\n<p>&nbsp;&nbsp; El general Jos\u00e9 Estrella, t\u00edo de Rafael Estrella Ure\u00f1a, atac\u00f3 la Fortaleza San Luis, en Santiago, y las tropas no hicieron resistencia. De inmediato cientos de hombres armados con rifles que suministr\u00f3 de manera el general Trujillo, marcharon hacia ciudad Santo Domingo.<\/p>\n\n\n\n<p>&nbsp;&nbsp;&nbsp;&nbsp; Entraron a la Capital d\u00edas despu\u00e9s, y el Presidente Horacio V\u00e1squez busc\u00f3 asilo en la legaci\u00f3n de Estados Unidos.<\/p>\n\n\n\n<p>&nbsp; Al final de los hechos, el presidente V\u00e1squez se convenci\u00f3 de que hab\u00eda sido traicionado por Trujillo, a quien hab\u00eda ascendido a general de brigada&nbsp; y designado Jefe del Ej\u00e9rcito Nacional.<\/p>\n\n\n\n<p>&nbsp;&nbsp;&nbsp;&nbsp;&nbsp;&nbsp; Rafael Estrella Ure\u00f1a tambi\u00e9n hab\u00eda sido uno de los&nbsp; secretarios de Estado de mayor confianza del&nbsp; Presidente Horacio V\u00e1squez, pero rompi\u00f3 con&nbsp; su Gobierno cuando en 1929, el&nbsp; Presidente de la Rep\u00fablica apoy\u00f3 un movimiento que propugnaba&nbsp; por su reelecci\u00f3n.<\/p>\n\n\n\n<p>&nbsp;&nbsp;&nbsp;&nbsp;&nbsp;&nbsp; Desde sus inicios, Trujillo encabez\u00f3 un r\u00e9gimen autoritario que acab\u00f3 con la vida de adversarios. Otros sobrevivieron porque pudieron salir al exilio.<\/p>\n\n\n\n<p>&nbsp;&nbsp;&nbsp; A Trujillo le toc\u00f3 la oportunidad de completar la obra de fomento de la riqueza p\u00fablica iniciada por el Presidente Ram\u00f3n C\u00e1ceres, durante el per\u00edodo 1906-1911.<\/p>\n\n\n\n<p>&nbsp;&nbsp;&nbsp;&nbsp; Tambi\u00e9n, organizar el Estado dominicano y construir un conjunto de obras p\u00fablicas que le permitieron al r\u00e9gimen elevar las condiciones de vida en la ciudad de Santo Domingo y poblaciones de provincias.<\/p>\n\n\n\n<p>&nbsp;&nbsp;&nbsp; Sin embargo, la violencia del r\u00e9gimen dictatorial opac\u00f3 los logros materiales de la administraci\u00f3n Trujillo.<\/p>\n","protected":false},"excerpt":{"rendered":"<p>El veh\u00edculo en que viajaba el dictador Trujillo cuando fue atacado a tiros. Trujillo muri\u00f3 en el lugar y el conductor Zacar\u00edas de la Cruz sufri\u00f3 m\u00faltiples heridas de bala. Por H\u00e9ctor Tineo Nolasco Diariodominicano.com SANTO DOMINGO, RD, la noche del 30 de mayo de 1961, un grupo de civiles y militares, incluidos antiguos colaboradores [&hellip;]<\/p>\n","protected":false},"author":28,"featured_media":357893,"comment_status":"closed","ping_status":"","sticky":true,"template":"","format":"standard","meta":{"footnotes":""},"categories":[26,27],"tags":[],"class_list":["post-358003","post","type-post","status-publish","format-standard","has-post-thumbnail","hentry","category-efemerides","category-portada"],"_links":{"self":[{"href":"https:\/\/diariodominicano.com\/index.php?rest_route=\/wp\/v2\/posts\/358003","targetHints":{"allow":["GET"]}}],"collection":[{"href":"https:\/\/diariodominicano.com\/index.php?rest_route=\/wp\/v2\/posts"}],"about":[{"href":"https:\/\/diariodominicano.com\/index.php?rest_route=\/wp\/v2\/types\/post"}],"author":[{"embeddable":true,"href":"https:\/\/diariodominicano.com\/index.php?rest_route=\/wp\/v2\/users\/28"}],"replies":[{"embeddable":true,"href":"https:\/\/diariodominicano.com\/index.php?rest_route=%2Fwp%2Fv2%2Fcomments&post=358003"}],"version-history":[{"count":5,"href":"https:\/\/diariodominicano.com\/index.php?rest_route=\/wp\/v2\/posts\/358003\/revisions"}],"predecessor-version":[{"id":358017,"href":"https:\/\/diariodominicano.com\/index.php?rest_route=\/wp\/v2\/posts\/358003\/revisions\/358017"}],"wp:featuredmedia":[{"embeddable":true,"href":"https:\/\/diariodominicano.com\/index.php?rest_route=\/wp\/v2\/media\/357893"}],"wp:attachment":[{"href":"https:\/\/diariodominicano.com\/index.php?rest_route=%2Fwp%2Fv2%2Fmedia&parent=358003"}],"wp:term":[{"taxonomy":"category","embeddable":true,"href":"https:\/\/diariodominicano.com\/index.php?rest_route=%2Fwp%2Fv2%2Fcategories&post=358003"},{"taxonomy":"post_tag","embeddable":true,"href":"https:\/\/diariodominicano.com\/index.php?rest_route=%2Fwp%2Fv2%2Ftags&post=358003"}],"curies":[{"name":"wp","href":"https:\/\/api.w.org\/{rel}","templated":true}]}}