{"id":358001,"date":"2022-05-29T23:44:50","date_gmt":"2022-05-30T03:44:50","guid":{"rendered":"http:\/\/diariodominicano.com\/?p=358001"},"modified":"2022-05-29T23:44:50","modified_gmt":"2022-05-30T03:44:50","slug":"santana-se-proclama-nuevo-presidente-de-republica-dominicana","status":"publish","type":"post","link":"https:\/\/diariodominicano.com\/?p=358001","title":{"rendered":"Santana se proclama nuevo presidente de Rep\u00fablica Dominicana"},"content":{"rendered":"\n<p><\/p>\n\n\n\n<p><strong>H\u00e9ctor Manuel Tineo Nolasco<\/strong><\/p>\n\n\n\n<p><strong>Diariodominicano.com<\/strong><\/p>\n\n\n\n<p><strong>SANTO DOMINGO, el<\/strong><strong> <\/strong><strong>30 de mayo de 1849<\/strong>, el general Pedro Santana, entr\u00f3 con sus tropas a la ciudad Santo Domingo, y se proclam\u00f3 nuevo presidente de la Rep\u00fablica. De esa manera logr\u00f3 el objetivo que buscaba desde que el 17 de mayo cuando protagoniz\u00f3 una insubordinaci\u00f3n contra el Presidente Manuel Jimenes<\/p>\n\n\n\n<p>&nbsp;&nbsp;&nbsp; El Presidente Jimenes hab\u00eda renunciado el 29 de mayo del mismo a\u00f1o 1849.<\/p>\n\n\n\n<p>Santana dijo que tomaba el Gobierno por mandato de los pueblos y el Ej\u00e9rcito. De inmediato desat\u00f3&nbsp; una campa\u00f1a de persecuci\u00f3n contra sus adversarios, y los que eran detenidos procedi\u00f3 a desterrarlos.<\/p>\n\n\n\n<p>&nbsp;&nbsp;&nbsp; Para tratar de impedir los planes del general Santana, el Presidente Jimenes declar\u00f3 el pasado 17 de mayo de 1849, un estado de sitio en Rep\u00fablica Dominicana.<\/p>\n\n\n\n<p>&nbsp;&nbsp;&nbsp; La crisis que dio origen al decreto que declar\u00f3 el estado de sitio, se inici\u00f3&nbsp; cuando el Presidente Jimenes destituy\u00f3 al general Pedro Santana del mando del Ej\u00e9rcito, y el oficial se declar\u00f3 en rebeld\u00eda&nbsp; al recibir el apoyo del Congreso Nacional.<\/p>\n\n\n\n<p>&nbsp;&nbsp;&nbsp; El Congreso respald\u00f3 que el general Santana siguiera su marcha desde el Sur hasta Santo Domingo para derrocar el Gobierno del Presidente Jimenes.<\/p>\n\n\n\n<p>&nbsp;&nbsp; El 17 de mayo de 1849, la ciudad Santo Domingo fue declarada en estado de sitio. Los bandos que representaban el Presidente Jimenes y el General Santana provocaron una guerra civil que tuvo como consecuencia el incendio del poblado de San Carlos.<\/p>\n\n\n\n<p>&nbsp;&nbsp;&nbsp; Una versi\u00f3n&nbsp; hist\u00f3rica&nbsp; se\u00f1ala que el descr\u00e9dito pol\u00edtico oblig\u00f3 al Presidente de la Rep\u00fablica a&nbsp; aceptar la mediaci\u00f3n&nbsp; propuesta por los c\u00f3nsules de Francia, Inglaterra y Estados Unidos.&nbsp; En esa circunstancia Jimenes, asumi\u00f3 el compromiso de dejar la Presidencia de la Rep\u00fablica el&nbsp; anterior, el 29 de mayo del mismo a\u00f1o 1849.<\/p>\n\n\n\n<p>&nbsp;&nbsp;&nbsp; El renunciante Presidente Jimenes sali\u00f3 al exilio el 30 de mayo.<\/p>\n","protected":false},"excerpt":{"rendered":"<p>H\u00e9ctor Manuel Tineo Nolasco Diariodominicano.com SANTO DOMINGO, el 30 de mayo de 1849, el general Pedro Santana, entr\u00f3 con sus tropas a la ciudad Santo Domingo, y se proclam\u00f3 nuevo presidente de la Rep\u00fablica. De esa manera logr\u00f3 el objetivo que buscaba desde que el 17 de mayo cuando protagoniz\u00f3 una insubordinaci\u00f3n contra el Presidente [&hellip;]<\/p>\n","protected":false},"author":28,"featured_media":274138,"comment_status":"closed","ping_status":"","sticky":true,"template":"","format":"standard","meta":{"footnotes":""},"categories":[26,27],"tags":[],"class_list":["post-358001","post","type-post","status-publish","format-standard","has-post-thumbnail","hentry","category-efemerides","category-portada"],"_links":{"self":[{"href":"https:\/\/diariodominicano.com\/index.php?rest_route=\/wp\/v2\/posts\/358001","targetHints":{"allow":["GET"]}}],"collection":[{"href":"https:\/\/diariodominicano.com\/index.php?rest_route=\/wp\/v2\/posts"}],"about":[{"href":"https:\/\/diariodominicano.com\/index.php?rest_route=\/wp\/v2\/types\/post"}],"author":[{"embeddable":true,"href":"https:\/\/diariodominicano.com\/index.php?rest_route=\/wp\/v2\/users\/28"}],"replies":[{"embeddable":true,"href":"https:\/\/diariodominicano.com\/index.php?rest_route=%2Fwp%2Fv2%2Fcomments&post=358001"}],"version-history":[{"count":1,"href":"https:\/\/diariodominicano.com\/index.php?rest_route=\/wp\/v2\/posts\/358001\/revisions"}],"predecessor-version":[{"id":358002,"href":"https:\/\/diariodominicano.com\/index.php?rest_route=\/wp\/v2\/posts\/358001\/revisions\/358002"}],"wp:featuredmedia":[{"embeddable":true,"href":"https:\/\/diariodominicano.com\/index.php?rest_route=\/wp\/v2\/media\/274138"}],"wp:attachment":[{"href":"https:\/\/diariodominicano.com\/index.php?rest_route=%2Fwp%2Fv2%2Fmedia&parent=358001"}],"wp:term":[{"taxonomy":"category","embeddable":true,"href":"https:\/\/diariodominicano.com\/index.php?rest_route=%2Fwp%2Fv2%2Fcategories&post=358001"},{"taxonomy":"post_tag","embeddable":true,"href":"https:\/\/diariodominicano.com\/index.php?rest_route=%2Fwp%2Fv2%2Ftags&post=358001"}],"curies":[{"name":"wp","href":"https:\/\/api.w.org\/{rel}","templated":true}]}}