{"id":357890,"date":"2022-05-29T18:22:55","date_gmt":"2022-05-29T22:22:55","guid":{"rendered":"http:\/\/diariodominicano.com\/?p=357890"},"modified":"2022-05-29T18:24:36","modified_gmt":"2022-05-29T22:24:36","slug":"el-dia-de-la-libertad-proclama-del-pld-en-el-61-aniversario-del-ajusticiamiento-del-tirano-trujillo","status":"publish","type":"post","link":"https:\/\/diariodominicano.com\/?p=357890","title":{"rendered":"El D\u00eda de la Libertad: Proclama del PLD en el 61 aniversario del ajusticiamiento del Tirano Trujillo"},"content":{"rendered":"\n<p>El carro de Trujillo la noche del 30 de mayo de 1961.<\/p>\n\n\n\n<p>En el 61 aniversario del ajusticiamiento del Tirano, Rafael Leonidas Trujillo, el Partido de la Liberaci\u00f3n Dominicana (PLD) leer\u00e1 una proclama, recordando los horrores de la satrap\u00eda e invitando al pueblo a hurgar en nuestra historia para evitar que reg\u00edmenes de sangre y dolor vuelvan a empa\u00f1ar a Rep\u00fablica Dominicana.<\/p>\n\n\n\n<p>La Secretar\u00eda de Formaci\u00f3n Pol\u00edtica organiza el acto en el que se pondr\u00e1 a circular el documento con la proclama del \u00f3rgano formativo peledeista.<\/p>\n\n\n\n<p>La actividad&nbsp;&nbsp;se ha programado para las 9.30 de la ma\u00f1ana en la Casa Nacional&nbsp;&nbsp;Reinaldo Pared P\u00e9rez del PLD en Gascue.<\/p>\n\n\n\n<p>El l\u00edder hist\u00f3rico del Partido de la Liberaci\u00f3n Dominicana, exiliado del r\u00e9gimen desp\u00f3tico de Trujillo, escribi\u00f3 m\u00faltiples trabajos describiendo&nbsp;&nbsp;el accionar del dictador,&nbsp;&nbsp;imponiendo&nbsp;&nbsp;desde su llegada al Gobierno una \u00e9poca de terror.<\/p>\n\n\n\n<p>\u201cTrujillo no esper\u00f3 tomar posesi\u00f3n de la jefatura del Estado para hacerles saber a los dominicanos que todo aquel que se atravesara o ten\u00eda intenciones&nbsp;&nbsp;de atravesarse en su camino ser\u00eda aniquilado f\u00edsica y moralmente\u201d&nbsp;&nbsp;(Juan Bosch en el libro Las Dictaduras Dominicanas)<\/p>\n\n\n\n<p>En la conmemoraci\u00f3n del D\u00eda de la Libertad, la Secretaria de Formaci\u00f3n Pol\u00edtica del PLD est\u00e1 invitando a la representaci\u00f3n de los medios de comunicaci\u00f3n.<\/p>\n\n\n\n<p><strong>SECRETARIA DE COMUNICACIONES<\/strong><\/p>\n\n\n\n<p><strong>29 DE MAYO 2022<\/strong><\/p>\n","protected":false},"excerpt":{"rendered":"<p>El carro de Trujillo la noche del 30 de mayo de 1961. En el 61 aniversario del ajusticiamiento del Tirano, Rafael Leonidas Trujillo, el Partido de la Liberaci\u00f3n Dominicana (PLD) leer\u00e1 una proclama, recordando los horrores de la satrap\u00eda e invitando al pueblo a hurgar en nuestra historia para evitar que reg\u00edmenes de sangre y [&hellip;]<\/p>\n","protected":false},"author":28,"featured_media":357893,"comment_status":"closed","ping_status":"","sticky":true,"template":"","format":"standard","meta":{"footnotes":""},"categories":[26,22,27],"tags":[],"class_list":["post-357890","post","type-post","status-publish","format-standard","has-post-thumbnail","hentry","category-efemerides","category-politica","category-portada"],"_links":{"self":[{"href":"https:\/\/diariodominicano.com\/index.php?rest_route=\/wp\/v2\/posts\/357890","targetHints":{"allow":["GET"]}}],"collection":[{"href":"https:\/\/diariodominicano.com\/index.php?rest_route=\/wp\/v2\/posts"}],"about":[{"href":"https:\/\/diariodominicano.com\/index.php?rest_route=\/wp\/v2\/types\/post"}],"author":[{"embeddable":true,"href":"https:\/\/diariodominicano.com\/index.php?rest_route=\/wp\/v2\/users\/28"}],"replies":[{"embeddable":true,"href":"https:\/\/diariodominicano.com\/index.php?rest_route=%2Fwp%2Fv2%2Fcomments&post=357890"}],"version-history":[{"count":3,"href":"https:\/\/diariodominicano.com\/index.php?rest_route=\/wp\/v2\/posts\/357890\/revisions"}],"predecessor-version":[{"id":357897,"href":"https:\/\/diariodominicano.com\/index.php?rest_route=\/wp\/v2\/posts\/357890\/revisions\/357897"}],"wp:featuredmedia":[{"embeddable":true,"href":"https:\/\/diariodominicano.com\/index.php?rest_route=\/wp\/v2\/media\/357893"}],"wp:attachment":[{"href":"https:\/\/diariodominicano.com\/index.php?rest_route=%2Fwp%2Fv2%2Fmedia&parent=357890"}],"wp:term":[{"taxonomy":"category","embeddable":true,"href":"https:\/\/diariodominicano.com\/index.php?rest_route=%2Fwp%2Fv2%2Fcategories&post=357890"},{"taxonomy":"post_tag","embeddable":true,"href":"https:\/\/diariodominicano.com\/index.php?rest_route=%2Fwp%2Fv2%2Ftags&post=357890"}],"curies":[{"name":"wp","href":"https:\/\/api.w.org\/{rel}","templated":true}]}}