{"id":357770,"date":"2022-05-28T22:53:58","date_gmt":"2022-05-29T02:53:58","guid":{"rendered":"http:\/\/diariodominicano.com\/?p=357770"},"modified":"2022-05-28T22:54:55","modified_gmt":"2022-05-29T02:54:55","slug":"presiones-politicas-y-militares-provocan-renuncia-del-presidente-dominicano-manuel-jimenes","status":"publish","type":"post","link":"https:\/\/diariodominicano.com\/?p=357770","title":{"rendered":"Presiones pol\u00edticas y militares provocan renuncia del presidente dominicano Manuel Jimenes"},"content":{"rendered":"\n<p><strong>Presidente Manuel Jimenes<\/strong><\/p>\n\n\n\n<figure class=\"wp-block-image size-large\"><img loading=\"lazy\" decoding=\"async\" width=\"1024\" height=\"640\" src=\"https:\/\/diariodominicano.com\/wp-content\/uploads\/2021\/02\/General-Pedro-Santana-1024x640.jpg\" alt=\"\" class=\"wp-image-263669\" srcset=\"https:\/\/diariodominicano.com\/wp-content\/uploads\/2021\/02\/General-Pedro-Santana-1024x640.jpg 1024w, https:\/\/diariodominicano.com\/wp-content\/uploads\/2021\/02\/General-Pedro-Santana-300x188.jpg 300w, https:\/\/diariodominicano.com\/wp-content\/uploads\/2021\/02\/General-Pedro-Santana-768x480.jpg 768w, https:\/\/diariodominicano.com\/wp-content\/uploads\/2021\/02\/General-Pedro-Santana-816x510.jpg 816w, https:\/\/diariodominicano.com\/wp-content\/uploads\/2021\/02\/General-Pedro-Santana.jpg 1267w\" sizes=\"auto, (max-width: 1024px) 100vw, 1024px\" \/><\/figure>\n\n\n\n<p>El ex presidente Pedro Santana<\/p>\n\n\n\n<p><strong>Por H\u00e9ctor Tineo Nolasco<\/strong><\/p>\n\n\n\n<p><strong>Diariodominicano.com<\/strong><\/p>\n\n\n\n<p>SANTO DOMINGO, el 29 de mayo de 1849, el Presidente Manuel Jimenes, quien enfrentaba la insubordinaci\u00f3n del general Pedro Santana, present\u00f3 renuncia al conocer la informaci\u00f3n de que el jefe militar ten\u00eda el control de la ciudad Santo Domingo.<\/p>\n\n\n\n<p>&nbsp;&nbsp;&nbsp;&nbsp; Para tratar de impedir los planes del general Santana, el Presidente Manuel Jimenes, declar\u00f3 el 17 de mayo de 1849, el estado de sitio en Rep\u00fablica Dominicana.<\/p>\n\n\n\n<p>&nbsp;&nbsp;&nbsp; La crisis que dio origen al decreto que declar\u00f3 el estado de sitio, se inici\u00f3 cuando el Presidente Manuel Jimenes, destituy\u00f3 al general Pedro Santana, del mando del Ej\u00e9rcito y el oficial se declar\u00f3 en rebeld\u00eda tras recibir el apoyo del Congreso Nacional.<\/p>\n\n\n\n<p>&nbsp;&nbsp; El Congreso apoy\u00f3 que el general Pedro Santana siguiera su marcha desde el Sur hasta Santo Domingo para derrocar el Gobierno del presidente Jimenes.<\/p>\n\n\n\n<p>&nbsp;&nbsp; El 17 de mayo de 1849, la ciudad Santo Domingo fue declarada en estado de sitio. Los bandos que representaban el Presidente Manuel Jimenes, y el General Pedro Santana, se fueron a una guerra civil que tuvo como consecuencia el incendio del poblado de San Carlos, en la capital dominicana.<\/p>\n\n\n\n<p>&nbsp;&nbsp;&nbsp; La guerra civil&nbsp; acab\u00f3 con el Gobierno del Presidente Manuel Jimenes.<\/p>\n\n\n\n<p>&nbsp;&nbsp; El descr\u00e9dito pol\u00edtico oblig\u00f3 al Presidente de la Rep\u00fablica a&nbsp; aceptar la mediaci\u00f3n&nbsp; propuesta por los c\u00f3nsules de Francia, Inglaterra y Estados Unidos.&nbsp; En esa circunstancia Manuel Jimenes asumi\u00f3 el compromiso de dejar el poder&nbsp; el 29 de Mayo del a\u00f1o 1849.<\/p>\n\n\n\n<p>&nbsp;&nbsp;&nbsp; El renunciante Presidente Manuel Jimenes tras dejar el Poder Ejecutivo, se fue al exilio. El 30 de mayo de 1849, Pedro Santana tom\u00f3 el control de la Presidencia de la Rep\u00fablica.<\/p>\n","protected":false},"excerpt":{"rendered":"<p>Presidente Manuel Jimenes El ex presidente Pedro Santana Por H\u00e9ctor Tineo Nolasco Diariodominicano.com SANTO DOMINGO, el 29 de mayo de 1849, el Presidente Manuel Jimenes, quien enfrentaba la insubordinaci\u00f3n del general Pedro Santana, present\u00f3 renuncia al conocer la informaci\u00f3n de que el jefe militar ten\u00eda el control de la ciudad Santo Domingo. &nbsp;&nbsp;&nbsp;&nbsp; Para tratar [&hellip;]<\/p>\n","protected":false},"author":28,"featured_media":276344,"comment_status":"closed","ping_status":"","sticky":true,"template":"","format":"standard","meta":{"footnotes":""},"categories":[26,27],"tags":[],"class_list":["post-357770","post","type-post","status-publish","format-standard","has-post-thumbnail","hentry","category-efemerides","category-portada"],"_links":{"self":[{"href":"https:\/\/diariodominicano.com\/index.php?rest_route=\/wp\/v2\/posts\/357770","targetHints":{"allow":["GET"]}}],"collection":[{"href":"https:\/\/diariodominicano.com\/index.php?rest_route=\/wp\/v2\/posts"}],"about":[{"href":"https:\/\/diariodominicano.com\/index.php?rest_route=\/wp\/v2\/types\/post"}],"author":[{"embeddable":true,"href":"https:\/\/diariodominicano.com\/index.php?rest_route=\/wp\/v2\/users\/28"}],"replies":[{"embeddable":true,"href":"https:\/\/diariodominicano.com\/index.php?rest_route=%2Fwp%2Fv2%2Fcomments&post=357770"}],"version-history":[{"count":3,"href":"https:\/\/diariodominicano.com\/index.php?rest_route=\/wp\/v2\/posts\/357770\/revisions"}],"predecessor-version":[{"id":357773,"href":"https:\/\/diariodominicano.com\/index.php?rest_route=\/wp\/v2\/posts\/357770\/revisions\/357773"}],"wp:featuredmedia":[{"embeddable":true,"href":"https:\/\/diariodominicano.com\/index.php?rest_route=\/wp\/v2\/media\/276344"}],"wp:attachment":[{"href":"https:\/\/diariodominicano.com\/index.php?rest_route=%2Fwp%2Fv2%2Fmedia&parent=357770"}],"wp:term":[{"taxonomy":"category","embeddable":true,"href":"https:\/\/diariodominicano.com\/index.php?rest_route=%2Fwp%2Fv2%2Fcategories&post=357770"},{"taxonomy":"post_tag","embeddable":true,"href":"https:\/\/diariodominicano.com\/index.php?rest_route=%2Fwp%2Fv2%2Ftags&post=357770"}],"curies":[{"name":"wp","href":"https:\/\/api.w.org\/{rel}","templated":true}]}}