{"id":35769,"date":"2020-08-10T08:26:37","date_gmt":"2020-08-10T08:26:37","guid":{"rendered":"http:\/\/diariodominicano.ddns.net\/?p=35769"},"modified":"2020-08-10T08:26:37","modified_gmt":"2020-08-10T08:26:37","slug":"el-congreso-de-la-fp-un-referente","status":"publish","type":"post","link":"https:\/\/diariodominicano.com\/?p=35769","title":{"rendered":"El congreso de la FP \u00a1un referente!"},"content":{"rendered":"<p><body><\/p>\n<p><strong>Diariodominicano.com<\/strong><\/p>\n<p><strong>El congreso de la FP \u00a1un referente!<\/strong><\/p>\n<p><strong>Franklin Almeyda Rancier <\/strong><\/p>\n<\/p>\n<p>Dos situaciones sacuden a los pa\u00edses, los colocan en un \u00f3ptimo momento para sus propias transformaciones. La primera es que en las \u00faltimas dos d\u00e9cadas la tecnolog\u00eda basada en la conectividad se transform\u00f3 en una revoluci\u00f3n digital.<\/p>\n<p>De ah\u00ed que las \u00faltimas generaciones se vienen clasificando en tres categor\u00edas. Los \u00aban\u00e1logos\u00bb, nacidos antes de la conectividad; los \u00abmillennials\u00bb, nacidos desde 1986 en la conectividad; y los \u00abcentennials\u00bb, nacidos con la era digital, inici\u00e1ndose este Siglo XXI<\/p>\n<p>Esa revoluci\u00f3n del conocimiento y la tecnolog\u00eda ha dado resultados asombrosos. Ve\u00e1moslo con unos pocos ejemplos.<\/p>\n<p>\u00bfRecuerdan los tel\u00e9fonos fijos con discados en residencias, negocios y p\u00fablicos? \u00bfY las llamadas de larga distancia?. \u00bfLos televisores de botones para cambiar de canal o graduar el volumen?<\/p>\n<\/p>\n<p>La revoluci\u00f3n digital ha transformado las industrias de toda naturaleza, el comercio, la salud, la educaci\u00f3n, la cultura, las operaciones financieras, nuestras vidas en general. Las librer\u00edas son digitales, las f\u00edsicas van desapareciendo y es un lujo ser \u00ablibrero\u00bb teniendo una. Pero se accede a cualquier biblioteca en el mundo para hacer consultas, o comprar libros digitales o f\u00edsicos por internet.<\/p>\n<\/p>\n<p>\u00bfVerdad que el mundo cambi\u00f3 desde que inici\u00f3 la conectividad y el inmenso salto a lo digital? Los \u00aban\u00e1logos\u00bb, ni decir los de mi generaci\u00f3n, se han resistido y viven un mundo que queda atr\u00e1s, s\u00f3lo aceptan, no todos, dar un paso si las circunstancias los obligan.<\/p>\n<\/p>\n<p>La segunda situaci\u00f3n que ha sacudido a la humanidad es la pandemia del Covid-19. Esta tragedia ha precipitado la revoluci\u00f3n digital, porque a falta de medicamentos y vacunas, lo recomendado por m\u00e9dicos y especialistas en salud, es el distanciamiento social.<\/p>\n<\/p>\n<p>Ese distanciamiento se logra con el uso de los medios digitales, los cuales acercan a las personas por videoconferencias, para celebrar encuentros de cualquier naturaleza y cantidad de personas.<\/p>\n<\/p>\n<p>Adem\u00e1s, esta crisis sanitaria ha cuestionado las grandes deficiencias en los sistemas de salud, laboral, educaci\u00f3n, etc., y en todos los casos, evidenciado m\u00e1s la brecha digital. Los medios de comunicaci\u00f3n impresos se resist\u00edan a dejar de serlo, ahora han tenido que transformarse en digitales.<\/p>\n<\/p>\n<p>Los partidos pol\u00edticos est\u00e1n atrapados en este punto de inflexi\u00f3n, entre la pandemia del Covid-19 y la revoluci\u00f3n digital. Lo grave es que en ellos predomina la cultura \u00aban\u00e1loga\u00bb y han abandonado las causas que atraen a los j\u00f3venes.<\/p>\n<\/p>\n<p>Antes de asomarse la crisis sanitaria del Covid-19, los efectos de la revoluci\u00f3n digital y la total desnaturalizaci\u00f3n de los objetivos fundacionales por la c\u00fapula del PLD, manejada por el titiritero, Danilo Medina, produjeron su divisi\u00f3n y el surgimiento del nuevo partido Fuerza del Pueblo (FP).<\/p>\n<\/p>\n<p>La Fuerza del Pueblo ha iniciado, oportunamente, su \u00abPrimer Congreso del Pueblo Profesor Juan Bosch\u00bb. Para su realizaci\u00f3n recordemos que, como un r\u00edo desbordado, \u00ablas aguas arrastran palos, piedras y basuras, aunque ellas se limpian al paso de las nuevas aguas que bajan de las monta\u00f1as\u00bb; o aquello otro de que \u00aben lo nuevo viene tambi\u00e9n lo viejo\u00bb.<\/p>\n<\/p>\n<p>He suscrito y retuiteado lo dicho por Leonel, porque el Congreso debe ser un referente:<\/p>\n<\/p>\n<p>\u00abEste primer congreso ser\u00e1 un espacio participativo, donde juntos trazaremos las pautas que nos permitir\u00e1n avanzar hacia una organizaci\u00f3n genuina y democr\u00e1tica, popular, abierta y garante de la Constituci\u00f3n\u00bb. 1:29 p.m. 5\/8\/20.<\/p>\n<\/p>\n<h6> 2020-08-10 08:26:37 <\/h6>\n<p><!--\n<link rel=\"stylesheet\" href=\"css\/bootstrap.min.css\">\n\n\n<ul class=\"pagination\">\n\t    \n\t\n\n<li >\n\t<a href='?page_no=116'>Previous<\/a>\n\t<\/li>\n\n\n       \n    \n\n<li><a href='?page_no=1'>1<\/a><\/li>\n\n\n\n<li><a href='?page_no=2'>2<\/a><\/li>\n\n\n\n<li><a>...<\/a><\/li>\n\n\n\n<li><a href='?page_no=115'>115<\/a><\/li>\n\n\n\n<li><a href='?page_no=116'>116<\/a><\/li>\n\n\n\n<li class='active'><a>117<\/a><\/li>\n\n\n\n<li><a href='?page_no=118'>118<\/a><\/li>\n\n\n\n<li><a href='?page_no=119'>119<\/a><\/li>\n\n\n\n<li><a>...<\/a><\/li>\n\n\n\n<li><a href='?page_no=13611'>13611<\/a><\/li>\n\n\n\n<li><a href='?page_no=13612'>13612<\/a><\/li>\n\n    \n\t\n\n<li >\n\t<a href='?page_no=118'>Next<\/a>\n\t<\/li>\n\n\n    \n\n<li><a href='?page_no=13612'>Last &rsaquo;&rsaquo;<\/a><\/li>\n\n<\/ul>\n\n\n--><br \/>\n<\/body><\/p>\n","protected":false},"excerpt":{"rendered":"<p>Diariodominicano.com El congreso de la FP \u00a1un referente! Franklin Almeyda Rancier Dos situaciones sacuden a los pa\u00edses, los colocan en un \u00f3ptimo momento para sus propias transformaciones. La primera es que en las \u00faltimas dos d\u00e9cadas la tecnolog\u00eda basada en la conectividad se transform\u00f3 en una revoluci\u00f3n digital. De ah\u00ed que las \u00faltimas generaciones se [&hellip;]<\/p>\n","protected":false},"author":3,"featured_media":0,"comment_status":"open","ping_status":"open","sticky":false,"template":"","format":"standard","meta":{"footnotes":""},"categories":[16],"tags":[],"class_list":["post-35769","post","type-post","status-publish","format-standard","hentry","category-opiniones"],"_links":{"self":[{"href":"https:\/\/diariodominicano.com\/index.php?rest_route=\/wp\/v2\/posts\/35769","targetHints":{"allow":["GET"]}}],"collection":[{"href":"https:\/\/diariodominicano.com\/index.php?rest_route=\/wp\/v2\/posts"}],"about":[{"href":"https:\/\/diariodominicano.com\/index.php?rest_route=\/wp\/v2\/types\/post"}],"author":[{"embeddable":true,"href":"https:\/\/diariodominicano.com\/index.php?rest_route=\/wp\/v2\/users\/3"}],"replies":[{"embeddable":true,"href":"https:\/\/diariodominicano.com\/index.php?rest_route=%2Fwp%2Fv2%2Fcomments&post=35769"}],"version-history":[{"count":0,"href":"https:\/\/diariodominicano.com\/index.php?rest_route=\/wp\/v2\/posts\/35769\/revisions"}],"wp:attachment":[{"href":"https:\/\/diariodominicano.com\/index.php?rest_route=%2Fwp%2Fv2%2Fmedia&parent=35769"}],"wp:term":[{"taxonomy":"category","embeddable":true,"href":"https:\/\/diariodominicano.com\/index.php?rest_route=%2Fwp%2Fv2%2Fcategories&post=35769"},{"taxonomy":"post_tag","embeddable":true,"href":"https:\/\/diariodominicano.com\/index.php?rest_route=%2Fwp%2Fv2%2Ftags&post=35769"}],"curies":[{"name":"wp","href":"https:\/\/api.w.org\/{rel}","templated":true}]}}