{"id":357617,"date":"2022-05-28T08:51:16","date_gmt":"2022-05-28T12:51:16","guid":{"rendered":"http:\/\/diariodominicano.com\/?p=357617"},"modified":"2022-05-28T09:50:39","modified_gmt":"2022-05-28T13:50:39","slug":"napoleon-fue-perdedor-en-el-caribe-3","status":"publish","type":"post","link":"https:\/\/diariodominicano.com\/?p=357617","title":{"rendered":"NAPOLE\u00d3N FUE PERDEDOR EN EL CARIBE 3"},"content":{"rendered":"\n<p>POR TE\u00d3FILO LAPPOT ROBLES<\/p>\n\n\n\n<p>Es oportuno decir que el 16 de junio del a\u00f1o 1810 funcionarios municipales de la &nbsp;ciudad de Hig\u00fcey vaticinaron lo que 5 a\u00f1os despu\u00e9s fue el principio del fin del poderoso Napole\u00f3n Bonaparte. Su derrota el 18 de junio de 1815 en Waterloo fue el cumplimiento de ese augurio.<\/p>\n\n\n\n<p>Esa premonici\u00f3n ha sido silenciada por muchos, pero tiene su importancia en el agitado y tortuoso itinerario del imperio franc\u00e9s.<\/p>\n\n\n\n<figure class=\"wp-block-image size-full\"><img loading=\"lazy\" decoding=\"async\" width=\"550\" height=\"452\" src=\"https:\/\/diariodominicano.com\/wp-content\/uploads\/2022\/05\/BatallaWaterloo.jpg\" alt=\"\" class=\"wp-image-357620\" srcset=\"https:\/\/diariodominicano.com\/wp-content\/uploads\/2022\/05\/BatallaWaterloo.jpg 550w, https:\/\/diariodominicano.com\/wp-content\/uploads\/2022\/05\/BatallaWaterloo-300x247.jpg 300w\" sizes=\"auto, (max-width: 550px) 100vw, 550px\" \/><\/figure>\n\n\n\n<p>Antes de detallar aquel presagio, al final de esta serie de 4, es oportuno se\u00f1alar que la venta que en el 1803 hizo Napole\u00f3n del vasto territorio de Luisiana (m\u00e1s de 2 millones de kil\u00f3metros cuadrados) en favor de los EE.UU. fue producto directo de sus derrotas en el Caribe, principalmente por los hechos de humillaci\u00f3n militar que sufri\u00f3 en la isla de Santo Domingo.<\/p>\n\n\n\n<p>Esa fue una venta hecha a marchas forzadas, a precio de \u201cvaca muerta.\u201d Se escribi\u00f3 entonces que el rostro de Napole\u00f3n ten\u00eda pliegues de amargura al tomar dicha decisi\u00f3n.<\/p>\n\n\n\n<p>Aunque todav\u00eda no era la testa imperial de Francia (lo ser\u00eda poco despu\u00e9s) tal vez en ese caso, m\u00e1s que en cualquier otro de sus acciones de Gobierno, qued\u00f3 comprobada la afirmaci\u00f3n que anot\u00f3 en sus papeles privados el obispo y pol\u00edtico franc\u00e9s Charles Maurice de Talleyrand, al ser testigo de la autocoronaci\u00f3n de Napole\u00f3n: \u201cEn el t\u00edtulo de emperador hay una combinaci\u00f3n de Rep\u00fablica romana y de Carlomagno, lo que le hace perder la cabeza.\u201d<\/p>\n\n\n\n<p>Para s\u00f3lo mencionar algunos casos previos al referido negocio inmobiliario de la Luisiana hay que decir que en el 1794 perdi\u00f3 a manos de los ingleses las islas de Martinica y Santa Luc\u00eda, as\u00ed como otras que las circundan.<\/p>\n\n\n\n<p>En abril de 1796 Napole\u00f3n, que todav\u00eda no era emperador, pero ten\u00eda el control del aparato gubernamental franc\u00e9s, refunfu\u00f1aba porque hab\u00eda autorizado que una poderosa expedici\u00f3n naval saliera de Guadalupe a recuperar la peque\u00f1a y cercana isla de Saint Kitts (174 km2). Luego de una terrible devastaci\u00f3n del tipo \u201ctierra arrasada\u201d aquello termin\u00f3 en derrota para sus fuerzas de ocupaci\u00f3n.<\/p>\n\n\n\n<p>No hay que olvidar, adem\u00e1s, que ya en el 1795, por \u00f3rdenes del entonces primer ministro de Gran Breta\u00f1a William Pitt (el Joven), con el apoyo del rey Jorge III, la mitad del ej\u00e9rcito de esa potencia mundial estaba combatiendo en las Antillas contra las fuerzas napole\u00f3nicas y contra esclavos rebeldes esparcidos en diferentes lugares caribe\u00f1os, teniendo como centro de atenci\u00f3n el territorio antillano que se dividen la Rep\u00fablica Dominicana y Hait\u00ed.<\/p>\n\n\n\n<p>En el 1800 los brit\u00e1nicos desplazaron a las fuerzas de Napole\u00f3n Bonaparte de la mitad de Saint-Martin, peque\u00f1a porci\u00f3n de tierra que los galos recuperaron en el 1816, mediante el Tratado de Par\u00eds.<\/p>\n\n\n\n<p>En el 1803 Gran Breta\u00f1a, que 5 a\u00f1os atr\u00e1s hab\u00eda derrotado a Napole\u00f3n en la batalla naval del Nilo, se apoder\u00f3 de varias posesiones francesas en el Caribe Oriental, entre ellas Tobago y Santa Luc\u00eda. Fue otra derrota caribe\u00f1a para ese genio militar que sus enemigos apodaban el Ogro de Ajaccio.<\/p>\n\n\n\n<p>La P\u00e9rfida Albi\u00f3n (expresi\u00f3n creada por el poeta Augustin de Xim\u00e9n\u00e9s y popularizada por Napole\u00f3n para burlarse de Gran Breta\u00f1a) se aprovech\u00f3 de paso para afincarse tambi\u00e9n en amplios territorios de Am\u00e9rica del Sur, como fue el caso de la entonces Guayana Neerlandesa.<\/p>\n\n\n\n<p>No fue sorpresa que como efecto directo de la decisi\u00f3n de guerra abierta tomada por Napole\u00f3n en el a\u00f1o 1803 (entonces era el jefe del gobierno llamado El Consulado) Gran Breta\u00f1a pudo asegurarse, en el 1808, el control de las islas Mar\u00eda Galante y Deseada.<\/p>\n\n\n\n<p>Pronto tambi\u00e9n volvieron a caer en poder de los brit\u00e1nicos Martinica, Guadalupe y un rosario de peque\u00f1as islas perif\u00e9ricas como Les Saintes. Pocos a\u00f1os antes esos territorios hab\u00edan sido recuperados por las tropas de Napole\u00f3n, en ese \u201ctira y afloja\u201d en que se convirti\u00f3 el Caribe en la primera d\u00e9cada del siglo 19.<\/p>\n\n\n\n<p>Esas p\u00e9rdidas territoriales estaban tambi\u00e9n directamente conectadas con la derrota que el 21 de octubre de 1805 tuvieron la Francia bajo el dominio de Napole\u00f3n y &nbsp;Espa\u00f1a en la batalla naval del cabo de Trafalgar, luego de que los barcos de esos dos imperios salieron de su refugio en la rada de C\u00e1diz.<\/p>\n\n\n\n<p>La escuadra franco-hispano estaba compuesta por 33 barcos, de los cuales s\u00f3lo retornaron 11 a puerto, en condiciones precarias.<\/p>\n\n\n\n<p>En ese famoso combate los 27 barcos de Gran Breta\u00f1a &nbsp;que intervinieron quedaron ilesos, a pesar de que all\u00ed murieron cientos de ingleses, galeses, escoceses y norirlandeses (estos \u00faltimos no son brit\u00e1nicos). En esa batalla fue que muri\u00f3 el almirante de la Marina Real brit\u00e1nica Horacio Nelson, h\u00e9roe del ya referido enfrentamiento en el r\u00edo Nilo, as\u00ed como de otras contiendas navales.<\/p>\n\n\n\n<div class=\"wp-block-image\"><figure class=\"alignleft size-full\"><img loading=\"lazy\" decoding=\"async\" width=\"186\" height=\"271\" src=\"https:\/\/diariodominicano.com\/wp-content\/uploads\/2022\/05\/Napoleon-14.jpg\" alt=\"\" class=\"wp-image-355916\"\/><\/figure><\/div>\n\n\n\n<p>Oportuno es decir que el novelista y dramaturgo espa\u00f1ol Benito P\u00e9rez Gald\u00f3s, en su primera novela de la serie titulada Episodios Nacionales, escribi\u00f3 en abundancia sobre la hecatombe que sufrieron las fuerzas napole\u00f3nicas frente al cabo gaditano de Trafalgar.<\/p>\n\n\n\n<p>Las victorias brit\u00e1nicas sobre Francia, con la ocupaci\u00f3n de algunas de sus colonias en el Caribe, dio origen en el 1806 a la creaci\u00f3n de un mecanismo mediante el cual Napole\u00f3n cerr\u00f3 gran parte de los puertos europeos a los productos comercializados por Gran Breta\u00f1a, especialmente el az\u00facar. Fue lo que se conoci\u00f3 entonces como \u201cel sistema continental.\u201d<\/p>\n\n\n\n<p>Eso favoreci\u00f3 en gran medida a los exportadores de az\u00facar de los EE.UU., que en esa ocasi\u00f3n encontraron en Europa un mercado amplio. Napole\u00f3n result\u00f3 ser en ese sentido un gran aliado coyuntural de ese poderoso pa\u00eds del norte de Am\u00e9rica.<\/p>\n\n\n\n<p>Dicho lo anterior al margen de que luego, olvidando sus colaboraciones rec\u00edprocas en acciones contra los pueblos antillanos, el tercer presidente norteamericano, Thomas Jefferson, escribi\u00f3 p\u00e1rrafos de acrimonia contra el emperador franc\u00e9s, rey de Italia y a partir del 1806 copr\u00edncipe de Andorra.<\/p>\n\n\n\n<p>El poderoso emperador de Francia, cuyas tropas fueron derrotadas una y otra vez en el Caribe, fue el mismo que el 17 de mayo de 1809, desde su cuartel general de Schaembrunn, en Austria, emiti\u00f3 un decreto mediante el cual, entre otras cosas, anexion\u00f3 al imperio franc\u00e9s los Estados romanos o pontificios.<\/p>\n\n\n\n<p>En efecto, en esa especie de ucase de factura napole\u00f3nica el tambi\u00e9n rey de Italia orden\u00f3 que el d\u00eda primero del mencionado a\u00f1o una junta extraordinaria tomara en su nombre \u201cposesi\u00f3n de los Estados del Papa y adoptara las medidas convenientes para que se organice la administraci\u00f3n constitucional\u2026\u201d Dicen que esa ha sido una de las etapas m\u00e1s dif\u00edciles de la iglesia cat\u00f3lica.<\/p>\n\n\n\n<p><\/p>\n\n\n\n<p><\/p>\n\n\n\n<p><\/p>\n\n\n\n<p><\/p>\n\n\n\n<p><\/p>\n\n\n\n<p><\/p>\n\n\n\n<p><\/p>\n\n\n\n<p><\/p>\n\n\n\n<p><\/p>\n\n\n\n<p><\/p>\n\n\n\n<p><\/p>\n\n\n\n<p><\/p>\n\n\n\n<p><\/p>\n\n\n\n<p><\/p>\n\n\n\n<p><\/p>\n\n\n\n<p><\/p>\n\n\n\n<p><\/p>\n\n\n\n<p><\/p>\n\n\n\n<p><\/p>\n\n\n\n<p><\/p>\n\n\n\n<p><\/p>\n\n\n\n<p><\/p>\n\n\n\n<p><\/p>\n\n\n\n<p>Te\u00f3filo Lappot<a target=\"_blank\" href=\"mailto:teofilolappot@hotmail.com\" rel=\"noreferrer noopener\">teofilolappot@hotmail.com<\/a><\/p>\n","protected":false},"excerpt":{"rendered":"<p>POR TE\u00d3FILO LAPPOT ROBLES Es oportuno decir que el 16 de junio del a\u00f1o 1810 funcionarios municipales de la &nbsp;ciudad de Hig\u00fcey vaticinaron lo que 5 a\u00f1os despu\u00e9s fue el principio del fin del poderoso Napole\u00f3n Bonaparte. Su derrota el 18 de junio de 1815 en Waterloo fue el cumplimiento de ese augurio. Esa premonici\u00f3n [&hellip;]<\/p>\n","protected":false},"author":28,"featured_media":357618,"comment_status":"closed","ping_status":"","sticky":true,"template":"","format":"standard","meta":{"footnotes":""},"categories":[21,26,27],"tags":[],"class_list":["post-357617","post","type-post","status-publish","format-standard","has-post-thumbnail","hentry","category-cultura","category-efemerides","category-portada"],"_links":{"self":[{"href":"https:\/\/diariodominicano.com\/index.php?rest_route=\/wp\/v2\/posts\/357617","targetHints":{"allow":["GET"]}}],"collection":[{"href":"https:\/\/diariodominicano.com\/index.php?rest_route=\/wp\/v2\/posts"}],"about":[{"href":"https:\/\/diariodominicano.com\/index.php?rest_route=\/wp\/v2\/types\/post"}],"author":[{"embeddable":true,"href":"https:\/\/diariodominicano.com\/index.php?rest_route=\/wp\/v2\/users\/28"}],"replies":[{"embeddable":true,"href":"https:\/\/diariodominicano.com\/index.php?rest_route=%2Fwp%2Fv2%2Fcomments&post=357617"}],"version-history":[{"count":4,"href":"https:\/\/diariodominicano.com\/index.php?rest_route=\/wp\/v2\/posts\/357617\/revisions"}],"predecessor-version":[{"id":357645,"href":"https:\/\/diariodominicano.com\/index.php?rest_route=\/wp\/v2\/posts\/357617\/revisions\/357645"}],"wp:featuredmedia":[{"embeddable":true,"href":"https:\/\/diariodominicano.com\/index.php?rest_route=\/wp\/v2\/media\/357618"}],"wp:attachment":[{"href":"https:\/\/diariodominicano.com\/index.php?rest_route=%2Fwp%2Fv2%2Fmedia&parent=357617"}],"wp:term":[{"taxonomy":"category","embeddable":true,"href":"https:\/\/diariodominicano.com\/index.php?rest_route=%2Fwp%2Fv2%2Fcategories&post=357617"},{"taxonomy":"post_tag","embeddable":true,"href":"https:\/\/diariodominicano.com\/index.php?rest_route=%2Fwp%2Fv2%2Ftags&post=357617"}],"curies":[{"name":"wp","href":"https:\/\/api.w.org\/{rel}","templated":true}]}}