{"id":357604,"date":"2022-05-28T00:13:59","date_gmt":"2022-05-28T04:13:59","guid":{"rendered":"http:\/\/diariodominicano.com\/?p=357604"},"modified":"2022-05-28T00:22:33","modified_gmt":"2022-05-28T04:22:33","slug":"muere-el-ex-presidente-francisco-gregorio-billini-3","status":"publish","type":"post","link":"https:\/\/diariodominicano.com\/?p=357604","title":{"rendered":"Muere el ex presidente Francisco Gregorio Billini"},"content":{"rendered":"\n<p>Francisco Gregorio Billini<\/p>\n\n\n\n<p>\u00a0\u00a0Por H\u00e9ctor Tineo Nolasco<\/p>\n\n\n\n<p>Diariodominicano.com<\/p>\n\n\n\n<p> SANTO DOMINGO, el \u00a028 de Mayo de 1898, muri\u00f3 en ciudad  Santo Domingo, el ex Presidente de la Rep\u00fablica Dominicana, Francisco Gregorio Billini.<\/p>\n\n\n\n<p>&nbsp;&nbsp;&nbsp;&nbsp; Francisco Gregorio Billini hab\u00eda nacido en Santo Domingo el 25 de Mayo de 1844. Se distingui\u00f3 como educador, pol\u00edtico y escritor.<\/p>\n\n\n\n<p>&nbsp;&nbsp;&nbsp; Su principal aporte bibliogr\u00e1fico&nbsp; es la obra Engracia y Anto\u00f1ita (Ban\u00ed), la primera narraci\u00f3n costumbrista de la Rep\u00fablica Dominicana. Su entorno es el paisaje de Ban\u00ed.<\/p>\n\n\n\n<p>&nbsp;&nbsp;&nbsp; De &nbsp;joven Francisco Gregorio Billini se distingui\u00f3&nbsp; como exponente del pensamiento liberal.<\/p>\n\n\n\n<p>&nbsp;&nbsp;&nbsp;&nbsp; El 1 de septiembre de 1884, Francisco Gregorio Billini fue juramentado&nbsp; presidente de la Rep\u00fablica, al ser declarado ganador de unas elecciones que el pr\u00f3cer Gregorio Luper\u00f3n calific\u00f3 de fraudulentas.<\/p>\n\n\n\n<p>&nbsp;&nbsp; Lleg\u00f3 al poder con su compa\u00f1ero de boleta Alejandro Woss y G\u00edl. Los dos eran apoyados por el general Ulises&nbsp; (Lil\u00eds) Heureaux.<\/p>\n\n\n\n<p>&nbsp;&nbsp;&nbsp;&nbsp;&nbsp; El pr\u00f3cer Gregorio Luper\u00f3n, al tratar el tema sostuvo,&nbsp; que las elecciones de 1884, fueron ganadas por el binomio Segundo Imbert-Casimiro de Moya, pero Lil\u00eds Heureaux, que conoc\u00eda como se hac\u00edan los fraudes, \u201cviol\u00f3 groseramente la ley, metiendo 15 mil votos en las urnas, y el Congreso poco avisado, proclam\u00f3 la candidatura&nbsp; de Billini y G\u00edl\u201d.<\/p>\n\n\n\n<p>&nbsp;&nbsp;&nbsp; A Francisco Gregorio Billini le toc\u00f3 un per\u00edodo de Gobierno muy dif\u00edcil, ya que los miembros del Partido Azul, considerados m\u00e1s liberales, le hicieron la vida dif\u00edcil, porque persegu\u00edan evitar que siguiera creciendo el poder pol\u00edtico y militar del general Ulises (Lil\u00eds) Heureaux.<\/p>\n\n\n\n<p>&nbsp;&nbsp; Incluso, el general Gregorio Luper\u00f3n, l\u00edder del Partido Azul, amenaz\u00f3 al Presidente Billini&nbsp; con llevar a cabo&nbsp; una revoluci\u00f3n para derrocarlo.<\/p>\n\n\n\n<p>Ulises Heureaux, quer\u00eda dirigir el Gobierno desde su Ministerio de Guerra y Marina. Ante esa situaci\u00f3n,&nbsp; el Presidente Francisco Gregorio Billini renunci\u00f3 a la jefatura del Estado y entreg\u00f3 el Gobierno al Vicepresidente Alejandro Woss y G\u00edl, el 16 de mayo de 1885.<\/p>\n\n\n\n<p>&nbsp;&nbsp;&nbsp; Cuando se produjo la muerte del ex Presidente y escritor, Francisco Gregorio Billini, el 28 de mayo de 1898, se encontraba en el poder el Presidente Ulises Heureaux, quien dispuso que fuera despedido con los honores de un ex jefe de Estado.<\/p>\n","protected":false},"excerpt":{"rendered":"<p>Francisco Gregorio Billini \u00a0\u00a0Por H\u00e9ctor Tineo Nolasco Diariodominicano.com SANTO DOMINGO, el \u00a028 de Mayo de 1898, muri\u00f3 en ciudad Santo Domingo, el ex Presidente de la Rep\u00fablica Dominicana, Francisco Gregorio Billini. &nbsp;&nbsp;&nbsp;&nbsp; Francisco Gregorio Billini hab\u00eda nacido en Santo Domingo el 25 de Mayo de 1844. Se distingui\u00f3 como educador, pol\u00edtico y escritor. &nbsp;&nbsp;&nbsp; Su [&hellip;]<\/p>\n","protected":false},"author":28,"featured_media":278537,"comment_status":"closed","ping_status":"","sticky":true,"template":"","format":"standard","meta":{"footnotes":""},"categories":[26,27],"tags":[],"class_list":["post-357604","post","type-post","status-publish","format-standard","has-post-thumbnail","hentry","category-efemerides","category-portada"],"_links":{"self":[{"href":"https:\/\/diariodominicano.com\/index.php?rest_route=\/wp\/v2\/posts\/357604","targetHints":{"allow":["GET"]}}],"collection":[{"href":"https:\/\/diariodominicano.com\/index.php?rest_route=\/wp\/v2\/posts"}],"about":[{"href":"https:\/\/diariodominicano.com\/index.php?rest_route=\/wp\/v2\/types\/post"}],"author":[{"embeddable":true,"href":"https:\/\/diariodominicano.com\/index.php?rest_route=\/wp\/v2\/users\/28"}],"replies":[{"embeddable":true,"href":"https:\/\/diariodominicano.com\/index.php?rest_route=%2Fwp%2Fv2%2Fcomments&post=357604"}],"version-history":[{"count":3,"href":"https:\/\/diariodominicano.com\/index.php?rest_route=\/wp\/v2\/posts\/357604\/revisions"}],"predecessor-version":[{"id":357611,"href":"https:\/\/diariodominicano.com\/index.php?rest_route=\/wp\/v2\/posts\/357604\/revisions\/357611"}],"wp:featuredmedia":[{"embeddable":true,"href":"https:\/\/diariodominicano.com\/index.php?rest_route=\/wp\/v2\/media\/278537"}],"wp:attachment":[{"href":"https:\/\/diariodominicano.com\/index.php?rest_route=%2Fwp%2Fv2%2Fmedia&parent=357604"}],"wp:term":[{"taxonomy":"category","embeddable":true,"href":"https:\/\/diariodominicano.com\/index.php?rest_route=%2Fwp%2Fv2%2Fcategories&post=357604"},{"taxonomy":"post_tag","embeddable":true,"href":"https:\/\/diariodominicano.com\/index.php?rest_route=%2Fwp%2Fv2%2Ftags&post=357604"}],"curies":[{"name":"wp","href":"https:\/\/api.w.org\/{rel}","templated":true}]}}