{"id":357593,"date":"2022-05-27T23:59:07","date_gmt":"2022-05-28T03:59:07","guid":{"rendered":"http:\/\/diariodominicano.com\/?p=357593"},"modified":"2022-05-27T23:59:46","modified_gmt":"2022-05-28T03:59:46","slug":"francia-dispuesta-a-evitar-agresiones-de-haiti-contra-republica-dominicana","status":"publish","type":"post","link":"https:\/\/diariodominicano.com\/?p=357593","title":{"rendered":"Francia dispuesta a evitar agresiones de Hait\u00ed contra Rep\u00fablica Dominicana"},"content":{"rendered":"\n<p>Napole\u00f3n III<\/p>\n\n\n\n<figure class=\"wp-block-image size-large\"><img loading=\"lazy\" decoding=\"async\" width=\"1024\" height=\"526\" src=\"https:\/\/diariodominicano.com\/wp-content\/uploads\/2021\/04\/Pedro-Santana-11-1024x526.jpg\" alt=\"\" class=\"wp-image-274138\" srcset=\"https:\/\/diariodominicano.com\/wp-content\/uploads\/2021\/04\/Pedro-Santana-11-1024x526.jpg 1024w, https:\/\/diariodominicano.com\/wp-content\/uploads\/2021\/04\/Pedro-Santana-11-300x154.jpg 300w, https:\/\/diariodominicano.com\/wp-content\/uploads\/2021\/04\/Pedro-Santana-11-768x395.jpg 768w, https:\/\/diariodominicano.com\/wp-content\/uploads\/2021\/04\/Pedro-Santana-11-1536x789.jpg 1536w, https:\/\/diariodominicano.com\/wp-content\/uploads\/2021\/04\/Pedro-Santana-11-2048x1052.jpg 2048w, https:\/\/diariodominicano.com\/wp-content\/uploads\/2021\/04\/Pedro-Santana-11-816x419.jpg 816w\" sizes=\"auto, (max-width: 1024px) 100vw, 1024px\" \/><\/figure>\n\n\n\n<p>Pedro Santana <\/p>\n\n\n\n<p><\/p>\n\n\n\n<p>\u00a0\u00a0\u00a0 PARIS, \u00a0el 28 de Mayo de 1853, el Emperador de Francia, Napole\u00f3n III,\u00a0 expres\u00f3 al Gobierno dominicano su disposici\u00f3n de contribuir a evitar que Hait\u00ed contin\u00fae agrediendo a\u00a0 la Rep\u00fablica Dominicana.<\/p>\n\n\n\n<p>&nbsp;&nbsp;&nbsp;&nbsp; En un&nbsp; mensaje dirigido al Presidente Pedro Santana, el Emperador Napole\u00f3n III le prometi\u00f3 hacer los mayores esfuerzos&nbsp; para evitar la continuaci\u00f3n de las agresiones haitianas.<\/p>\n\n\n\n<p>\u00a0\u00a0\u00a0\u00a0 La Rep\u00fablica Dominicana fue proclamada el 27 de Febrero de 1844, pero gobiernos de Hait\u00ed se negaban  a reconocer el Estado dominicano, ya que\u00a0 consideraban\u00a0 que la Isla es una e indivisible.<\/p>\n\n\n\n<p>\u00a0\u00a0\u00a0\u00a0 Durante los primeros 12 a\u00f1os de la Rep\u00fablica Dominicana, llevaron a cabo m\u00faltiples ataques e invasiones, pero en todas el Ej\u00e9rcito de Hait\u00ed fue vencido por Rep\u00fablica Dominicana.<\/p>\n","protected":false},"excerpt":{"rendered":"<p>Napole\u00f3n III Pedro Santana \u00a0\u00a0\u00a0 PARIS, \u00a0el 28 de Mayo de 1853, el Emperador de Francia, Napole\u00f3n III,\u00a0 expres\u00f3 al Gobierno dominicano su disposici\u00f3n de contribuir a evitar que Hait\u00ed contin\u00fae agrediendo a\u00a0 la Rep\u00fablica Dominicana. &nbsp;&nbsp;&nbsp;&nbsp; En un&nbsp; mensaje dirigido al Presidente Pedro Santana, el Emperador Napole\u00f3n III le prometi\u00f3 hacer los mayores esfuerzos&nbsp; [&hellip;]<\/p>\n","protected":false},"author":28,"featured_media":357594,"comment_status":"closed","ping_status":"","sticky":true,"template":"","format":"standard","meta":{"footnotes":""},"categories":[26,27],"tags":[],"class_list":["post-357593","post","type-post","status-publish","format-standard","has-post-thumbnail","hentry","category-efemerides","category-portada"],"_links":{"self":[{"href":"https:\/\/diariodominicano.com\/index.php?rest_route=\/wp\/v2\/posts\/357593","targetHints":{"allow":["GET"]}}],"collection":[{"href":"https:\/\/diariodominicano.com\/index.php?rest_route=\/wp\/v2\/posts"}],"about":[{"href":"https:\/\/diariodominicano.com\/index.php?rest_route=\/wp\/v2\/types\/post"}],"author":[{"embeddable":true,"href":"https:\/\/diariodominicano.com\/index.php?rest_route=\/wp\/v2\/users\/28"}],"replies":[{"embeddable":true,"href":"https:\/\/diariodominicano.com\/index.php?rest_route=%2Fwp%2Fv2%2Fcomments&post=357593"}],"version-history":[{"count":2,"href":"https:\/\/diariodominicano.com\/index.php?rest_route=\/wp\/v2\/posts\/357593\/revisions"}],"predecessor-version":[{"id":357597,"href":"https:\/\/diariodominicano.com\/index.php?rest_route=\/wp\/v2\/posts\/357593\/revisions\/357597"}],"wp:featuredmedia":[{"embeddable":true,"href":"https:\/\/diariodominicano.com\/index.php?rest_route=\/wp\/v2\/media\/357594"}],"wp:attachment":[{"href":"https:\/\/diariodominicano.com\/index.php?rest_route=%2Fwp%2Fv2%2Fmedia&parent=357593"}],"wp:term":[{"taxonomy":"category","embeddable":true,"href":"https:\/\/diariodominicano.com\/index.php?rest_route=%2Fwp%2Fv2%2Fcategories&post=357593"},{"taxonomy":"post_tag","embeddable":true,"href":"https:\/\/diariodominicano.com\/index.php?rest_route=%2Fwp%2Fv2%2Ftags&post=357593"}],"curies":[{"name":"wp","href":"https:\/\/api.w.org\/{rel}","templated":true}]}}