{"id":357316,"date":"2022-05-26T23:10:29","date_gmt":"2022-05-27T03:10:29","guid":{"rendered":"http:\/\/diariodominicano.com\/?p=357316"},"modified":"2022-05-26T23:20:59","modified_gmt":"2022-05-27T03:20:59","slug":"el-dia-que-fallecio-casimiro-nemesio-de-moya-2","status":"publish","type":"post","link":"https:\/\/diariodominicano.com\/?p=357316","title":{"rendered":"El d\u00eda que falleci\u00f3 Casimiro Nemesio de Moya"},"content":{"rendered":"\n<p><\/p>\n\n\n\n<p>Por H\u00e9ctor Tineo Nolasco<\/p>\n\n\n\n<p>Diariodominicano.com<\/p>\n\n\n\n<p>SANTO DOMINGO, el 27 de mayo de 1915, falleci\u00f3 en la ciudad de Santo Domingo, Casimiro Nemesio de Moya, quien se destac\u00f3 como pol\u00edtico y escritor.<\/p>\n\n\n\n<p>&nbsp;&nbsp;&nbsp; Casimiro Nemesio de Moya, es pionero en las investigaciones geogr\u00e1ficas en la Rep\u00fablica Dominicana. De&nbsp; joven particip\u00f3 en actividades pol\u00edticas.<\/p>\n\n\n\n<p>&nbsp;&nbsp; En el a\u00f1o 1882, fue compa\u00f1ero de boleta del candidato presidencial Ulises Heureaux, pero luego interrumpieron las relaciones pol\u00edticas.<\/p>\n\n\n\n<p>&nbsp;&nbsp;&nbsp; Casimiro Nemesio de Moya, particip\u00f3 en 1884, como compa\u00f1ero de boleta del candidato presidencial Segundo Imbert, pero perdi\u00f3 del binomio Francisco Gregorio Billini-Alejandro Woss y G\u00edl, que contaba con el apoyo del ex presidente de la Rep\u00fablica Ulises (Lil\u00eds) Heureaux.<\/p>\n\n\n\n<figure class=\"wp-block-image size-large\"><img loading=\"lazy\" decoding=\"async\" width=\"1024\" height=\"526\" src=\"https:\/\/diariodominicano.com\/wp-content\/uploads\/2021\/10\/Luperon-Despues-De-La-Restauracion-II-Ulises-Heureau-x-1024x526.jpg\" alt=\"\" class=\"wp-image-302340\" srcset=\"https:\/\/diariodominicano.com\/wp-content\/uploads\/2021\/10\/Luperon-Despues-De-La-Restauracion-II-Ulises-Heureau-x-1024x526.jpg 1024w, https:\/\/diariodominicano.com\/wp-content\/uploads\/2021\/10\/Luperon-Despues-De-La-Restauracion-II-Ulises-Heureau-x-300x154.jpg 300w, https:\/\/diariodominicano.com\/wp-content\/uploads\/2021\/10\/Luperon-Despues-De-La-Restauracion-II-Ulises-Heureau-x-768x395.jpg 768w, https:\/\/diariodominicano.com\/wp-content\/uploads\/2021\/10\/Luperon-Despues-De-La-Restauracion-II-Ulises-Heureau-x-1536x789.jpg 1536w, https:\/\/diariodominicano.com\/wp-content\/uploads\/2021\/10\/Luperon-Despues-De-La-Restauracion-II-Ulises-Heureau-x-2048x1052.jpg 2048w, https:\/\/diariodominicano.com\/wp-content\/uploads\/2021\/10\/Luperon-Despues-De-La-Restauracion-II-Ulises-Heureau-x-816x419.jpg 816w\" sizes=\"auto, (max-width: 1024px) 100vw, 1024px\" \/><figcaption>Ulises (Lil\u00eds) Heureaux <\/figcaption><\/figure>\n\n\n\n<figure class=\"wp-block-image size-large\"><img loading=\"lazy\" decoding=\"async\" width=\"1024\" height=\"526\" src=\"https:\/\/diariodominicano.com\/wp-content\/uploads\/2021\/10\/Luperon-Despues-De-La-Restauracion-y-III-1024x526.jpg\" alt=\"\" class=\"wp-image-303513\" srcset=\"https:\/\/diariodominicano.com\/wp-content\/uploads\/2021\/10\/Luperon-Despues-De-La-Restauracion-y-III-1024x526.jpg 1024w, https:\/\/diariodominicano.com\/wp-content\/uploads\/2021\/10\/Luperon-Despues-De-La-Restauracion-y-III-300x154.jpg 300w, https:\/\/diariodominicano.com\/wp-content\/uploads\/2021\/10\/Luperon-Despues-De-La-Restauracion-y-III-768x395.jpg 768w, https:\/\/diariodominicano.com\/wp-content\/uploads\/2021\/10\/Luperon-Despues-De-La-Restauracion-y-III-1536x789.jpg 1536w, https:\/\/diariodominicano.com\/wp-content\/uploads\/2021\/10\/Luperon-Despues-De-La-Restauracion-y-III-2048x1052.jpg 2048w, https:\/\/diariodominicano.com\/wp-content\/uploads\/2021\/10\/Luperon-Despues-De-La-Restauracion-y-III-816x419.jpg 816w\" sizes=\"auto, (max-width: 1024px) 100vw, 1024px\" \/><figcaption>Gregorio Luper\u00f3n<\/figcaption><\/figure>\n\n\n\n<p>&nbsp;&nbsp;&nbsp;&nbsp;&nbsp; El pr\u00f3cer Gregorio Luper\u00f3n, al tratar sobre esas elecciones, sostuvo el criterio de que el proceso de 1884, fue ganado por el binomio Segundo Imbert-Casimiro de Moya, pero Lil\u00eds Heureaux, que conoc\u00eda como se hac\u00edan los fraudes, \u201cviol\u00f3 groseramente la ley, metiendo 15 mil votos en las urnas, y el Congreso poco avisado, proclam\u00f3 ganador de las elecciones el binomio Billini y Gil\u201d.<\/p>\n\n\n\n<p>&nbsp;&nbsp;&nbsp; En el a\u00f1o 1886, Casimiro Nemesio de Moya fue candidato presidencial, pero el candidato ganador fue su antiguo aliado Ulises Heureaux.<\/p>\n\n\n\n<p>&nbsp;&nbsp;&nbsp;&nbsp; Tras fracasar en un plan para derrocar al Presidente Ulises Heureaux, se march\u00f3 al exilio. Regres\u00f3 a Rep\u00fablica Dominicana en el a\u00f1o 1895, pero no particip\u00f3 en pol\u00edtica hasta despu\u00e9s de la muerte del dictador Ulises Heureaux, el 26 de Julio de 1899, en Moca.<\/p>\n\n\n\n<p>&nbsp; Casimiro Nemesio de Moya, tambi\u00e9n public\u00f3 en el a\u00f1o 1913, su obra Bosquejo Hist\u00f3rico del Descubrimiento y Conquista de la Isla de Santo Domingo.<\/p>\n\n\n\n<p>&nbsp;&nbsp;&nbsp;&nbsp; Casimiro de Moya, fallecido el d\u00eda 27 de mayo de 1915, naci\u00f3 el 19 de diciembre de 1849.<\/p>\n","protected":false},"excerpt":{"rendered":"<p>Por H\u00e9ctor Tineo Nolasco Diariodominicano.com SANTO DOMINGO, el 27 de mayo de 1915, falleci\u00f3 en la ciudad de Santo Domingo, Casimiro Nemesio de Moya, quien se destac\u00f3 como pol\u00edtico y escritor. &nbsp;&nbsp;&nbsp; Casimiro Nemesio de Moya, es pionero en las investigaciones geogr\u00e1ficas en la Rep\u00fablica Dominicana. De&nbsp; joven particip\u00f3 en actividades pol\u00edticas. &nbsp;&nbsp; En el [&hellip;]<\/p>\n","protected":false},"author":28,"featured_media":278326,"comment_status":"closed","ping_status":"","sticky":true,"template":"","format":"standard","meta":{"footnotes":""},"categories":[26,27],"tags":[],"class_list":["post-357316","post","type-post","status-publish","format-standard","has-post-thumbnail","hentry","category-efemerides","category-portada"],"_links":{"self":[{"href":"https:\/\/diariodominicano.com\/index.php?rest_route=\/wp\/v2\/posts\/357316","targetHints":{"allow":["GET"]}}],"collection":[{"href":"https:\/\/diariodominicano.com\/index.php?rest_route=\/wp\/v2\/posts"}],"about":[{"href":"https:\/\/diariodominicano.com\/index.php?rest_route=\/wp\/v2\/types\/post"}],"author":[{"embeddable":true,"href":"https:\/\/diariodominicano.com\/index.php?rest_route=\/wp\/v2\/users\/28"}],"replies":[{"embeddable":true,"href":"https:\/\/diariodominicano.com\/index.php?rest_route=%2Fwp%2Fv2%2Fcomments&post=357316"}],"version-history":[{"count":6,"href":"https:\/\/diariodominicano.com\/index.php?rest_route=\/wp\/v2\/posts\/357316\/revisions"}],"predecessor-version":[{"id":357324,"href":"https:\/\/diariodominicano.com\/index.php?rest_route=\/wp\/v2\/posts\/357316\/revisions\/357324"}],"wp:featuredmedia":[{"embeddable":true,"href":"https:\/\/diariodominicano.com\/index.php?rest_route=\/wp\/v2\/media\/278326"}],"wp:attachment":[{"href":"https:\/\/diariodominicano.com\/index.php?rest_route=%2Fwp%2Fv2%2Fmedia&parent=357316"}],"wp:term":[{"taxonomy":"category","embeddable":true,"href":"https:\/\/diariodominicano.com\/index.php?rest_route=%2Fwp%2Fv2%2Fcategories&post=357316"},{"taxonomy":"post_tag","embeddable":true,"href":"https:\/\/diariodominicano.com\/index.php?rest_route=%2Fwp%2Fv2%2Ftags&post=357316"}],"curies":[{"name":"wp","href":"https:\/\/api.w.org\/{rel}","templated":true}]}}