{"id":357031,"date":"2022-05-25T23:18:52","date_gmt":"2022-05-26T03:18:52","guid":{"rendered":"http:\/\/diariodominicano.com\/?p=357031"},"modified":"2022-05-25T23:18:52","modified_gmt":"2022-05-26T03:18:52","slug":"357031","status":"publish","type":"post","link":"https:\/\/diariodominicano.com\/?p=357031","title":{"rendered":""},"content":{"rendered":"\n<p><strong>Naci\u00f3 el  Padre Fantino y Falco<\/strong><\/p>\n\n\n\n<p>&nbsp;&nbsp;&nbsp;&nbsp;&nbsp;&nbsp;&nbsp;&nbsp;&nbsp; Por H\u00e9ctor Tineo N<\/p>\n\n\n\n<p>SAN DALMAZZO, Italia, el\u00a0 26 de Mayo de 1867, naci\u00f3 en Borgo, San Dalmazzo, Italia,\u00a0 Francisco Fantino y Falco, quien sobresali\u00f3 como sacerdote\u00a0 y educador.<\/p>\n\n\n\n<p>&nbsp;&nbsp;&nbsp; En su obra \u201cBreve Historia&nbsp; de la Iglesia Dominicana 1493-1997\u201d, el sacerdote Antonio \u2013Tom- Lluberes,&nbsp; apunta&nbsp; que en el orden espiritual, el Padre Fantino fue la figura modelo de la Iglesia dominicana de la \u00e9poca.<\/p>\n\n\n\n<p>\u00a0\u00a0\u00a0 El Padre Fantino, naci\u00f3 en Italia el 26 de Mayo de 1867, y lleg\u00f3 a la Rep\u00fablica Dominicana en el a\u00f1o 1899.<\/p>\n\n\n\n<p>&nbsp;&nbsp; \u201cEra una persona de formaci\u00f3n acad\u00e9mica romana, pastoral y r\u00edgidamente&nbsp; asc\u00e9tica, pero permeada de un amor&nbsp; franciscano que lo convirti\u00f3 en una especie de \u201chombre justo&nbsp; y pobre\u201d, tal como lo describe el libro de la Sabidur\u00eda.<\/p>\n\n\n\n<p>&nbsp;&nbsp;&nbsp; \u201cCasi desde un principio, el Padre Fantino fue admirado y rechazado en un tiempo por el clero dominicano. As\u00ed en 1903 fue despojado de sus funciones de director del Seminario Conciliar, y enviado al lejano Montecristi. De all\u00ed fue llamado a La Vega para que iniciase una obra educativa, y as\u00ed fund\u00f3 el Colegio San Sebasti\u00e1n.<\/p>\n\n\n\n<p>&nbsp;&nbsp;&nbsp; \u201cEn 1919 fue trasladado al santuario&nbsp; de Nuestra Se\u00f1ora&nbsp; de Las Mercedes en el Santo Cerro. All\u00ed consolid\u00f3 su personalidad espiritual, y convirti\u00f3 al Santo Cerro pr\u00e1cticamente en el centro espiritual del pa\u00eds\u201d.<\/p>\n\n\n\n<p>&nbsp;&nbsp;&nbsp;&nbsp; En 1921, el Padre&nbsp; Fantino tom\u00f3 el h\u00e1bito de terciario franciscano.&nbsp; En 1923 fund\u00f3 un grupo de la misma&nbsp; orden tercera, que se caracteriz\u00f3 por su s\u00f3lida formaci\u00f3n religiosa y su actividad catequ\u00e9tica.<\/p>\n\n\n\n<p>&nbsp;&nbsp;&nbsp; En 1926 el Padre Fantino traspas\u00f3 el colegio de La Vega a las hermanas terciarias franciscanas, y un a\u00f1o despu\u00e9s fund\u00f3 el Colegio Padre Las Casas, en el Santo Cerro.<\/p>\n\n\n\n<p>&nbsp;&nbsp;&nbsp; El padre Fantino muri\u00f3 en San Pedro de Macor\u00eds, el 4 de julio de 1939, dejando una huella incomparable en un sector de la Iglesia dominicana.<\/p>\n\n\n\n<p>&nbsp;&nbsp;&nbsp; Los restos del Padre Fantino fueron sepultados en la Iglesia del Santo Cerro, en La Vega.<\/p>\n","protected":false},"excerpt":{"rendered":"<p>Naci\u00f3 el Padre Fantino y Falco &nbsp;&nbsp;&nbsp;&nbsp;&nbsp;&nbsp;&nbsp;&nbsp;&nbsp; Por H\u00e9ctor Tineo N SAN DALMAZZO, Italia, el\u00a0 26 de Mayo de 1867, naci\u00f3 en Borgo, San Dalmazzo, Italia,\u00a0 Francisco Fantino y Falco, quien sobresali\u00f3 como sacerdote\u00a0 y educador. &nbsp;&nbsp;&nbsp; En su obra \u201cBreve Historia&nbsp; de la Iglesia Dominicana 1493-1997\u201d, el sacerdote Antonio \u2013Tom- Lluberes,&nbsp; apunta&nbsp; que en [&hellip;]<\/p>\n","protected":false},"author":28,"featured_media":357032,"comment_status":"closed","ping_status":"","sticky":true,"template":"","format":"standard","meta":{"footnotes":""},"categories":[26,27],"tags":[],"class_list":["post-357031","post","type-post","status-publish","format-standard","has-post-thumbnail","hentry","category-efemerides","category-portada"],"_links":{"self":[{"href":"https:\/\/diariodominicano.com\/index.php?rest_route=\/wp\/v2\/posts\/357031","targetHints":{"allow":["GET"]}}],"collection":[{"href":"https:\/\/diariodominicano.com\/index.php?rest_route=\/wp\/v2\/posts"}],"about":[{"href":"https:\/\/diariodominicano.com\/index.php?rest_route=\/wp\/v2\/types\/post"}],"author":[{"embeddable":true,"href":"https:\/\/diariodominicano.com\/index.php?rest_route=\/wp\/v2\/users\/28"}],"replies":[{"embeddable":true,"href":"https:\/\/diariodominicano.com\/index.php?rest_route=%2Fwp%2Fv2%2Fcomments&post=357031"}],"version-history":[{"count":1,"href":"https:\/\/diariodominicano.com\/index.php?rest_route=\/wp\/v2\/posts\/357031\/revisions"}],"predecessor-version":[{"id":357033,"href":"https:\/\/diariodominicano.com\/index.php?rest_route=\/wp\/v2\/posts\/357031\/revisions\/357033"}],"wp:featuredmedia":[{"embeddable":true,"href":"https:\/\/diariodominicano.com\/index.php?rest_route=\/wp\/v2\/media\/357032"}],"wp:attachment":[{"href":"https:\/\/diariodominicano.com\/index.php?rest_route=%2Fwp%2Fv2%2Fmedia&parent=357031"}],"wp:term":[{"taxonomy":"category","embeddable":true,"href":"https:\/\/diariodominicano.com\/index.php?rest_route=%2Fwp%2Fv2%2Fcategories&post=357031"},{"taxonomy":"post_tag","embeddable":true,"href":"https:\/\/diariodominicano.com\/index.php?rest_route=%2Fwp%2Fv2%2Ftags&post=357031"}],"curies":[{"name":"wp","href":"https:\/\/api.w.org\/{rel}","templated":true}]}}