{"id":357027,"date":"2022-05-25T23:08:50","date_gmt":"2022-05-26T03:08:50","guid":{"rendered":"http:\/\/diariodominicano.com\/?p=357027"},"modified":"2022-05-25T23:20:11","modified_gmt":"2022-05-26T03:20:11","slug":"presion-politica-provoca-renuncia-del-presidente-pedro-santana","status":"publish","type":"post","link":"https:\/\/diariodominicano.com\/?p=357027","title":{"rendered":"Presi\u00f3n pol\u00edtica provoca renuncia del presidente Pedro Santana"},"content":{"rendered":"\n<p>Pedro Santana<\/p>\n\n\n\n<figure class=\"wp-block-image size-large\"><img loading=\"lazy\" decoding=\"async\" width=\"1024\" height=\"526\" src=\"https:\/\/diariodominicano.com\/wp-content\/uploads\/2021\/10\/Buenaventura-Baez-1024x526.jpg\" alt=\"\" class=\"wp-image-303648\" srcset=\"https:\/\/diariodominicano.com\/wp-content\/uploads\/2021\/10\/Buenaventura-Baez-1024x526.jpg 1024w, https:\/\/diariodominicano.com\/wp-content\/uploads\/2021\/10\/Buenaventura-Baez-300x154.jpg 300w, https:\/\/diariodominicano.com\/wp-content\/uploads\/2021\/10\/Buenaventura-Baez-768x395.jpg 768w, https:\/\/diariodominicano.com\/wp-content\/uploads\/2021\/10\/Buenaventura-Baez-1536x789.jpg 1536w, https:\/\/diariodominicano.com\/wp-content\/uploads\/2021\/10\/Buenaventura-Baez-2048x1052.jpg 2048w, https:\/\/diariodominicano.com\/wp-content\/uploads\/2021\/10\/Buenaventura-Baez-816x419.jpg 816w\" sizes=\"auto, (max-width: 1024px) 100vw, 1024px\" \/><\/figure>\n\n\n\n<p>Buenaventura B\u00e1ez<\/p>\n\n\n\n<p><\/p>\n\n\n\n<p><span style=\"background-color: rgba(17, 17, 17, 0.2);\"><b>P<\/b><\/span><strong>or H\u00e9ctor Tineo Nolasco<\/strong><\/p>\n\n\n\n<p>Diariodominicano.com<\/p>\n\n\n\n<p><\/p>\n\n\n\n<p>SANTO DOMINGO, el&nbsp; 26 de mayo de 1856, se produjo la renuncia del&nbsp; Presidente de la Rep\u00fablica, general Pedro Santana, quien en ese momento hab\u00eda perdido el apoyo de algunos colaboradores y aliados.<\/p>\n\n\n\n<p>&nbsp;&nbsp;&nbsp;<strong> La presi\u00f3n pol\u00edtica&nbsp; y el abandono de sus amigos, lo impulsaron a dejar la Presidencia.<\/strong><\/p>\n\n\n\n<p>Asumi\u00f3&nbsp; la Presidencia de la Rep\u00fablica, el Vicepresidente&nbsp; General Manuel de Regla&nbsp; Mota,&nbsp; quien con el pa\u00eds arruinado a causa de la reciente guerra con Hait\u00ed,&nbsp; y de las emisiones monetarias&nbsp; sin respaldo que se hab\u00edan autorizado&nbsp; para financiarlas, cay\u00f3 en una crisis econ\u00f3mica.<\/p>\n\n\n\n<p>&nbsp;&nbsp;&nbsp;&nbsp; Ante esa situaci\u00f3n, el Presidente Manuel de Regla&nbsp; Mota, entre sus primeras medidas&nbsp; sac\u00f3 del Ej\u00e9rcito a una parte de los militares, porque&nbsp; el Gobierno no ten\u00eda fondos para pagar los salarios.<\/p>\n\n\n\n<p>&nbsp;&nbsp;&nbsp; De esa manera, qued\u00f3 sin base militar. Esa realidad fue aprovechada por el c\u00f3nsul espa\u00f1ol&nbsp;&nbsp; Antonio Mar\u00eda Segovia, quien se traslad\u00f3 a Saint Thomas para&nbsp; expresarle apoyo al exiliado ex Presidente Buenaventura B\u00e1ez, para que retornara al poder.<\/p>\n\n\n\n<p>&nbsp;&nbsp;&nbsp;&nbsp; Antonio Mar\u00eda Segovia hab\u00eda llegado a la Rep\u00fablica Dominicana, el 27 de Diciembre de 1855, en el momento en que el pa\u00eds estaba en guerra contra Hait\u00ed, que cada cierto tiempo comet\u00eda agresiones contra el territorio dominicano.<\/p>\n\n\n\n<p>&nbsp;&nbsp;&nbsp;&nbsp;&nbsp; Desde el primer momento Antonio Mar\u00eda Segovia, intervino en los asuntos internos&nbsp; de la Rep\u00fablica Dominicana para tratar de evitar que el Presidente Pedro Santana llegara a un acuerdo con Estados Unidos, para cederle alg\u00fan punto del territorio nacional, pues&nbsp; se hablaba de que podr\u00edan quedarse con la Bah\u00eda de Saman\u00e1.<\/p>\n\n\n\n<p>&nbsp;&nbsp;&nbsp;&nbsp; Buenaventura B\u00e1ez&nbsp; retorn\u00f3 al pa\u00eds y como fruto de un acuerdo con el Presidente Manuel de Regla Mota y sus aliados, fue nombrado vicepresidente para luego ejecutar la renuncia del Jefe del Estado y asumir el poder.<\/p>\n\n\n\n<p>&nbsp;&nbsp;&nbsp;&nbsp; Manuel de Regla Mota, como parte del acuerdo, declar\u00f3 una ley de amnist\u00eda para que adem\u00e1s de Buenaventura B\u00e1ez, regresar\u00eda&nbsp; al pa\u00eds a todos sus seguidores que viv\u00edan en el exilio.<\/p>\n\n\n\n<p>&nbsp;&nbsp;&nbsp;&nbsp; En efecto, el 6 de Octubre de 1856, el Presidente Manuel de Regla Mota, renunci\u00f3 a la Presidencia y entreg\u00f3 el poder a Buenaventura B\u00e1ez.<\/p>\n","protected":false},"excerpt":{"rendered":"<p>Pedro Santana Buenaventura B\u00e1ez Por H\u00e9ctor Tineo Nolasco Diariodominicano.com SANTO DOMINGO, el&nbsp; 26 de mayo de 1856, se produjo la renuncia del&nbsp; Presidente de la Rep\u00fablica, general Pedro Santana, quien en ese momento hab\u00eda perdido el apoyo de algunos colaboradores y aliados. &nbsp;&nbsp;&nbsp; La presi\u00f3n pol\u00edtica&nbsp; y el abandono de sus amigos, lo impulsaron a [&hellip;]<\/p>\n","protected":false},"author":28,"featured_media":274138,"comment_status":"closed","ping_status":"","sticky":true,"template":"","format":"standard","meta":{"footnotes":""},"categories":[26,27],"tags":[],"class_list":["post-357027","post","type-post","status-publish","format-standard","has-post-thumbnail","hentry","category-efemerides","category-portada"],"_links":{"self":[{"href":"https:\/\/diariodominicano.com\/index.php?rest_route=\/wp\/v2\/posts\/357027","targetHints":{"allow":["GET"]}}],"collection":[{"href":"https:\/\/diariodominicano.com\/index.php?rest_route=\/wp\/v2\/posts"}],"about":[{"href":"https:\/\/diariodominicano.com\/index.php?rest_route=\/wp\/v2\/types\/post"}],"author":[{"embeddable":true,"href":"https:\/\/diariodominicano.com\/index.php?rest_route=\/wp\/v2\/users\/28"}],"replies":[{"embeddable":true,"href":"https:\/\/diariodominicano.com\/index.php?rest_route=%2Fwp%2Fv2%2Fcomments&post=357027"}],"version-history":[{"count":3,"href":"https:\/\/diariodominicano.com\/index.php?rest_route=\/wp\/v2\/posts\/357027\/revisions"}],"predecessor-version":[{"id":357034,"href":"https:\/\/diariodominicano.com\/index.php?rest_route=\/wp\/v2\/posts\/357027\/revisions\/357034"}],"wp:featuredmedia":[{"embeddable":true,"href":"https:\/\/diariodominicano.com\/index.php?rest_route=\/wp\/v2\/media\/274138"}],"wp:attachment":[{"href":"https:\/\/diariodominicano.com\/index.php?rest_route=%2Fwp%2Fv2%2Fmedia&parent=357027"}],"wp:term":[{"taxonomy":"category","embeddable":true,"href":"https:\/\/diariodominicano.com\/index.php?rest_route=%2Fwp%2Fv2%2Fcategories&post=357027"},{"taxonomy":"post_tag","embeddable":true,"href":"https:\/\/diariodominicano.com\/index.php?rest_route=%2Fwp%2Fv2%2Ftags&post=357027"}],"curies":[{"name":"wp","href":"https:\/\/api.w.org\/{rel}","templated":true}]}}