{"id":356815,"date":"2022-05-24T23:43:19","date_gmt":"2022-05-25T03:43:19","guid":{"rendered":"http:\/\/diariodominicano.com\/?p=356815"},"modified":"2022-05-24T23:45:44","modified_gmt":"2022-05-25T03:45:44","slug":"25-de-mayo-de-1844-nace-francisco-gregorio-billini","status":"publish","type":"post","link":"https:\/\/diariodominicano.com\/?p=356815","title":{"rendered":"25 de mayo de 1844. Nace Francisco Gregorio Billini"},"content":{"rendered":"\n<p> ,Francisco Gregorio Billini<\/p>\n\n\n\n<p><strong>Por H\u00e9ctor Tineo Nolasco<\/strong><\/p>\n\n\n\n<p><strong>Diariodominicano.com<\/strong><\/p>\n\n\n\n<p>SANTO DOMINGO, el 25 de mayo de 1844, naci\u00f3 en la ciudad Santo Domingo, Francisco Gregorio Billini. Se destac\u00f3 como educador, pol\u00edtico y escritor.<\/p>\n\n\n\n<p>&nbsp;&nbsp;&nbsp; Es el autor de Engracia y Anto\u00f1ita (Ban\u00ed), la primera narraci\u00f3n costumbrista de la Rep\u00fablica Dominicana.&nbsp; Su entorno es el paisaje de Ban\u00ed.<\/p>\n\n\n\n<p>&nbsp;&nbsp;&nbsp; De&nbsp; joven Francisco Gregorio Billini, se distingui\u00f3&nbsp; como exponente del pensamiento liberal.<\/p>\n\n\n\n<p>&nbsp;&nbsp;&nbsp;&nbsp; El 1 de septiembre de 1884, fue juramentado presidente de la Rep\u00fablica Dominicana, al ser declarado ganador de unas elecciones que el pr\u00f3cer Gregorio Luper\u00f3n calific\u00f3 de fraudulentas.<\/p>\n\n\n\n<p>&nbsp;&nbsp;&nbsp; <strong>Billini lleg\u00f3 al poder con su compa\u00f1ero de boleta Alejandro Woss y G\u00edl.&nbsp; Eran respaldados por el ex presidente Ulises (Lil\u00eds) Heureaux.<\/strong><\/p>\n\n\n\n<p>&nbsp;&nbsp;&nbsp; El pr\u00f3cer Gregorio Luper\u00f3n, al tratar el tema, sostuvo que las elecciones de 1884, fueron ganadas por el binomio Segundo Imbert-Casimiro de Moya, pero Lil\u00eds Heureaux, que conoc\u00eda como se hac\u00edan los fraudes, \u201cviol\u00f3 groseramente la ley, metiendo 15 mil votos en las urnas, y el Congreso poco avisado, proclam\u00f3 la candidatura de Billini y G\u00edl\u201d.<\/p>\n\n\n\n<p>A Francisco Gregorio Billini le toc\u00f3 un per\u00edodo de Gobierno muy dif\u00edcil, ya que los miembros del Partido Azul, considerados m\u00e1s liberales, hac\u00edan m\u00faltiples presiones, porque trataban de&nbsp; evitar que siguiera creciendo el poder pol\u00edtico y militar del general Heureaux.<\/p>\n\n\n\n<p>&nbsp;&nbsp; En esa circunstancia el&nbsp; general Gregorio Luper\u00f3n, l\u00edder del Partido Azul, amenaz\u00f3 al Presidente Billini&nbsp; con levantar una revoluci\u00f3n para derrocarlo.<\/p>\n\n\n\n<p>\u00a0\u00a0 De su lado, Heureaux, quer\u00eda dirigir el Gobierno desde su Ministerio de Guerra y Marina. Ante esa situaci\u00f3n,\u00a0 el Presidente Francisco Gregorio Billini renunci\u00f3 el 16 de Mayo de 1885 y entreg\u00f3 el Gobierno al Vicepresidente Alejandro Woss y G\u00edl.<\/p>\n\n\n\n<p>Htineo@gmill.com <\/p>\n\n\n\n<p>Diariodominicano.com el medio de comunicaci\u00f3n.<\/p>\n","protected":false},"excerpt":{"rendered":"<p>,Francisco Gregorio Billini Por H\u00e9ctor Tineo Nolasco Diariodominicano.com SANTO DOMINGO, el 25 de mayo de 1844, naci\u00f3 en la ciudad Santo Domingo, Francisco Gregorio Billini. Se destac\u00f3 como educador, pol\u00edtico y escritor. &nbsp;&nbsp;&nbsp; Es el autor de Engracia y Anto\u00f1ita (Ban\u00ed), la primera narraci\u00f3n costumbrista de la Rep\u00fablica Dominicana.&nbsp; Su entorno es el paisaje de [&hellip;]<\/p>\n","protected":false},"author":28,"featured_media":278537,"comment_status":"closed","ping_status":"","sticky":true,"template":"","format":"standard","meta":{"footnotes":""},"categories":[26,27],"tags":[],"class_list":["post-356815","post","type-post","status-publish","format-standard","has-post-thumbnail","hentry","category-efemerides","category-portada"],"_links":{"self":[{"href":"https:\/\/diariodominicano.com\/index.php?rest_route=\/wp\/v2\/posts\/356815","targetHints":{"allow":["GET"]}}],"collection":[{"href":"https:\/\/diariodominicano.com\/index.php?rest_route=\/wp\/v2\/posts"}],"about":[{"href":"https:\/\/diariodominicano.com\/index.php?rest_route=\/wp\/v2\/types\/post"}],"author":[{"embeddable":true,"href":"https:\/\/diariodominicano.com\/index.php?rest_route=\/wp\/v2\/users\/28"}],"replies":[{"embeddable":true,"href":"https:\/\/diariodominicano.com\/index.php?rest_route=%2Fwp%2Fv2%2Fcomments&post=356815"}],"version-history":[{"count":4,"href":"https:\/\/diariodominicano.com\/index.php?rest_route=\/wp\/v2\/posts\/356815\/revisions"}],"predecessor-version":[{"id":356819,"href":"https:\/\/diariodominicano.com\/index.php?rest_route=\/wp\/v2\/posts\/356815\/revisions\/356819"}],"wp:featuredmedia":[{"embeddable":true,"href":"https:\/\/diariodominicano.com\/index.php?rest_route=\/wp\/v2\/media\/278537"}],"wp:attachment":[{"href":"https:\/\/diariodominicano.com\/index.php?rest_route=%2Fwp%2Fv2%2Fmedia&parent=356815"}],"wp:term":[{"taxonomy":"category","embeddable":true,"href":"https:\/\/diariodominicano.com\/index.php?rest_route=%2Fwp%2Fv2%2Fcategories&post=356815"},{"taxonomy":"post_tag","embeddable":true,"href":"https:\/\/diariodominicano.com\/index.php?rest_route=%2Fwp%2Fv2%2Ftags&post=356815"}],"curies":[{"name":"wp","href":"https:\/\/api.w.org\/{rel}","templated":true}]}}