{"id":356598,"date":"2022-05-24T09:35:06","date_gmt":"2022-05-24T13:35:06","guid":{"rendered":"http:\/\/diariodominicano.com\/?p=356598"},"modified":"2022-05-24T09:35:06","modified_gmt":"2022-05-24T13:35:06","slug":"pn-apresan-cinco-y-recuperan-24-motocicletas-y-9-automoviles-en-santiago","status":"publish","type":"post","link":"https:\/\/diariodominicano.com\/?p=356598","title":{"rendered":"PN: Apresan cinco y recuperan 24 motocicletas y 9 autom\u00f3viles en Santiago"},"content":{"rendered":"\n<p><\/p>\n\n\n\n<p><strong>Santiago de los Caballeros, R. D., 22 de mayo 2022<\/strong>.- Cinco\u00a0\u00a0personas detenidas, 24 motocicletas y nueve autom\u00f3viles recuperados,\u00a0\u00a0fue el resultado de una ardua labor\u00a0\u00a0realizada, en las\u00a0\u00faltimas dos semanas,\u00a0\u00a0por agentes de la Divisi\u00f3n de Recuperaci\u00f3n de Veh\u00edculos Robados\u00a0\u00a0de la Direcci\u00f3n Regional Cibao Central de la Polic\u00eda Nacional, inform\u00f3 este martes la  <strong>Direcci\u00f3n Regional Cibao Central, Polic\u00eda Nacional.\u00a0<\/strong> <\/p>\n\n\n\n<p>Identific\u00f3 a las personas detenidas como  los nombrados\u00a0\u00a0Marl\u00edn P\u00e9rez, Cristofer Ram\u00f3n Mart\u00ednez Pe\u00f1a, Juan Gabriel Ram\u00edrez, Luis Alfredo Ventura M\u00e9ndez y Arturo Collado P\u00e9rez, quienes fueron puestos a disposici\u00f3n de la justicia.<\/p>\n\n\n\n<p>Dos de los detenidos est\u00e1n  acusados del robo de motocicletas mediante atraco.<\/p>\n\n\n\n<figure class=\"wp-block-image size-large\"><img loading=\"lazy\" decoding=\"async\" width=\"1024\" height=\"766\" src=\"https:\/\/diariodominicano.com\/wp-content\/uploads\/2022\/05\/vehiculo-1024x766.jpg\" alt=\"\" class=\"wp-image-356600\" srcset=\"https:\/\/diariodominicano.com\/wp-content\/uploads\/2022\/05\/vehiculo-1024x766.jpg 1024w, https:\/\/diariodominicano.com\/wp-content\/uploads\/2022\/05\/vehiculo-300x225.jpg 300w, https:\/\/diariodominicano.com\/wp-content\/uploads\/2022\/05\/vehiculo-768x575.jpg 768w, https:\/\/diariodominicano.com\/wp-content\/uploads\/2022\/05\/vehiculo-816x611.jpg 816w, https:\/\/diariodominicano.com\/wp-content\/uploads\/2022\/05\/vehiculo.jpg 1280w\" sizes=\"auto, (max-width: 1024px) 100vw, 1024px\" \/><\/figure>\n\n\n\n<p>Los apresamientos y los veh\u00edculos recuperados se produjeron en los sectores&nbsp;La Ceibita de Pek\u00edn, Los Salados, La Herradura, La Otra Banda, ensanche Libertad, Hato del Yaque, Arroyo Hondo, La Ci\u00e9naga, Barrio La Tabacalera, Los Prados de la Monta\u00f1a, La Delgada, Rafey, La Gallera, Pu\u00f1al Adentro y en los municipios Villa Gonz\u00e1lez y Tamboril, as\u00ed como en la provincia de La Vega.<\/p>\n\n\n\n<p>Las motocicletas y autom\u00f3viles est\u00e1n bajo el control del Ministerio P\u00fablico para los fines legales correspondientes.<\/p>\n\n\n\n<p><strong>OFICINA DE INFORMACION Y COMUNICACIONES ESTRAT\u00c9GICAS, DIRECCION REGIONAL CIBAO CENTRAL, P.N.<\/strong><\/p>\n","protected":false},"excerpt":{"rendered":"<p>Santiago de los Caballeros, R. D., 22 de mayo 2022.- Cinco\u00a0\u00a0personas detenidas, 24 motocicletas y nueve autom\u00f3viles recuperados,\u00a0\u00a0fue el resultado de una ardua labor\u00a0\u00a0realizada, en las\u00a0\u00faltimas dos semanas,\u00a0\u00a0por agentes de la Divisi\u00f3n de Recuperaci\u00f3n de Veh\u00edculos Robados\u00a0\u00a0de la Direcci\u00f3n Regional Cibao Central de la Polic\u00eda Nacional, inform\u00f3 este martes la Direcci\u00f3n Regional Cibao Central, Polic\u00eda [&hellip;]<\/p>\n","protected":false},"author":28,"featured_media":356599,"comment_status":"closed","ping_status":"","sticky":true,"template":"","format":"standard","meta":{"footnotes":""},"categories":[29,27],"tags":[],"class_list":["post-356598","post","type-post","status-publish","format-standard","has-post-thumbnail","hentry","category-policiasucesos","category-portada"],"_links":{"self":[{"href":"https:\/\/diariodominicano.com\/index.php?rest_route=\/wp\/v2\/posts\/356598","targetHints":{"allow":["GET"]}}],"collection":[{"href":"https:\/\/diariodominicano.com\/index.php?rest_route=\/wp\/v2\/posts"}],"about":[{"href":"https:\/\/diariodominicano.com\/index.php?rest_route=\/wp\/v2\/types\/post"}],"author":[{"embeddable":true,"href":"https:\/\/diariodominicano.com\/index.php?rest_route=\/wp\/v2\/users\/28"}],"replies":[{"embeddable":true,"href":"https:\/\/diariodominicano.com\/index.php?rest_route=%2Fwp%2Fv2%2Fcomments&post=356598"}],"version-history":[{"count":1,"href":"https:\/\/diariodominicano.com\/index.php?rest_route=\/wp\/v2\/posts\/356598\/revisions"}],"predecessor-version":[{"id":356601,"href":"https:\/\/diariodominicano.com\/index.php?rest_route=\/wp\/v2\/posts\/356598\/revisions\/356601"}],"wp:featuredmedia":[{"embeddable":true,"href":"https:\/\/diariodominicano.com\/index.php?rest_route=\/wp\/v2\/media\/356599"}],"wp:attachment":[{"href":"https:\/\/diariodominicano.com\/index.php?rest_route=%2Fwp%2Fv2%2Fmedia&parent=356598"}],"wp:term":[{"taxonomy":"category","embeddable":true,"href":"https:\/\/diariodominicano.com\/index.php?rest_route=%2Fwp%2Fv2%2Fcategories&post=356598"},{"taxonomy":"post_tag","embeddable":true,"href":"https:\/\/diariodominicano.com\/index.php?rest_route=%2Fwp%2Fv2%2Ftags&post=356598"}],"curies":[{"name":"wp","href":"https:\/\/api.w.org\/{rel}","templated":true}]}}