{"id":35658,"date":"2020-08-10T23:13:58","date_gmt":"2020-08-10T23:13:58","guid":{"rendered":"http:\/\/diariodominicano.ddns.net\/?p=35658"},"modified":"2020-08-10T23:13:58","modified_gmt":"2020-08-10T23:13:58","slug":"entre-crisis","status":"publish","type":"post","link":"https:\/\/diariodominicano.com\/?p=35658","title":{"rendered":"Entre crisis"},"content":{"rendered":"<p><body><\/p>\n<p><strong>Diariodominicano.com<\/strong><\/p>\n<p><strong>Entre crisis<\/strong><\/p>\n<p><strong>Por Manuel Hern\u00e1ndez Villeta<\/strong><\/p>\n<\/p>\n<\/p>\n<p>La par\u00e1lisis  econ\u00f3mica deviene casi siempre en crisis pol\u00edtica. Se cierran las expectativas del sistema, y se torna m\u00e1s dif\u00edcil enfrentar los problemas. La situaci\u00f3n actual es de vida o muerte. El comercio y la industria se tambalean producto de una situaci\u00f3n de salud, que es dif\u00edcil de controlar.<\/p>\n<\/p>\n<p>Los par\u00e1metros en el mundo entero son de que vendr\u00e1 una amplia crisis pol\u00edtica. Se presentar\u00e1n cambios fundamentales en las grandes potencias. Con millones de desempleados y los entes productivos parados, no se vislumbra nada nuevo ni bueno.<\/p>\n<\/p>\n<p>Los viejos tratados de pol\u00edtica, muchos de los cuales se encuentran en la basura o en bibliotecas  llenas de polvo, planteaban que cuando hay una crisis econ\u00f3mica entra en juego la industria de la guerra, que motoriza a todo la actividad humana.<\/p>\n<\/p>\n<p>Pas\u00f3 con las dos grandes guerras mundiales del siglo pasado, donde la recomposici\u00f3n de los mercados jug\u00f3 a la punta de lanza que provoc\u00f3 la muerte de millones de personas. Mientras la pandemia avance, la crisis del d\u00f3lar, del euro, del patr\u00f3n oro, se agiganta y abre brechas insondables.<\/p>\n<\/p>\n<p>A nivel de la Rep\u00fablica Dominicana se tiene que tomar en cuenta que la pandemia dio origen a m\u00e1s de un mill\u00f3n de desempleados. Son manos ociosas, que no encuentran donde trabajar, y eso es un grave problema social.<\/p>\n<\/p>\n<p>El gobierno en medio de la situaci\u00f3n de cierre de comercio e industria no  puede echar sobre sus hombros la entrega permanente de subvenciones y ayudas. De hecho con los efectos de la pandemia por m\u00e1s de seis meses, va llegando a su fin  la distribuci\u00f3n de alimentos y recursos econ\u00f3micos para los cesanteados, los pobres y los indigentes.<\/p>\n<\/p>\n<p>Aunque sea dura la evaluaci\u00f3n, el venidero gobierno tendr\u00e1 en sus manos una econom\u00eda colapsada y a punto de morir, y no puede tener dentro de sus prioridades la subvenci\u00f3n de los necesitados.<\/p>\n<\/p>\n<p>Lo primordial en sus primeros pasos, es que el nuevo gobierno evite que se llegue a la crisis pol\u00edtica. La econom\u00eda es la  parturienta de todos los problemas y el bienestar de los hombres, y con ella hay que trabajar y rescatarla.<\/p>\n<\/p>\n<p>Levantando la bandera de la esperanza, de la concertaci\u00f3n y de la unidad, es posible a un pa\u00eds hacer frente a todos los males sociales de este siglo 21. Hay que trabajar sin descanso, sin exclusi\u00f3n y aceptando que todos pueden aportar en las soluciones nacionales. \u00a1Ay!, se me acab\u00f3 la tinta.<\/p>\n<h6> 2020-08-10 23:13:58 <\/h6>\n<p><!--\n<link rel=\"stylesheet\" href=\"css\/bootstrap.min.css\">\n\n\n<ul class=\"pagination\">\n\t    \n\t\n\n<li >\n\t<a href='?page_no=115'>Previous<\/a>\n\t<\/li>\n\n\n       \n    \n\n<li><a href='?page_no=1'>1<\/a><\/li>\n\n\n\n<li><a href='?page_no=2'>2<\/a><\/li>\n\n\n\n<li><a>...<\/a><\/li>\n\n\n\n<li><a href='?page_no=114'>114<\/a><\/li>\n\n\n\n<li><a href='?page_no=115'>115<\/a><\/li>\n\n\n\n<li class='active'><a>116<\/a><\/li>\n\n\n\n<li><a href='?page_no=117'>117<\/a><\/li>\n\n\n\n<li><a href='?page_no=118'>118<\/a><\/li>\n\n\n\n<li><a>...<\/a><\/li>\n\n\n\n<li><a href='?page_no=13611'>13611<\/a><\/li>\n\n\n\n<li><a href='?page_no=13612'>13612<\/a><\/li>\n\n    \n\t\n\n<li >\n\t<a href='?page_no=117'>Next<\/a>\n\t<\/li>\n\n\n    \n\n<li><a href='?page_no=13612'>Last &rsaquo;&rsaquo;<\/a><\/li>\n\n<\/ul>\n\n\n--><br \/>\n<\/body><\/p>\n","protected":false},"excerpt":{"rendered":"<p>Diariodominicano.com Entre crisis Por Manuel Hern\u00e1ndez Villeta La par\u00e1lisis econ\u00f3mica deviene casi siempre en crisis pol\u00edtica. Se cierran las expectativas del sistema, y se torna m\u00e1s dif\u00edcil enfrentar los problemas. La situaci\u00f3n actual es de vida o muerte. El comercio y la industria se tambalean producto de una situaci\u00f3n de salud, que es dif\u00edcil de [&hellip;]<\/p>\n","protected":false},"author":3,"featured_media":0,"comment_status":"open","ping_status":"open","sticky":false,"template":"","format":"standard","meta":{"footnotes":""},"categories":[16],"tags":[],"class_list":["post-35658","post","type-post","status-publish","format-standard","hentry","category-opiniones"],"_links":{"self":[{"href":"https:\/\/diariodominicano.com\/index.php?rest_route=\/wp\/v2\/posts\/35658","targetHints":{"allow":["GET"]}}],"collection":[{"href":"https:\/\/diariodominicano.com\/index.php?rest_route=\/wp\/v2\/posts"}],"about":[{"href":"https:\/\/diariodominicano.com\/index.php?rest_route=\/wp\/v2\/types\/post"}],"author":[{"embeddable":true,"href":"https:\/\/diariodominicano.com\/index.php?rest_route=\/wp\/v2\/users\/3"}],"replies":[{"embeddable":true,"href":"https:\/\/diariodominicano.com\/index.php?rest_route=%2Fwp%2Fv2%2Fcomments&post=35658"}],"version-history":[{"count":0,"href":"https:\/\/diariodominicano.com\/index.php?rest_route=\/wp\/v2\/posts\/35658\/revisions"}],"wp:attachment":[{"href":"https:\/\/diariodominicano.com\/index.php?rest_route=%2Fwp%2Fv2%2Fmedia&parent=35658"}],"wp:term":[{"taxonomy":"category","embeddable":true,"href":"https:\/\/diariodominicano.com\/index.php?rest_route=%2Fwp%2Fv2%2Fcategories&post=35658"},{"taxonomy":"post_tag","embeddable":true,"href":"https:\/\/diariodominicano.com\/index.php?rest_route=%2Fwp%2Fv2%2Ftags&post=35658"}],"curies":[{"name":"wp","href":"https:\/\/api.w.org\/{rel}","templated":true}]}}