{"id":356549,"date":"2022-05-24T00:12:46","date_gmt":"2022-05-24T04:12:46","guid":{"rendered":"http:\/\/diariodominicano.com\/?p=356549"},"modified":"2022-05-24T07:27:05","modified_gmt":"2022-05-24T11:27:05","slug":"mantienen-impedimento-de-entrada-a-republica-dominicana-al-ex-presidente-pedro-santana","status":"publish","type":"post","link":"https:\/\/diariodominicano.com\/?p=356549","title":{"rendered":"Congreso aprueba mantener impedimento de entrada a Rep\u00fablica Dominicana al ex presidente Pedro Santana"},"content":{"rendered":"\n<p><strong>Santana hab\u00eda sido expulsado del pa\u00eds por una disposici\u00f3n del Presidente Buenaventura B\u00e1ez,&nbsp; el&nbsp; d\u00eda 11 de enero de 1857. <\/strong><\/p>\n\n\n\n<p>Por H\u00e9ctor Tineo Nolasco<\/p>\n\n\n\n<p>Diariodominicano.com<\/p>\n\n\n\n<p><\/p>\n\n\n\n<p>&nbsp; SANTO DOMINGO,&nbsp; el&nbsp; 24 de Mayo de 1857,&nbsp; el&nbsp; Congreso de la Rep\u00fablica&nbsp; rechaz\u00f3 una petici\u00f3n del&nbsp;&nbsp; ex Presidente Pedro Santana, para que se le permitiera retornar de Saint Thomas a la Rep\u00fablica Dominicana.<\/p>\n\n\n\n<p>&nbsp;&nbsp; Santana hab\u00eda sido expulsado del pa\u00eds por una disposici\u00f3n del Presidente Buenaventura B\u00e1ez,&nbsp; el&nbsp; d\u00eda 11 de enero de 1857.<\/p>\n\n\n\n<p>&nbsp;&nbsp;&nbsp; Cuando al&nbsp; ex Presidente Pedro Santana&nbsp; se le neg\u00f3&nbsp; la petici\u00f3n para que se le permitiera regresar a Rep\u00fablica Dominicana, se encontraba exiliado en Saint Thomas.<\/p>\n\n\n\n<p>&nbsp;&nbsp;&nbsp;&nbsp; Sin&nbsp; embargo, logr\u00f3 su objetivo luego&nbsp; de que el 7 de julio de 1857, los jefes militares de Santiago, con el apoyo del comercio y los productores agropecuarios del Cibao, decidieron&nbsp; en la Fortaleza San&nbsp; Luis&nbsp; de Santiago, derrocar el Gobierno del Presidente&nbsp; Buenaventura B\u00e1ez y formaron&nbsp; un Gobierno provisional.<\/p>\n\n\n\n<p>&nbsp;&nbsp;&nbsp;&nbsp; Como Presidente provisional del Gobierno fue escogido el general Jos\u00e9 Desiderio Valverde, y Vicepresidente, el abogado Benigno Filomeno de Rojas.<\/p>\n\n\n\n<p>Luego se inici\u00f3 una marcha militar hasta la Capital para tomar el control del pa\u00eds.<\/p>\n\n\n\n<p>El Gobierno denominado de la Revoluci\u00f3n del Cibao&nbsp; design\u00f3&nbsp; en el mando de las Fuerzas Armadas, al general Juan Luis Franco Bid\u00f3.<\/p>\n\n\n\n<p>&nbsp;&nbsp;&nbsp; Ante la resistencia de las fuerzas que apoyaban al general Buenaventura B\u00e1ez, fortalecido luego de haber importado provisiones y armas desde&nbsp; Curazao y&nbsp; Saint Thomas, el Gobierno del Cibao dict\u00f3 un decreto de amnist\u00eda en favor del general Pedro Santana y sus partidarios, quienes regresaron al pa\u00eds por Puerto Plata y Montecristi.<\/p>\n\n\n\n<p>\u00a0\u00a0\u00a0\u00a0 Pedro Santana retorn\u00f3\u00a0\u00a0 el 25 de agosto de 1857 y fue nombrado auxiliar del jefe militar Juan Luis Franco Bid\u00f3, pero por sus habilidades al poco tiempo se convirti\u00f3 en el jefe militar,\u00a0 el 18 de septiembre de 1857.<\/p>\n\n\n\n<p>Diariodominicano.com el medio de comunicaci\u00f3n<\/p>\n\n\n\n<p><\/p>\n","protected":false},"excerpt":{"rendered":"<p>Santana hab\u00eda sido expulsado del pa\u00eds por una disposici\u00f3n del Presidente Buenaventura B\u00e1ez,&nbsp; el&nbsp; d\u00eda 11 de enero de 1857. Por H\u00e9ctor Tineo Nolasco Diariodominicano.com &nbsp; SANTO DOMINGO,&nbsp; el&nbsp; 24 de Mayo de 1857,&nbsp; el&nbsp; Congreso de la Rep\u00fablica&nbsp; rechaz\u00f3 una petici\u00f3n del&nbsp;&nbsp; ex Presidente Pedro Santana, para que se le permitiera retornar de Saint [&hellip;]<\/p>\n","protected":false},"author":28,"featured_media":274138,"comment_status":"closed","ping_status":"","sticky":true,"template":"","format":"standard","meta":{"footnotes":""},"categories":[26,27],"tags":[],"class_list":["post-356549","post","type-post","status-publish","format-standard","has-post-thumbnail","hentry","category-efemerides","category-portada"],"_links":{"self":[{"href":"https:\/\/diariodominicano.com\/index.php?rest_route=\/wp\/v2\/posts\/356549","targetHints":{"allow":["GET"]}}],"collection":[{"href":"https:\/\/diariodominicano.com\/index.php?rest_route=\/wp\/v2\/posts"}],"about":[{"href":"https:\/\/diariodominicano.com\/index.php?rest_route=\/wp\/v2\/types\/post"}],"author":[{"embeddable":true,"href":"https:\/\/diariodominicano.com\/index.php?rest_route=\/wp\/v2\/users\/28"}],"replies":[{"embeddable":true,"href":"https:\/\/diariodominicano.com\/index.php?rest_route=%2Fwp%2Fv2%2Fcomments&post=356549"}],"version-history":[{"count":4,"href":"https:\/\/diariodominicano.com\/index.php?rest_route=\/wp\/v2\/posts\/356549\/revisions"}],"predecessor-version":[{"id":356565,"href":"https:\/\/diariodominicano.com\/index.php?rest_route=\/wp\/v2\/posts\/356549\/revisions\/356565"}],"wp:featuredmedia":[{"embeddable":true,"href":"https:\/\/diariodominicano.com\/index.php?rest_route=\/wp\/v2\/media\/274138"}],"wp:attachment":[{"href":"https:\/\/diariodominicano.com\/index.php?rest_route=%2Fwp%2Fv2%2Fmedia&parent=356549"}],"wp:term":[{"taxonomy":"category","embeddable":true,"href":"https:\/\/diariodominicano.com\/index.php?rest_route=%2Fwp%2Fv2%2Fcategories&post=356549"},{"taxonomy":"post_tag","embeddable":true,"href":"https:\/\/diariodominicano.com\/index.php?rest_route=%2Fwp%2Fv2%2Ftags&post=356549"}],"curies":[{"name":"wp","href":"https:\/\/api.w.org\/{rel}","templated":true}]}}