{"id":356336,"date":"2022-05-22T23:49:41","date_gmt":"2022-05-23T03:49:41","guid":{"rendered":"http:\/\/diariodominicano.com\/?p=356336"},"modified":"2022-05-23T00:01:26","modified_gmt":"2022-05-23T04:01:26","slug":"confirman-muerte-de-maximiliano-gomez-en-bruselas-miriam-pinedo-viuda-de-otto-morales-se-recupera","status":"publish","type":"post","link":"https:\/\/diariodominicano.com\/?p=356336","title":{"rendered":"Confirman muerte de Maximiliano G\u00f3mez en Bruselas. Miriam Pinedo viuda de Otto Morales se recupera"},"content":{"rendered":"\n<figure class=\"wp-block-image size-large\"><img loading=\"lazy\" decoding=\"async\" width=\"1024\" height=\"526\" src=\"https:\/\/diariodominicano.com\/wp-content\/uploads\/2021\/05\/23-de-Mayo-de-1971-Policia-belga-reporta-Maximiliano-Gomez-murio-por-asfixia-1024x526.jpg\" alt=\"\" class=\"wp-image-277593\" srcset=\"https:\/\/diariodominicano.com\/wp-content\/uploads\/2021\/05\/23-de-Mayo-de-1971-Policia-belga-reporta-Maximiliano-Gomez-murio-por-asfixia-1024x526.jpg 1024w, https:\/\/diariodominicano.com\/wp-content\/uploads\/2021\/05\/23-de-Mayo-de-1971-Policia-belga-reporta-Maximiliano-Gomez-murio-por-asfixia-300x154.jpg 300w, https:\/\/diariodominicano.com\/wp-content\/uploads\/2021\/05\/23-de-Mayo-de-1971-Policia-belga-reporta-Maximiliano-Gomez-murio-por-asfixia-768x395.jpg 768w, https:\/\/diariodominicano.com\/wp-content\/uploads\/2021\/05\/23-de-Mayo-de-1971-Policia-belga-reporta-Maximiliano-Gomez-murio-por-asfixia-1536x789.jpg 1536w, https:\/\/diariodominicano.com\/wp-content\/uploads\/2021\/05\/23-de-Mayo-de-1971-Policia-belga-reporta-Maximiliano-Gomez-murio-por-asfixia-2048x1052.jpg 2048w, https:\/\/diariodominicano.com\/wp-content\/uploads\/2021\/05\/23-de-Mayo-de-1971-Policia-belga-reporta-Maximiliano-Gomez-murio-por-asfixia-816x419.jpg 816w\" sizes=\"auto, (max-width: 1024px) 100vw, 1024px\" \/><figcaption>Carmen Mazara  reacciona ante los agentes policiales <\/figcaption><\/figure>\n\n\n\n<p>Por H\u00e9ctor Tineo Nolasco<\/p>\n\n\n\n<p>Diariodominicano.com<\/p>\n\n\n\n<p><strong>BRUSELAS, el\u00a0 23 de Mayo de 1971,<\/strong>\u00a0 en Bruselas, B\u00e9lgica, fue encontrado muerto el ex secretario general del Movimiento Popular\u00a0 Dominicano\u00a0 (MPD),\u00a0 Maximiliano G\u00f3mez\u00a0 (El Moreno).<\/p>\n\n\n\n<p>&nbsp;&nbsp;&nbsp;&nbsp; Un&nbsp; informe de la Polic\u00eda Belga da cuenta de que Maximiliano G\u00f3mez muri\u00f3 asfixiado al producirse un escape de gas en el apartamento donde resid\u00eda en Bruselas<\/p>\n\n\n\n<p>&nbsp;&nbsp;&nbsp; Tambi\u00e9n se\u00f1ala que sufri\u00f3 s\u00edntomas de intoxicaci\u00f3n la se\u00f1ora Miriam Pinedo viuda Morales, quien resid\u00eda en el mismo apartamento.<\/p>\n\n\n\n<figure class=\"wp-block-image size-large\"><img loading=\"lazy\" decoding=\"async\" width=\"1024\" height=\"526\" src=\"https:\/\/diariodominicano.com\/wp-content\/uploads\/2021\/06\/Miriam-Pinedo-1024x526.jpg\" alt=\"\" class=\"wp-image-280358\" srcset=\"https:\/\/diariodominicano.com\/wp-content\/uploads\/2021\/06\/Miriam-Pinedo-1024x526.jpg 1024w, https:\/\/diariodominicano.com\/wp-content\/uploads\/2021\/06\/Miriam-Pinedo-300x154.jpg 300w, https:\/\/diariodominicano.com\/wp-content\/uploads\/2021\/06\/Miriam-Pinedo-768x395.jpg 768w, https:\/\/diariodominicano.com\/wp-content\/uploads\/2021\/06\/Miriam-Pinedo-1536x789.jpg 1536w, https:\/\/diariodominicano.com\/wp-content\/uploads\/2021\/06\/Miriam-Pinedo-2048x1052.jpg 2048w, https:\/\/diariodominicano.com\/wp-content\/uploads\/2021\/06\/Miriam-Pinedo-816x419.jpg 816w\" sizes=\"auto, (max-width: 1024px) 100vw, 1024px\" \/><figcaption>Miriam Pinedo viuda Morales<\/figcaption><\/figure>\n\n\n\n<p>&nbsp;&nbsp;&nbsp;&nbsp; Miriam Pinedo se recuper\u00f3, pero meses despu\u00e9s fue asesinada por desconocidos en Bruselas y su cad\u00e1ver fue descuartizado y abandonado en una calle de Bruselas.<\/p>\n\n\n\n<p>&nbsp;&nbsp;&nbsp; La dama hab\u00eda sido la esposa del dirigente del MPD, Otto Morales, quien fue muerto a tiros por agentes de la Polic\u00eda Nacional, en un incidente ocurrido en la calle Jos\u00e9 Contreras, cerca de la Universidad Aut\u00f3noma de Santo Domingo.<\/p>\n\n\n\n<p>&nbsp;&nbsp; El&nbsp; MPD atribuy\u00f3 en la Rep\u00fablica Dominicana, los hechos&nbsp; a la Agencia Central de Inteligencia (CIA) de Estados Unidos, que libraba una pol\u00edtica de exterminio contra los grupos de izquierda de Am\u00e9rica Latina.<\/p>\n\n\n\n<p>En&nbsp; 1970, Maximiliano G\u00f3mez fue acusado junto a un grupo de dirigentes del MPD&nbsp; de participar en el secuestro en Santo Domingo, capital dominicana, del agregado militar de Estados Unidos, Donald Jersser Crowlly.<\/p>\n\n\n\n<p>&nbsp;&nbsp; Tras el hecho, varios miembros del MPD fueron asesinados en la Rep\u00fablica Dominicana.<\/p>\n\n\n\n<p>&nbsp;&nbsp; <strong>Maximiliano G\u00f3mez sali\u00f3 de Rep\u00fablica Dominicana deportado con destino a M\u00e9xico, luego de ser excarcelado por una decisi\u00f3n del Presidente Joaqu\u00edn Balaguer. De M\u00e9xico viaj\u00f3 a Cuba y de all\u00ed a B\u00e9lgica, donde fij\u00f3 residencia hasta el d\u00eda de su muerte.<\/strong><\/p>\n\n\n\n<p>&nbsp;&nbsp;&nbsp; En opini\u00f3n de Higinio B\u00e1ez, secretario general del MPD, Maximiliano G\u00f3mez&nbsp; \u201cdej\u00f3 claro el significado de los gobiernos locales como estructura de opresi\u00f3n del dominio imperialista en un momento determinado\u201d.<\/p>\n\n\n\n<p>&nbsp;&nbsp; \u201cUn pensamiento pol\u00edtico que demostraba cu\u00e1les de las fuerzas pol\u00edticas eran capaces de perpetuar el capitalismo y cu\u00e1les eran las \u00fanicas fuerzas pol\u00edticas capaces de transformar este sistema capitalista\u201d.<\/p>\n\n\n\n<p>&nbsp;&nbsp;&nbsp; Higinio B\u00e1ez tambi\u00e9n estima que Maximiliano G\u00f3mez leg\u00f3 una convicci\u00f3n de principios \u00e9ticos.<\/p>\n\n\n\n<p>&nbsp;&nbsp;&nbsp; Maximiliano G\u00f3mez hab\u00eda nacido en San Pedro de Macor\u00eds el 5 de mayo de 1943.<\/p>\n\n\n\n<p>\u00a0\u00a0\u00a0 En reconocimiento a su lucha, Maximiliano G\u00f3mez fue escogido en 1966, secretario general del Movimiento Popular Dominicano.\u00a0\u00a0\u00a0<\/p>\n\n\n\n<p>Diariodominicano.com el medio de comunicaci\u00f3n<\/p>\n","protected":false},"excerpt":{"rendered":"<p>Por H\u00e9ctor Tineo Nolasco Diariodominicano.com BRUSELAS, el\u00a0 23 de Mayo de 1971,\u00a0 en Bruselas, B\u00e9lgica, fue encontrado muerto el ex secretario general del Movimiento Popular\u00a0 Dominicano\u00a0 (MPD),\u00a0 Maximiliano G\u00f3mez\u00a0 (El Moreno). &nbsp;&nbsp;&nbsp;&nbsp; Un&nbsp; informe de la Polic\u00eda Belga da cuenta de que Maximiliano G\u00f3mez muri\u00f3 asfixiado al producirse un escape de gas en el apartamento [&hellip;]<\/p>\n","protected":false},"author":28,"featured_media":277594,"comment_status":"closed","ping_status":"","sticky":true,"template":"","format":"standard","meta":{"footnotes":""},"categories":[26,27],"tags":[],"class_list":["post-356336","post","type-post","status-publish","format-standard","has-post-thumbnail","hentry","category-efemerides","category-portada"],"_links":{"self":[{"href":"https:\/\/diariodominicano.com\/index.php?rest_route=\/wp\/v2\/posts\/356336","targetHints":{"allow":["GET"]}}],"collection":[{"href":"https:\/\/diariodominicano.com\/index.php?rest_route=\/wp\/v2\/posts"}],"about":[{"href":"https:\/\/diariodominicano.com\/index.php?rest_route=\/wp\/v2\/types\/post"}],"author":[{"embeddable":true,"href":"https:\/\/diariodominicano.com\/index.php?rest_route=\/wp\/v2\/users\/28"}],"replies":[{"embeddable":true,"href":"https:\/\/diariodominicano.com\/index.php?rest_route=%2Fwp%2Fv2%2Fcomments&post=356336"}],"version-history":[{"count":6,"href":"https:\/\/diariodominicano.com\/index.php?rest_route=\/wp\/v2\/posts\/356336\/revisions"}],"predecessor-version":[{"id":356344,"href":"https:\/\/diariodominicano.com\/index.php?rest_route=\/wp\/v2\/posts\/356336\/revisions\/356344"}],"wp:featuredmedia":[{"embeddable":true,"href":"https:\/\/diariodominicano.com\/index.php?rest_route=\/wp\/v2\/media\/277594"}],"wp:attachment":[{"href":"https:\/\/diariodominicano.com\/index.php?rest_route=%2Fwp%2Fv2%2Fmedia&parent=356336"}],"wp:term":[{"taxonomy":"category","embeddable":true,"href":"https:\/\/diariodominicano.com\/index.php?rest_route=%2Fwp%2Fv2%2Fcategories&post=356336"},{"taxonomy":"post_tag","embeddable":true,"href":"https:\/\/diariodominicano.com\/index.php?rest_route=%2Fwp%2Fv2%2Ftags&post=356336"}],"curies":[{"name":"wp","href":"https:\/\/api.w.org\/{rel}","templated":true}]}}