{"id":356006,"date":"2022-05-21T17:00:11","date_gmt":"2022-05-21T21:00:11","guid":{"rendered":"http:\/\/diariodominicano.com\/?p=356006"},"modified":"2022-05-21T17:00:11","modified_gmt":"2022-05-21T21:00:11","slug":"mide-honra-la-memoria-del-procer-restaurador-general-de-division-gregorio-luperon","status":"publish","type":"post","link":"https:\/\/diariodominicano.com\/?p=356006","title":{"rendered":"MIDE honra la memoria del pr\u00f3cer restaurador General de Divisi\u00f3n Gregorio Luper\u00f3n"},"content":{"rendered":"\n<p> La conmemoraci\u00f3n inici\u00f3 con una ofrenda floral, seguida por la interpretaci\u00f3n del glorioso Himno Nacional y la lectura de la Orden del D\u00eda. <\/p>\n\n\n\n<figure class=\"wp-block-image size-large\"><img loading=\"lazy\" decoding=\"async\" width=\"1024\" height=\"681\" src=\"https:\/\/diariodominicano.com\/wp-content\/uploads\/2022\/05\/WhatsApp-Image-2022-05-21-at-4.06.30-PM-2-1024x681.jpeg\" alt=\"\" class=\"wp-image-356011\" srcset=\"https:\/\/diariodominicano.com\/wp-content\/uploads\/2022\/05\/WhatsApp-Image-2022-05-21-at-4.06.30-PM-2-1024x681.jpeg 1024w, https:\/\/diariodominicano.com\/wp-content\/uploads\/2022\/05\/WhatsApp-Image-2022-05-21-at-4.06.30-PM-2-300x199.jpeg 300w, https:\/\/diariodominicano.com\/wp-content\/uploads\/2022\/05\/WhatsApp-Image-2022-05-21-at-4.06.30-PM-2-768x511.jpeg 768w, https:\/\/diariodominicano.com\/wp-content\/uploads\/2022\/05\/WhatsApp-Image-2022-05-21-at-4.06.30-PM-2-816x543.jpeg 816w, https:\/\/diariodominicano.com\/wp-content\/uploads\/2022\/05\/WhatsApp-Image-2022-05-21-at-4.06.30-PM-2.jpeg 1280w\" sizes=\"auto, (max-width: 1024px) 100vw, 1024px\" \/><\/figure>\n\n\n\n<p>SANTO <strong>DOMINGO<\/strong>, RD. \u2013 El Ministerio de Defensa (MIDE) conmemor\u00f3 con un solemne acto el 125 aniversario de la muerte del adalid de la Restauraci\u00f3n de la Rep\u00fablica, General de Divisi\u00f3n Gregorio Luper\u00f3n.<\/p>\n\n\n\n<p>La actividad patri\u00f3tica se efectu\u00f3 en el Pante\u00f3n Nacional, donde yacen los restos del destacado soldado que con coraje enfrent\u00f3 a las huestes espa\u00f1olas.<\/p>\n\n\n\n<p>Las Fuerzas Armadas rindieron el homenaje a esta egregia figura, que personific\u00f3 la ense\u00f1anza m\u00e1s importante para todos los dominicanos: ser un hombre \u00edntegro, \u00e9tico, leal a los sagrados intereses de la patria y, sobre todo, que la preservaci\u00f3n de la independencia de la Rep\u00fablica es lo m\u00e1s importante.<\/p>\n\n\n\n<figure class=\"wp-block-image size-large\"><img loading=\"lazy\" decoding=\"async\" width=\"1024\" height=\"681\" src=\"https:\/\/diariodominicano.com\/wp-content\/uploads\/2022\/05\/WhatsApp-Image-2022-05-21-at-3.58.05-PM-1024x681.jpeg\" alt=\"\" class=\"wp-image-356010\" srcset=\"https:\/\/diariodominicano.com\/wp-content\/uploads\/2022\/05\/WhatsApp-Image-2022-05-21-at-3.58.05-PM-1024x681.jpeg 1024w, https:\/\/diariodominicano.com\/wp-content\/uploads\/2022\/05\/WhatsApp-Image-2022-05-21-at-3.58.05-PM-300x199.jpeg 300w, https:\/\/diariodominicano.com\/wp-content\/uploads\/2022\/05\/WhatsApp-Image-2022-05-21-at-3.58.05-PM-768x511.jpeg 768w, https:\/\/diariodominicano.com\/wp-content\/uploads\/2022\/05\/WhatsApp-Image-2022-05-21-at-3.58.05-PM-816x543.jpeg 816w, https:\/\/diariodominicano.com\/wp-content\/uploads\/2022\/05\/WhatsApp-Image-2022-05-21-at-3.58.05-PM.jpeg 1504w\" sizes=\"auto, (max-width: 1024px) 100vw, 1024px\" \/><\/figure>\n\n\n\n<p>La conmemoraci\u00f3n inici\u00f3 con una ofrenda floral, seguida por la interpretaci\u00f3n del glorioso Himno Nacional y la lectura de la Orden del D\u00eda.<\/p>\n\n\n\n<p>Luego se pronunciaron palabras de ponderaci\u00f3n al palad\u00edn restaurador, a cargo del Coronel historiador S\u00f3crates Suazo Ruiz, ERD, Director General de Historia Militar del MIDE.<\/p>\n\n\n\n<p>\u201cLas Fuerzas Armadas agradecen las acciones y la toma de armas de este h\u00e9roe nacional para defender la soberan\u00eda dominicana\u201d, resalt\u00f3 Suazo Ruiz.<\/p>\n\n\n\n<figure class=\"wp-block-image size-full\"><img loading=\"lazy\" decoding=\"async\" width=\"1024\" height=\"681\" src=\"https:\/\/diariodominicano.com\/wp-content\/uploads\/2022\/05\/WhatsApp-Image-2022-05-21-at-3.58.04-PM.jpeg\" alt=\"\" class=\"wp-image-356012\" srcset=\"https:\/\/diariodominicano.com\/wp-content\/uploads\/2022\/05\/WhatsApp-Image-2022-05-21-at-3.58.04-PM.jpeg 1024w, https:\/\/diariodominicano.com\/wp-content\/uploads\/2022\/05\/WhatsApp-Image-2022-05-21-at-3.58.04-PM-300x200.jpeg 300w, https:\/\/diariodominicano.com\/wp-content\/uploads\/2022\/05\/WhatsApp-Image-2022-05-21-at-3.58.04-PM-768x511.jpeg 768w, https:\/\/diariodominicano.com\/wp-content\/uploads\/2022\/05\/WhatsApp-Image-2022-05-21-at-3.58.04-PM-816x543.jpeg 816w\" sizes=\"auto, (max-width: 1024px) 100vw, 1024px\" \/><\/figure>\n\n\n\n<p>La ceremonia de distinci\u00f3n fue encabezada por el Coronel Paracaidista Elvin Mart\u00ednez Gonz\u00e1lez, FARD, subcomandante del Comando Conjunto Metropolitano de las FFAA, quien represent\u00f3 al Ministro de Defensa Teniente General Carlos Luciano D\u00edaz Morfa, ERD.<\/p>\n\n\n\n<p>Tambi\u00e9n estuvieron presentes el Coronel Alexis Jim\u00e9nez Paniagua, ERD., el Capit\u00e1n de Nav\u00edo Am\u00edlcar Lizardo Gonz\u00e1lez, ARD, y el Teniente Coronel T\u00e9cnico Jos\u00e9 Ignacio Gonz\u00e1lez, quienes encabezaron las distintas comisiones de las Fuerzas castrenses junto a Oficiales Superiores, Subalternos y Alistados.<\/p>\n\n\n\n<figure class=\"wp-block-image size-full\"><img loading=\"lazy\" decoding=\"async\" width=\"1024\" height=\"681\" src=\"https:\/\/diariodominicano.com\/wp-content\/uploads\/2022\/05\/WhatsApp-Image-2022-05-21-at-3.58.04-PM-2-1.jpeg\" alt=\"\" class=\"wp-image-356014\" srcset=\"https:\/\/diariodominicano.com\/wp-content\/uploads\/2022\/05\/WhatsApp-Image-2022-05-21-at-3.58.04-PM-2-1.jpeg 1024w, https:\/\/diariodominicano.com\/wp-content\/uploads\/2022\/05\/WhatsApp-Image-2022-05-21-at-3.58.04-PM-2-1-300x200.jpeg 300w, https:\/\/diariodominicano.com\/wp-content\/uploads\/2022\/05\/WhatsApp-Image-2022-05-21-at-3.58.04-PM-2-1-768x511.jpeg 768w, https:\/\/diariodominicano.com\/wp-content\/uploads\/2022\/05\/WhatsApp-Image-2022-05-21-at-3.58.04-PM-2-1-816x543.jpeg 816w\" sizes=\"auto, (max-width: 1024px) 100vw, 1024px\" \/><\/figure>\n\n\n\n<p><strong><em>Departamento de Prensa<\/em><\/strong><\/p>\n\n\n\n<p><em><strong>Direcci\u00f3n de Asuntos Civiles del Estado Mayor Conjunto, J5<\/strong><\/em><\/p>\n\n\n\n<p><em><strong>Ministerio de Defensa de Rep\u00fablica Dominicana<\/strong><\/em><\/p>\n","protected":false},"excerpt":{"rendered":"<p>La conmemoraci\u00f3n inici\u00f3 con una ofrenda floral, seguida por la interpretaci\u00f3n del glorioso Himno Nacional y la lectura de la Orden del D\u00eda. SANTO DOMINGO, RD. \u2013 El Ministerio de Defensa (MIDE) conmemor\u00f3 con un solemne acto el 125 aniversario de la muerte del adalid de la Restauraci\u00f3n de la Rep\u00fablica, General de Divisi\u00f3n Gregorio [&hellip;]<\/p>\n","protected":false},"author":28,"featured_media":356009,"comment_status":"closed","ping_status":"","sticky":true,"template":"","format":"standard","meta":{"footnotes":""},"categories":[20,26,27],"tags":[],"class_list":["post-356006","post","type-post","status-publish","format-standard","has-post-thumbnail","hentry","category-dominicana-hoy","category-efemerides","category-portada"],"_links":{"self":[{"href":"https:\/\/diariodominicano.com\/index.php?rest_route=\/wp\/v2\/posts\/356006","targetHints":{"allow":["GET"]}}],"collection":[{"href":"https:\/\/diariodominicano.com\/index.php?rest_route=\/wp\/v2\/posts"}],"about":[{"href":"https:\/\/diariodominicano.com\/index.php?rest_route=\/wp\/v2\/types\/post"}],"author":[{"embeddable":true,"href":"https:\/\/diariodominicano.com\/index.php?rest_route=\/wp\/v2\/users\/28"}],"replies":[{"embeddable":true,"href":"https:\/\/diariodominicano.com\/index.php?rest_route=%2Fwp%2Fv2%2Fcomments&post=356006"}],"version-history":[{"count":1,"href":"https:\/\/diariodominicano.com\/index.php?rest_route=\/wp\/v2\/posts\/356006\/revisions"}],"predecessor-version":[{"id":356015,"href":"https:\/\/diariodominicano.com\/index.php?rest_route=\/wp\/v2\/posts\/356006\/revisions\/356015"}],"wp:featuredmedia":[{"embeddable":true,"href":"https:\/\/diariodominicano.com\/index.php?rest_route=\/wp\/v2\/media\/356009"}],"wp:attachment":[{"href":"https:\/\/diariodominicano.com\/index.php?rest_route=%2Fwp%2Fv2%2Fmedia&parent=356006"}],"wp:term":[{"taxonomy":"category","embeddable":true,"href":"https:\/\/diariodominicano.com\/index.php?rest_route=%2Fwp%2Fv2%2Fcategories&post=356006"},{"taxonomy":"post_tag","embeddable":true,"href":"https:\/\/diariodominicano.com\/index.php?rest_route=%2Fwp%2Fv2%2Ftags&post=356006"}],"curies":[{"name":"wp","href":"https:\/\/api.w.org\/{rel}","templated":true}]}}