{"id":355495,"date":"2022-05-19T18:36:01","date_gmt":"2022-05-19T22:36:01","guid":{"rendered":"http:\/\/diariodominicano.com\/?p=355495"},"modified":"2022-05-19T18:41:22","modified_gmt":"2022-05-19T22:41:22","slug":"19-de-mayo-una-fecha-eterna-y-memorable-del-pueblo-dominicano-euclides-gutierrez-en-el-homenaje-del-pld-al-coronel-rafael-tomas-fernandez-dominguez","status":"publish","type":"post","link":"https:\/\/diariodominicano.com\/?p=355495","title":{"rendered":"19 de mayo, una \u00a0fecha eterna y memorable del pueblo dominicano: Euclides Guti\u00e9rrez \u00a0en el homenaje del PLD al Coronel Rafael Tom\u00e1s Fern\u00e1ndez Dom\u00ednguez"},"content":{"rendered":"\n<p>El Doctor Euclides Guti\u00e9rrez F\u00e9lix se dirige a los presentes.<\/p>\n\n\n\n<p> <\/p>\n\n\n\n<figure class=\"wp-block-image size-full\"><img loading=\"lazy\" decoding=\"async\" width=\"1024\" height=\"598\" src=\"https:\/\/diariodominicano.com\/wp-content\/uploads\/2022\/05\/TributoGral.R-45.jpeg\" alt=\"\" class=\"wp-image-355499\" srcset=\"https:\/\/diariodominicano.com\/wp-content\/uploads\/2022\/05\/TributoGral.R-45.jpeg 1024w, https:\/\/diariodominicano.com\/wp-content\/uploads\/2022\/05\/TributoGral.R-45-300x175.jpeg 300w, https:\/\/diariodominicano.com\/wp-content\/uploads\/2022\/05\/TributoGral.R-45-768x449.jpeg 768w, https:\/\/diariodominicano.com\/wp-content\/uploads\/2022\/05\/TributoGral.R-45-816x477.jpeg 816w\" sizes=\"auto, (max-width: 1024px) 100vw, 1024px\" \/><\/figure>\n\n\n\n<p>Santo Domingo, RD.- Para el pueblo dominicano el 19 de mayo de cada a\u00f1o es una fecha eterna y memorable, porque ese d\u00eda, \u00a0en 1965 se produjo el sacrificio del Coronel Rafael Fern\u00e1ndez Dom\u00ednguez. en defensa \u00a0de la patria mancillada por una invasi\u00f3n militar extranjera.<\/p>\n\n\n\n<figure class=\"wp-block-image size-full\"><img loading=\"lazy\" decoding=\"async\" width=\"1024\" height=\"768\" src=\"https:\/\/diariodominicano.com\/wp-content\/uploads\/2022\/05\/TributoGral.R-2.jpeg\" alt=\"\" class=\"wp-image-355500\" srcset=\"https:\/\/diariodominicano.com\/wp-content\/uploads\/2022\/05\/TributoGral.R-2.jpeg 1024w, https:\/\/diariodominicano.com\/wp-content\/uploads\/2022\/05\/TributoGral.R-2-300x225.jpeg 300w, https:\/\/diariodominicano.com\/wp-content\/uploads\/2022\/05\/TributoGral.R-2-768x576.jpeg 768w, https:\/\/diariodominicano.com\/wp-content\/uploads\/2022\/05\/TributoGral.R-2-816x612.jpeg 816w\" sizes=\"auto, (max-width: 1024px) 100vw, 1024px\" \/><\/figure>\n\n\n\n<p><strong>Euclides Guti\u00e9rrez<\/strong>\u00a0 hizo la afirmaci\u00f3n en unas palabras pronunciadas la ma\u00f1ana de este jueves en la Casa Nacional Reinaldo Pared P\u00e9rez en un homenaje al coronel Fern\u00e1ndez Dom\u00ednguez.<\/p>\n\n\n\n<p>\u201cEuclidito, como me dec\u00eda, me dijo, no me digas nada, yo no puedo verle la cara al pueblo dominicano si no peleo tambi\u00e9n, vamos a tomar el Palacio Nacional\u201d relat\u00f3 Guti\u00e9rrez F\u00e9lix los momentos finales del h\u00e9roe nacional, que unas horas m\u00e1s tarde cay\u00f3 en combate en la calle 30 de marzo.<\/p>\n\n\n\n<p>\u201cHoy el PLD organiza, como en oportunidades anteriores, un acto para rendir memoria a Rafaelito (Cnel. Rafael Tomas Fern\u00e1ndez Dom\u00ednguez) y a los que junto a \u00e9l cayeron en defensa de la soberan\u00eda y de la patria, as\u00ed como al Profesor Juan Bosch\u201d, dijo Guti\u00e9rrez F\u00e9lix.<\/p>\n\n\n\n<p>&nbsp;&nbsp;El Partido de la Liberaci\u00f3n Dominicana rindi\u00f3 un tributo de reconocimiento al coronel Rafael Tom\u00e1s Fern\u00e1ndez Dom\u00ednguez, fundador del movimiento Militar Constitucionalista autorizado por Juan Bosch como presidente de la Rep\u00fablica y que ten\u00eda como objetivo su retorno a la Presidencia.<\/p>\n\n\n\n<p>Este 19 mayo se ha arribado al &nbsp;57 aniversario en que cay\u00f3&nbsp; abatido en 1965, Fern\u00e1ndez Dom\u00ednguez en el fallido intento de asalto al Palacio Nacional en manos de las fuerzas invasoras.<\/p>\n\n\n\n<figure class=\"wp-block-image size-full\"><img loading=\"lazy\" decoding=\"async\" width=\"1024\" height=\"768\" src=\"https:\/\/diariodominicano.com\/wp-content\/uploads\/2022\/05\/TributoGral.R-40.jpeg\" alt=\"\" class=\"wp-image-355501\" srcset=\"https:\/\/diariodominicano.com\/wp-content\/uploads\/2022\/05\/TributoGral.R-40.jpeg 1024w, https:\/\/diariodominicano.com\/wp-content\/uploads\/2022\/05\/TributoGral.R-40-300x225.jpeg 300w, https:\/\/diariodominicano.com\/wp-content\/uploads\/2022\/05\/TributoGral.R-40-768x576.jpeg 768w, https:\/\/diariodominicano.com\/wp-content\/uploads\/2022\/05\/TributoGral.R-40-816x612.jpeg 816w\" sizes=\"auto, (max-width: 1024px) 100vw, 1024px\" \/><\/figure>\n\n\n\n<p>Las palabras de introducci\u00f3n del reconocimiento &nbsp;fueron pronunciadas por Alejandrina Germ\u00e1n, integrante del Comit\u00e9 Pol\u00edtico, quien destac\u00f3 la trascendencia de aquel acontecimiento.<\/p>\n\n\n\n<p>\u201cNo debemos dejar pasar por alto un d\u00eda como hoy para reconocer h\u00e9roes y pr\u00f3ceres de la magnitud, la calidad y los aportes de Rafael Tom\u00e1s &nbsp;Fern\u00e1ndez Dom\u00ednguez\u201d, expres\u00f3 Germ\u00e1n.<\/p>\n\n\n\n<p>La tambi\u00e9n titular de la Secretar\u00eda de Formaci\u00f3n Pol\u00edtica del PLD enfatiz\u00f3 que el pueblo dominicano no &nbsp;debe olvidar su historia, sugiriendo tener presente el aporte de cada dominicano y dominicana para que el pa\u00eds pudiera avanzar en los niveles de institucionalidad y consolidaci\u00f3n de la democracia.<\/p>\n\n\n\n<p>&nbsp;Euclides Guti\u00e9rrez F\u00e9lix, miembro fundador del PLD, quien fuera viceministro de Interior en el Gobierno del Presidente Francisco Alberto Caama\u00f1o, &nbsp;pronunci\u00f3 una semblanza del coronel Fern\u00e1ndez Dom\u00ednguez, resaltando su rol hist\u00f3rico en la Revoluci\u00f3n de Abril de 1965.<\/p>\n\n\n\n<p>Guti\u00e9rrez F\u00e9lix manifest\u00f3 que fue el coronel Rafael Fern\u00e1ndez Dom\u00ednguez el fundador del Movimiento Militar Constitucionalista, autorizado por el profesor Juan Bosch como presidente de la Rep\u00fablica.<\/p>\n\n\n\n<p>\u201cFern\u00e1ndez Dom\u00ednguez se present\u00f3 ante Juan Bosch en el mes de marzo de 1963, cuando se promulg\u00f3 la Constituci\u00f3n del Partido Revolucionario Dominicano, inspirada por el gobierno de Bosch, que hab\u00eda ganado las elecciones&nbsp; el 20 de diciembre de 1962 y Rafaelito vino a informarle que se hab\u00eda comenzado a organizar un movimiento militar dentro de las Fuerzas Armadas para derrocar su gobierno\u201d, refiri\u00f3 el historiador y dirigente pol\u00edtico.<\/p>\n\n\n\n<p>Apunt\u00f3 que Fern\u00e1ndez &nbsp;Dom\u00ednguez le dijo al presidente Juan &nbsp;Bosch que la \u00fanica forma para enfrentar ese movimiento era con la oficialidad joven de la organizaci\u00f3n del movimiento clandestino para defender la integridad del gobierno que el pueblo hab\u00eda elegido con una abrumadora mayor\u00eda de votos el 20 de diciembre de 1962.<\/p>\n\n\n\n<p>El acto se efectu\u00f3 en la explanada lateral Este de la Casa Nacional del PLD Reinaldo Pared P\u00e9rez con la presencia de una nutrida representaci\u00f3n del Comit\u00e9 Central, miembros de base y de los bloques de &nbsp;comit\u00e9s intermedios del Partido que llevan el nombre del Coronel Rafael Tom\u00e1s Fern\u00e1ndez Dom\u00ednguez.<\/p>\n\n\n\n<p>Al concluir las palabras de Guti\u00e9rrez F\u00e9lix, los presentes entonaron, junto al sistema de amplificaci\u00f3n, el Himno Nacional, destaca una nota informativa de la Secretar\u00eda de Comunicaciones del PLD.<\/p>\n\n\n\n<p>SECOM PLD<a target=\"_blank\" href=\"mailto:sec.com.pld@gmail.com\" rel=\"noreferrer noopener\">sec.com.pld@gmail.com<\/a><\/p>\n","protected":false},"excerpt":{"rendered":"<p>El Doctor Euclides Guti\u00e9rrez F\u00e9lix se dirige a los presentes. Santo Domingo, RD.- Para el pueblo dominicano el 19 de mayo de cada a\u00f1o es una fecha eterna y memorable, porque ese d\u00eda, \u00a0en 1965 se produjo el sacrificio del Coronel Rafael Fern\u00e1ndez Dom\u00ednguez. en defensa \u00a0de la patria mancillada por una invasi\u00f3n militar extranjera. [&hellip;]<\/p>\n","protected":false},"author":28,"featured_media":355498,"comment_status":"closed","ping_status":"","sticky":true,"template":"","format":"standard","meta":{"footnotes":""},"categories":[26,27],"tags":[],"class_list":["post-355495","post","type-post","status-publish","format-standard","has-post-thumbnail","hentry","category-efemerides","category-portada"],"_links":{"self":[{"href":"https:\/\/diariodominicano.com\/index.php?rest_route=\/wp\/v2\/posts\/355495","targetHints":{"allow":["GET"]}}],"collection":[{"href":"https:\/\/diariodominicano.com\/index.php?rest_route=\/wp\/v2\/posts"}],"about":[{"href":"https:\/\/diariodominicano.com\/index.php?rest_route=\/wp\/v2\/types\/post"}],"author":[{"embeddable":true,"href":"https:\/\/diariodominicano.com\/index.php?rest_route=\/wp\/v2\/users\/28"}],"replies":[{"embeddable":true,"href":"https:\/\/diariodominicano.com\/index.php?rest_route=%2Fwp%2Fv2%2Fcomments&post=355495"}],"version-history":[{"count":3,"href":"https:\/\/diariodominicano.com\/index.php?rest_route=\/wp\/v2\/posts\/355495\/revisions"}],"predecessor-version":[{"id":355502,"href":"https:\/\/diariodominicano.com\/index.php?rest_route=\/wp\/v2\/posts\/355495\/revisions\/355502"}],"wp:featuredmedia":[{"embeddable":true,"href":"https:\/\/diariodominicano.com\/index.php?rest_route=\/wp\/v2\/media\/355498"}],"wp:attachment":[{"href":"https:\/\/diariodominicano.com\/index.php?rest_route=%2Fwp%2Fv2%2Fmedia&parent=355495"}],"wp:term":[{"taxonomy":"category","embeddable":true,"href":"https:\/\/diariodominicano.com\/index.php?rest_route=%2Fwp%2Fv2%2Fcategories&post=355495"},{"taxonomy":"post_tag","embeddable":true,"href":"https:\/\/diariodominicano.com\/index.php?rest_route=%2Fwp%2Fv2%2Ftags&post=355495"}],"curies":[{"name":"wp","href":"https:\/\/api.w.org\/{rel}","templated":true}]}}