{"id":355347,"date":"2022-05-19T00:10:23","date_gmt":"2022-05-19T04:10:23","guid":{"rendered":"http:\/\/diariodominicano.com\/?p=355347"},"modified":"2022-05-19T08:14:11","modified_gmt":"2022-05-19T12:14:11","slug":"el-coronel-rafael-fernandez-dominguez-cae-en-emboscada","status":"publish","type":"post","link":"https:\/\/diariodominicano.com\/?p=355347","title":{"rendered":"El coronel Rafael Fern\u00e1ndez Dom\u00ednguez cae en emboscada"},"content":{"rendered":"\n<p><\/p>\n\n\n\n<p>\u00a0<strong>Por H\u00e9ctor Tineo Nolasco<\/strong><\/p>\n\n\n\n<p>Diariodominicano.com<\/p>\n\n\n\n<p><strong>SANTO DOMINGO, RD, el 19 de Mayo de 1965<\/strong>, cay\u00f3\u00a0 en una emboscada que tendieron tropas del Gobierno de\u00a0 Estados Unidos, del\u00a0\u00a0 presidente Lindon B. Jonson, el\u00a0 coronel Rafael Fern\u00e1ndez Dom\u00ednguez, l\u00edder de los militares constitucionalistas que lucharon por el retorno del profesor Juan Bosch a la Presidencia de la Rep\u00fablica.<\/p>\n\n\n\n<p><strong>Con Fern\u00e1ndez Dom\u00ednguez tambi\u00e9n cayeron Juan Miguel Rom\u00e1n, Euclides Morillo, y el entrenador militar&nbsp; italiano Ilio Capocci, entre otros&nbsp; otros constitucionalistas.<\/strong><\/p>\n\n\n\n<p><\/p>\n\n\n\n<p>El objetivo de la misi\u00f3n que encabezaba era toma del Palacio Nacional que estaba ocupado por tropas estadounidenses y miembros del \u201cGobierno de Reconstrucci\u00f3n Nacional\u201d que encabezaba el general Antonio Imbert Barreras.<\/p>\n\n\n\n<p>&nbsp;&nbsp; Desde que Juan Bosch fue derrocado el 25 de septiembre de 1965, el coronel Fern\u00e1ndez Dom\u00ednguez y otros militares iniciaron un plan para acabar con el Gobierno de facto del Triunvirato y restaurar el Gobierno constitucional interrumpido el 25 de septiembre de 1963.<\/p>\n\n\n\n<p>&nbsp;&nbsp;&nbsp; En la guerra de Abril de 1965, Rafael Fern\u00e1ndez Dom\u00ednguez desempe\u00f1\u00f3 un papel de primera l\u00ednea y muri\u00f3&nbsp; cuando se dirig\u00eda a tomar el&nbsp; Palacio Nacional y fue sorprendido por una emboscada que tendieron militares de Estados Unidos, de los que intervinieron a la Rep\u00fablica Dominicana  el 28 de Abril de 1965.<\/p>\n\n\n\n<p>&nbsp;&nbsp;&nbsp; El cuerpo sin vida de Fern\u00e1ndez Dom\u00ednguez cay\u00f3 en la calle 30 de Marzo, en la intersecci\u00f3n con la calle Abreu, en el sector San Carlos de la Capital,el 19 de Mayo de 1965.<\/p>\n\n\n\n<p><strong>El Coronel Constitucionalista<\/strong><\/p>\n\n\n\n<p>Fern\u00e1ndez Dom\u00ednguez hab\u00eda nacido el&nbsp; 18 de septiembre de 1934 en la secci\u00f3n&nbsp; Damajuana, municipio de Esperanza. Fueron sus padres el General Ludovino Fern\u00e1ndez Malag\u00f3n y Gloria Erminda Domingu\u00e9z Cruz.<\/p>\n\n\n\n<p>&nbsp;En 1952,&nbsp; fue investido&nbsp; Bachiller en Ciencias F\u00edsicas y Matem\u00e1ticas y el 27 de diciembre del mismo a\u00f1o ingres\u00f3 a la Universidad de Santo Domingo,&nbsp; a cursar la carrera de ingenier\u00eda, cuyos estudios&nbsp; interrumpi\u00f3 cuando ingres\u00f3 a las filas del Ej\u00e9rcito Nacional, como Cadete en la Academia Militar Batalla de Las Carreras.<\/p>\n\n\n\n<p>All\u00ed curso estudios&nbsp; de&nbsp; 1954&nbsp; a&nbsp; 1956,&nbsp; para&nbsp; graduarse de&nbsp; Bachiller en Ciencias Militares. El 22 de diciembre de ese mismo a\u00f1o contrajo matrimonio&nbsp; con Alma Arlette Fern\u00e1ndez, con quien form\u00f3 una familia de&nbsp; cinco hijos.<br><br><\/p>\n\n\n\n<p>En febrero de 1957 ingres\u00f3&nbsp; a Fort Clayton en la Zona del Canal de Panam\u00e1 para hacer&nbsp; un curso militar.&nbsp;<br><br>En 1961 con&nbsp; el rango de&nbsp; Capit\u00e1n,&nbsp; desempe\u00f1\u00f3 el cargo de Jefe de la Base A\u00e9rea de San Isidro. El 18 de enero de 1962, con&nbsp; el rango de Mayor de la Fuerza A\u00e9rea Dominicana (FAD), liber\u00f3 a los miembros del Consejo de Estado, detenidos en el Club de Oficiales de esa instituci\u00f3n por \u00f3rdenes del ex general Pedro Rafael Ram\u00f3n Rodr\u00edguez Echavarr\u00eda, quien fue depuesto ese mismo d\u00eda, tras&nbsp; intentar&nbsp; un golpe de Estado.&nbsp;<br><br>Fern\u00e1ndez Dom\u00ednguez fue ascendido&nbsp; a Teniente Coronel, y nombrado Subjefe de la Fuerza A\u00e9rea. Luego fue pasado al&nbsp; Ej\u00e9rcito Nacional y enviado en noviembre de 1962 a Fort Gulick, en Panam\u00e1 para participar en un curso de Comando y Estado Mayor. Alcanz\u00f3 el segundo lugar entre los 31 militares de Am\u00e9rica Latina y los Estados Unidos de Am\u00e9rica&nbsp; que participaron.<br><br><\/p>\n\n\n\n<p>Un incidente en el que fue protagonista,&nbsp; se&nbsp; produjo cuando se opuso a que le fuera concedido el rango de general a Luis Amiama Ti\u00f3 y a Antonio Imbert Barreras,&nbsp; sobrevivientes del complot que culmin\u00f3 con el&nbsp; asesinato del dictador Rafael Leonidas Trujillo Molina,&nbsp; el 30 de mayo de 1961. En opini\u00f3n de Fern\u00e1ndez Dom\u00ednguez, por considerar que&nbsp; los rangos concedidos&nbsp; constitu\u00edan una violaci\u00f3n a las normas&nbsp; militares.<br><br>En Junio de 1963 realiz\u00f3 otro curso de Instrucci\u00f3n de Infanter\u00eda Avanzada. Ese mismo a\u00f1o fue nombrado&nbsp; Director de la Academia Militar \u00abBatalla de Las Carreras\u00bb de la Fuerza A\u00e9rea Dominicana.<br><br>Al ser depuesto el gobierno constitucional del&nbsp; presidente Juan Bosch, el Coronel Fern\u00e1ndez Dom\u00ednguez intent\u00f3 organizar un movimiento de resistencia militar.&nbsp; El 23 de octubre de ese mismo a\u00f1o fue nombrado por el&nbsp; Gobierno de facto del Triunvirato,&nbsp; Agregado Militar&nbsp; dominicano en Espa\u00f1a.<\/p>\n\n\n\n<p>&nbsp;Desde Espa\u00f1a&nbsp; escribi\u00f3&nbsp;&nbsp; a sus compa\u00f1eros de armas exhort\u00e1ndoles a continuar con los preparativos del contragolpe. En diciembre de 1964 logr\u00f3 un permiso para entrar al pa\u00eds por tres d\u00edas y aunque estaba continuamente vigilado, logr\u00f3 establecer contactos con los simpatizantes del movimiento conspirativo contra el Triunvirato, al cual y por invitaci\u00f3n suya, se incorpor\u00f3 el Coronel Francisco Alberto Caama\u00f1o De\u00f1\u00f3.<br><br>Al concluir los tres d\u00edas del permiso tuvo que&nbsp; abandonar el pa\u00eds&nbsp; como Agregado Militar en Chile.<\/p>\n\n\n\n<p>&nbsp;Fern\u00e1ndez Dom\u00ednguez estaba convencido de lo importante&nbsp; que era para la causa&nbsp; la conservaci\u00f3n de su rango militar, raz\u00f3n por la cual acept\u00f3 los nombramientos&nbsp; en el exterior. En una carta fechada 22 de marzo de 1965 que envi\u00f3&nbsp;&nbsp; desde Santiago de Chile a uno de los oficiales de su grupo, expres\u00f3: \u00abRespecto a mi posici\u00f3n dentro del Ej\u00e9rcito, estoy firme y definitivamente convencido que no debo abandonarla, a\u00fan sea bajo la m\u00e1s fuerte de las presiones, ya que es la \u00fanica forma en que hoy, ma\u00f1ana o alg\u00fan d\u00eda podr\u00e9&nbsp; -en una u otra forma-&nbsp; cooperar en la reestructuraci\u00f3n definitiva de las FFAA dominicanas.\u00bb<br><br>Respecto a la importancia hist\u00f3rica del movimiento constitucionalista&nbsp; que lideraba, y por no haber tenido \u00e9xito en un intento de materializarlo, el Coronel Fern\u00e1ndez Dom\u00ednguez escribi\u00f3 el 21 de abril de 1964:&nbsp; <strong>\u00abLa historia de la Rep\u00fablica Dominicana no se ha escrito a\u00fan&#8230; y tengo la firme convicci\u00f3n de que nuestro abortado movimiento ser\u00e1 un cap\u00edtulo de esa historia&#8230; La problem\u00e1tica dominicana es bien clara, todo descansar\u00e1 dentro de poco tiempo en la joven oficial\u00eda, la cual deber\u00e1 ser reconquistada por nosotros, por todos los medios.\u00bb<br><br><\/strong>En Chile recibi\u00f3 la noticia del derrocamiento del Triunvirato&nbsp; el&nbsp; 24 de abril de 1965 e inmediatamente tom\u00f3 un avi\u00f3n v\u00eda Puerto Rico para regresar al pa\u00eds aunque no pudo entrar a la Rep\u00fablica Dominicana porque el aeropuerto se encontraba cerrado por tropas que se opon\u00edan al movimiento constitucionalista.<\/p>\n\n\n\n<p>\u00a0El Coronel Fern\u00e1ndez Dom\u00ednguez, que hab\u00eda sido nombrado Ministro de Interior y Polic\u00eda en el Gabinete designado por el Gobierno Constitucionalista presidido por el Coronel Francisco Alberto Caama\u00f1o De\u00f1\u00f3, logr\u00f3 entrar al pa\u00eds\u00a0 despu\u00e9s de varios intentos,\u00a0 el d\u00eda 14\u00a0 de mayo de 1965 mientras se realizaban negociaciones entre el gobierno constitucionalista de\u00a0 Caama\u00f1o y los representantes de las fuerzas estadounidenses\u00a0 que hab\u00edan invadido el pa\u00eds.<br><br>El\u00a0 19 de mayo de 1965,\u00a0 cuando\u00a0 muri\u00f3\u00a0 en la avenida San Mart\u00edn,\u00a0 en la intersecci\u00f3n con la calle Abreu,\u00a0 llevaba cinco d\u00edas en el cargo.<\/p>\n\n\n\n<p>Diariodominicano.com<\/p>\n\n\n\n<p>Secci\u00f3n Efem\u00e9rides<\/p>\n","protected":false},"excerpt":{"rendered":"<p>\u00a0Por H\u00e9ctor Tineo Nolasco Diariodominicano.com SANTO DOMINGO, RD, el 19 de Mayo de 1965, cay\u00f3\u00a0 en una emboscada que tendieron tropas del Gobierno de\u00a0 Estados Unidos, del\u00a0\u00a0 presidente Lindon B. Jonson, el\u00a0 coronel Rafael Fern\u00e1ndez Dom\u00ednguez, l\u00edder de los militares constitucionalistas que lucharon por el retorno del profesor Juan Bosch a la Presidencia de la [&hellip;]<\/p>\n","protected":false},"author":28,"featured_media":277066,"comment_status":"closed","ping_status":"","sticky":true,"template":"","format":"standard","meta":{"footnotes":""},"categories":[26,27],"tags":[],"class_list":["post-355347","post","type-post","status-publish","format-standard","has-post-thumbnail","hentry","category-efemerides","category-portada"],"_links":{"self":[{"href":"https:\/\/diariodominicano.com\/index.php?rest_route=\/wp\/v2\/posts\/355347","targetHints":{"allow":["GET"]}}],"collection":[{"href":"https:\/\/diariodominicano.com\/index.php?rest_route=\/wp\/v2\/posts"}],"about":[{"href":"https:\/\/diariodominicano.com\/index.php?rest_route=\/wp\/v2\/types\/post"}],"author":[{"embeddable":true,"href":"https:\/\/diariodominicano.com\/index.php?rest_route=\/wp\/v2\/users\/28"}],"replies":[{"embeddable":true,"href":"https:\/\/diariodominicano.com\/index.php?rest_route=%2Fwp%2Fv2%2Fcomments&post=355347"}],"version-history":[{"count":4,"href":"https:\/\/diariodominicano.com\/index.php?rest_route=\/wp\/v2\/posts\/355347\/revisions"}],"predecessor-version":[{"id":355358,"href":"https:\/\/diariodominicano.com\/index.php?rest_route=\/wp\/v2\/posts\/355347\/revisions\/355358"}],"wp:featuredmedia":[{"embeddable":true,"href":"https:\/\/diariodominicano.com\/index.php?rest_route=\/wp\/v2\/media\/277066"}],"wp:attachment":[{"href":"https:\/\/diariodominicano.com\/index.php?rest_route=%2Fwp%2Fv2%2Fmedia&parent=355347"}],"wp:term":[{"taxonomy":"category","embeddable":true,"href":"https:\/\/diariodominicano.com\/index.php?rest_route=%2Fwp%2Fv2%2Fcategories&post=355347"},{"taxonomy":"post_tag","embeddable":true,"href":"https:\/\/diariodominicano.com\/index.php?rest_route=%2Fwp%2Fv2%2Ftags&post=355347"}],"curies":[{"name":"wp","href":"https:\/\/api.w.org\/{rel}","templated":true}]}}