{"id":354857,"date":"2022-05-17T00:20:39","date_gmt":"2022-05-17T04:20:39","guid":{"rendered":"http:\/\/diariodominicano.com\/?p=354857"},"modified":"2022-05-17T00:20:39","modified_gmt":"2022-05-17T04:20:39","slug":"el-congreso-nacional-aprueba-ley-convierte-a-la-policia-nacional-en-ejercito-nacional","status":"publish","type":"post","link":"https:\/\/diariodominicano.com\/?p=354857","title":{"rendered":"El Congreso Nacional aprueba ley convierte a la Polic\u00eda Nacional en Ej\u00e9rcito Nacional"},"content":{"rendered":"\n<p><\/p>\n\n\n\n<p>SANTO DOMINGO, el&nbsp; 17 de Mayo de 1928, el Congreso Nacional convirti\u00f3 en ley el proyecto de Ley&nbsp; del Poder Ejecutivo, en virtud del cual la Polic\u00eda Nacional fue convertida en Ej\u00e9rcito Nacional.<\/p>\n\n\n\n<p>&nbsp;&nbsp; Al promulgar la ley, el Presidente Horacio V\u00e1squez nombr\u00f3 jefe del Ej\u00e9rcito Nacional, al general Rafael&nbsp; Le\u00f3nidas Trujillo Molina, que era el oficial superior&nbsp; que disfrutaba de su mayor confianza.<\/p>\n\n\n\n<p>&nbsp;&nbsp; No obstante,&nbsp; menos de dos a\u00f1os&nbsp; despu\u00e9s,&nbsp; en&nbsp; 1930, Trujillo particip\u00f3 en la conspiraci\u00f3n que culmin\u00f3 con el derrocamiento del Presidente Horacio V\u00e1squez, el 23 de febrero de 1930.&nbsp; Ese d\u00eda se conoci\u00f3&nbsp; el movimiento conspirativo que derroc\u00f3 al&nbsp; Presidente V\u00e1squez, lo que permitir\u00eda tomar el poder al Jefe del Ej\u00e9rcito Nacional, general&nbsp; Trujillo Molina.<\/p>\n\n\n\n<p><strong>La conspiraci\u00f3n<\/strong><\/p>\n\n\n\n<p>&nbsp;&nbsp;&nbsp;&nbsp; &nbsp;&nbsp;&nbsp;&nbsp; El manifiesto del 23 de febrero fue redactado por el doctor Joaqu\u00edn Balaguer, quien formaba parte del plan conspirativo contra el Presidente Horacio V\u00e1squez.<\/p>\n\n\n\n<p>&nbsp;&nbsp;&nbsp;&nbsp;&nbsp;&nbsp; En su obra&nbsp; \u00abMemorias de un Cortesano de la Era de Trujillo\u00bb, Balaguer&nbsp; afirma que \u00e9l fue el redactor del Manifiesto del Movimiento del 23 de febrero de 1930,&nbsp; que puso fin al Gobierno de Horacio V\u00e1squez, con lo que comenz\u00f3 el proyecto para el general Rafael Le\u00f3nidas Trujillo, tomara el poder, lo que ocurrir\u00eda el 16 de agosto de 1930.<\/p>\n\n\n\n<p>&nbsp;&nbsp;&nbsp; &nbsp;&nbsp;&nbsp;&nbsp;&nbsp; La principal cara visible de los conspiradores fue el licenciado Rafael Estrella Ure\u00f1a, quien hab\u00eda sido uno de los ministros influyentes en el Gobierno de Horacio V\u00e1squez, pero rompi\u00f3 con su l\u00edder cuando decidi\u00f3 s.<\/p>\n\n\n\n<p>&nbsp;&nbsp;&nbsp; &nbsp;&nbsp;&nbsp;&nbsp;&nbsp; Rafael Estrella Ure\u00f1a, fue usado por el general Trujillo. Cuando estall\u00f3 el golpe, la Legaci\u00f3n de Estados Unidos advirti\u00f3 que no tolerar\u00eda que tomara el poder el Jefe del Ej\u00e9rcito Nacional, pero luego no puso obst\u00e1culos.<\/p>\n\n\n\n<p>&nbsp;&nbsp; &nbsp;&nbsp;&nbsp;&nbsp;&nbsp;&nbsp; Al ser derrocado el presidente V\u00e1squez, asumi\u00f3 la Presidencia Provisional el licenciado Rafael Estrella Ure\u00f1a, quien luego lleg\u00f3 a un acuerdo con Trujillo para apoyarlo como candidato presidencial con el binomio Trujillo-Estrella Ure\u00f1a.<\/p>\n\n\n\n<p>&nbsp;&nbsp;&nbsp; &nbsp;&nbsp;&nbsp;&nbsp;&nbsp; Durante su Gobierno Provisional,&nbsp; Estrella Ure\u00f1a no logr\u00f3 desarrollar liderazgo, ya que estaba en manos del general Trujillo, quien luego pas\u00f3 a \u201cretiro\u201d y se present\u00f3 como candidato presidencial.<\/p>\n\n\n\n<p>&nbsp;&nbsp;&nbsp; &nbsp;&nbsp;&nbsp;&nbsp;&nbsp; En una campa\u00f1a electoral caracterizada por la represi\u00f3n en contra de los adversarios de Trujillo, de la Alianza Nacional-Progresista, que llevaba como candidato a la Presidencia al licenciado Federico Vel\u00e1squez y a vicepresidente al licenciado \u00c1ngel Morales, el candidato oficialista logr\u00f3 imponerse.<\/p>\n\n\n\n<p>&nbsp;&nbsp;&nbsp; &nbsp;&nbsp;&nbsp;&nbsp;&nbsp; El Ej\u00e9rcito Nacional reprimi\u00f3 a los opositores y el 15 de mayo de 1930 fueron retiradas las candidaturas de Vel\u00e1squez y Morales, lo que dej\u00f3 el camino a Trujillo libre de obst\u00e1culos para ser declarado ganador de las elecciones celebradas el d\u00eda siguiente, el 16 de mayo de 1930.<\/p>\n\n\n\n<p>&nbsp;&nbsp;&nbsp; &nbsp;&nbsp;&nbsp;&nbsp;&nbsp; A pesar de la represi\u00f3n, la Junta Central Electoral declar\u00f3 el 24 de mayo de 1930, al binomio Trujillo-Estrella Ure\u00f1a ganador de las elecciones.<\/p>\n\n\n\n<p>&nbsp;&nbsp;&nbsp; &nbsp;&nbsp;&nbsp;&nbsp;&nbsp; Trujillo y Estrella Ure\u00f1a tomaron posesi\u00f3n el 16 de agosto de 1930, pero rompieron al poco tiempo y comenz\u00f3 en el pa\u00eds un r\u00e9gimen dictatorial que se prolong\u00f3 hasta el 30 de mayo de 1961, cuando Trujillo fue asesinado.<\/p>\n","protected":false},"excerpt":{"rendered":"<p>SANTO DOMINGO, el&nbsp; 17 de Mayo de 1928, el Congreso Nacional convirti\u00f3 en ley el proyecto de Ley&nbsp; del Poder Ejecutivo, en virtud del cual la Polic\u00eda Nacional fue convertida en Ej\u00e9rcito Nacional. &nbsp;&nbsp; Al promulgar la ley, el Presidente Horacio V\u00e1squez nombr\u00f3 jefe del Ej\u00e9rcito Nacional, al general Rafael&nbsp; Le\u00f3nidas Trujillo Molina, que era [&hellip;]<\/p>\n","protected":false},"author":28,"featured_media":264867,"comment_status":"closed","ping_status":"","sticky":true,"template":"","format":"standard","meta":{"footnotes":""},"categories":[26,27],"tags":[],"class_list":["post-354857","post","type-post","status-publish","format-standard","has-post-thumbnail","hentry","category-efemerides","category-portada"],"_links":{"self":[{"href":"https:\/\/diariodominicano.com\/index.php?rest_route=\/wp\/v2\/posts\/354857","targetHints":{"allow":["GET"]}}],"collection":[{"href":"https:\/\/diariodominicano.com\/index.php?rest_route=\/wp\/v2\/posts"}],"about":[{"href":"https:\/\/diariodominicano.com\/index.php?rest_route=\/wp\/v2\/types\/post"}],"author":[{"embeddable":true,"href":"https:\/\/diariodominicano.com\/index.php?rest_route=\/wp\/v2\/users\/28"}],"replies":[{"embeddable":true,"href":"https:\/\/diariodominicano.com\/index.php?rest_route=%2Fwp%2Fv2%2Fcomments&post=354857"}],"version-history":[{"count":1,"href":"https:\/\/diariodominicano.com\/index.php?rest_route=\/wp\/v2\/posts\/354857\/revisions"}],"predecessor-version":[{"id":354858,"href":"https:\/\/diariodominicano.com\/index.php?rest_route=\/wp\/v2\/posts\/354857\/revisions\/354858"}],"wp:featuredmedia":[{"embeddable":true,"href":"https:\/\/diariodominicano.com\/index.php?rest_route=\/wp\/v2\/media\/264867"}],"wp:attachment":[{"href":"https:\/\/diariodominicano.com\/index.php?rest_route=%2Fwp%2Fv2%2Fmedia&parent=354857"}],"wp:term":[{"taxonomy":"category","embeddable":true,"href":"https:\/\/diariodominicano.com\/index.php?rest_route=%2Fwp%2Fv2%2Fcategories&post=354857"},{"taxonomy":"post_tag","embeddable":true,"href":"https:\/\/diariodominicano.com\/index.php?rest_route=%2Fwp%2Fv2%2Ftags&post=354857"}],"curies":[{"name":"wp","href":"https:\/\/api.w.org\/{rel}","templated":true}]}}