{"id":354275,"date":"2022-05-13T23:53:10","date_gmt":"2022-05-14T03:53:10","guid":{"rendered":"http:\/\/diariodominicano.com\/?p=354275"},"modified":"2022-05-13T23:53:10","modified_gmt":"2022-05-14T03:53:10","slug":"en-samana-pascual-real-el-ultimo-gobernador-espanol-en-la-colonia-de-santo-domingo","status":"publish","type":"post","link":"https:\/\/diariodominicano.com\/?p=354275","title":{"rendered":"En Saman\u00e1 Pascual Real el \u00faltimo gobernador espa\u00f1ol en la colonia de Santo Domingo"},"content":{"rendered":"\n<p><\/p>\n\n\n\n<p>Por H\u00e9ctor Tineo Nolasco<\/p>\n\n\n\n<p>Diariodominicano.com<\/p>\n\n\n\n<p>SAMANA, el 14 de mayo de 1821, lleg\u00f3 a Saman\u00e1 el nuevo Gobernador de la Colonia Espa\u00f1ola, Pascual Real, quien hab\u00eda sustituido al Gobernador Sebasti\u00e1n Kindel\u00e1n.<\/p>\n\n\n\n<p>&nbsp;&nbsp; Real fue el \u00faltimo gobernador espa\u00f1ol en la colonia de Santo Domingo, antes de que Jos\u00e9 N\u00fa\u00f1ez de C\u00e1ceres proclamara, el 1 de diciembre de 1821, la independencia Ef\u00edmera o la proclamaci\u00f3n del Estado Independiente del Hait\u00ed Espa\u00f1ol.<\/p>\n\n\n\n<p>&nbsp;&nbsp; El movimiento independentista de Jos\u00e9 N\u00fa\u00f1ez de C\u00e1ceres, estaba en desarrollo cuando Pascual Real sustituy\u00f3 al Gobernador de la Colonia espa\u00f1ola de Santo Domingo, Sebasti\u00e1n Kindel\u00e1n, quien no le confer\u00eda cr\u00e9dito a las versiones acerca de&nbsp; la conspiraci\u00f3n.<\/p>\n\n\n\n<p>&nbsp;&nbsp; Sin embargo, el nuevo Gobernador Pascual Real, quien lleg\u00f3 a Santo Domingo en mayo de 1821, le dio importancia a las informaciones y de inmediato vio como sospechosos a los principales funcionarios de la colonia, incluido el Auditor de Guerra, Jos\u00e9 N\u00fa\u00f1ez de C\u00e1ceres.<\/p>\n\n\n\n<p>&nbsp;&nbsp;&nbsp;&nbsp;&nbsp;&nbsp;&nbsp;&nbsp;&nbsp; No obstante, un informe de la \u00e9poca da cuenta de que Pascual Real por falta de tropas, decidi\u00f3 no atacar de frente a los sospechosos&nbsp; y se dedic\u00f3 a consolidar la posici\u00f3n del&nbsp; Gobierno&nbsp; tratando de atraer a su favor las simpat\u00edas de los principales hombres de armas, pero no pudo lograr su objetivo, ya que los comandantes militares se sumaron al movimiento que lideraba Jos\u00e9 N\u00fa\u00f1ez de C\u00e1ceres.<\/p>\n\n\n\n<p>&nbsp;&nbsp; Con el decurso de los d\u00edas el Gobierno espa\u00f1ol perd\u00eda fuerza y el movimiento de Jos\u00e9 N\u00fa\u00f1ez de C\u00e1ceres ampliaba su presencia.<\/p>\n","protected":false},"excerpt":{"rendered":"<p>Por H\u00e9ctor Tineo Nolasco Diariodominicano.com SAMANA, el 14 de mayo de 1821, lleg\u00f3 a Saman\u00e1 el nuevo Gobernador de la Colonia Espa\u00f1ola, Pascual Real, quien hab\u00eda sustituido al Gobernador Sebasti\u00e1n Kindel\u00e1n. &nbsp;&nbsp; Real fue el \u00faltimo gobernador espa\u00f1ol en la colonia de Santo Domingo, antes de que Jos\u00e9 N\u00fa\u00f1ez de C\u00e1ceres proclamara, el 1 de [&hellip;]<\/p>\n","protected":false},"author":28,"featured_media":354276,"comment_status":"closed","ping_status":"","sticky":true,"template":"","format":"standard","meta":{"footnotes":""},"categories":[26,27],"tags":[],"class_list":["post-354275","post","type-post","status-publish","format-standard","has-post-thumbnail","hentry","category-efemerides","category-portada"],"_links":{"self":[{"href":"https:\/\/diariodominicano.com\/index.php?rest_route=\/wp\/v2\/posts\/354275","targetHints":{"allow":["GET"]}}],"collection":[{"href":"https:\/\/diariodominicano.com\/index.php?rest_route=\/wp\/v2\/posts"}],"about":[{"href":"https:\/\/diariodominicano.com\/index.php?rest_route=\/wp\/v2\/types\/post"}],"author":[{"embeddable":true,"href":"https:\/\/diariodominicano.com\/index.php?rest_route=\/wp\/v2\/users\/28"}],"replies":[{"embeddable":true,"href":"https:\/\/diariodominicano.com\/index.php?rest_route=%2Fwp%2Fv2%2Fcomments&post=354275"}],"version-history":[{"count":1,"href":"https:\/\/diariodominicano.com\/index.php?rest_route=\/wp\/v2\/posts\/354275\/revisions"}],"predecessor-version":[{"id":354277,"href":"https:\/\/diariodominicano.com\/index.php?rest_route=\/wp\/v2\/posts\/354275\/revisions\/354277"}],"wp:featuredmedia":[{"embeddable":true,"href":"https:\/\/diariodominicano.com\/index.php?rest_route=\/wp\/v2\/media\/354276"}],"wp:attachment":[{"href":"https:\/\/diariodominicano.com\/index.php?rest_route=%2Fwp%2Fv2%2Fmedia&parent=354275"}],"wp:term":[{"taxonomy":"category","embeddable":true,"href":"https:\/\/diariodominicano.com\/index.php?rest_route=%2Fwp%2Fv2%2Fcategories&post=354275"},{"taxonomy":"post_tag","embeddable":true,"href":"https:\/\/diariodominicano.com\/index.php?rest_route=%2Fwp%2Fv2%2Ftags&post=354275"}],"curies":[{"name":"wp","href":"https:\/\/api.w.org\/{rel}","templated":true}]}}