{"id":353603,"date":"2022-05-11T14:27:22","date_gmt":"2022-05-11T18:27:22","guid":{"rendered":"http:\/\/diariodominicano.com\/?p=353603"},"modified":"2022-05-11T14:28:25","modified_gmt":"2022-05-11T18:28:25","slug":"consejo-del-poder-judicial-firma-convenio-con-el-archivo-general-de-la-nacion-para-proceso-de-sistematizacion-de-sus-archivos","status":"publish","type":"post","link":"https:\/\/diariodominicano.com\/?p=353603","title":{"rendered":"Consejo del Poder Judicial firma convenio con el Archivo General de la Naci\u00f3n para proceso de sistematizaci\u00f3n de sus archivos\u00a0"},"content":{"rendered":"\n<p><\/p>\n\n\n\n<p><em>El historiador Roberto Cass\u00e1, destac\u00f3 la importancia del acuerdo con el cual se <\/em>inicia el proceso de rescate, organizaci\u00f3n y sistematizaci\u00f3n de la archiv\u00edstica en el Poder Judicial.<em>&nbsp;<\/em><\/p>\n\n\n\n<p>El Consejo del Poder Judicial (CPJ), la Escuela Nacional de la Judicatura (ENJ) y el Archivo General de la Naci\u00f3n (AGN) firmaron un convenio interinstitucional con el objetivo de implementar iniciativas de inter\u00e9s com\u00fan que permitan fortalecer el sistema de archivo y manejo documental, as\u00ed como la digitalizaci\u00f3n hist\u00f3rica de boletines judiciales, sentencias y bibliograf\u00eda jur\u00eddica.&nbsp;<\/p>\n\n\n\n<p>El magistrado Luis Henry Molina Pe\u00f1a ponder\u00f3 el acuerdo y afirm\u00f3 que con este se busca generar un patrimonio propio que pueda ser utilizado por los historiadores. Reconoci\u00f3 el importante avance que ha tenido el Archivo General de la Naci\u00f3n bajo la direcci\u00f3n del Dr. Roberto Cass\u00e1 e indic\u00f3 que la experiencia y capacidad del AGN, puestas al servicio del Poder Judicial, ser\u00e1n una importante contribuci\u00f3n para la justicia y el pa\u00eds. &nbsp;<\/p>\n\n\n\n<p>\u00abProcuramos crear condiciones para que, en la Rep\u00fablica Dominicana, lo que es historia documental, que tiene que ver con el Poder Judicial, est\u00e9 bajo la custodia del Archivo General de la Naci\u00f3n\u00bb, afirm\u00f3 el magistrado Molina Pe\u00f1a.&nbsp;<\/p>\n\n\n\n<p>Por su lado, el historiador Roberto Cass\u00e1, director del AGN expres\u00f3 que en los 17 a\u00f1os que tienen en el proceso de sistematizaci\u00f3n, el acuerdo con el PJ es uno de los m\u00e1s trascendentales, por tratarse de un material con enorme relevancia en todos los sentidos: hist\u00f3rico, de derecho y de la legalidad de las acciones del Estado. Consider\u00f3 que los conjuntos documentales del Poder Judicial son de los m\u00e1s importantes del pa\u00eds. &nbsp;<\/p>\n\n\n\n<p>Asimismo, se\u00f1al\u00f3 que con la firma del convenio se inicia el proceso de rescate, organizaci\u00f3n y sistematizaci\u00f3n de la archiv\u00edstica en el Poder Judicial.&nbsp;<\/p>\n\n\n\n<p>\u00abHablo de indudable trascendencia, primero para el propio Poder Judicial, pero, adem\u00e1s, y, sobre todo, para el pa\u00eds, para el conjunto de los dominicanos al ponerse a disposici\u00f3n en termino de organizaci\u00f3n archiv\u00edstica un conjunto de materiales de primera importancia en el transcurso de la historia dominicana, particularmente desde que se fund\u00f3 el Estado en 1844\u201d, indic\u00f3 el historiador Cass\u00e1.&nbsp;<\/p>\n\n\n\n<figure class=\"wp-block-image size-large\"><img loading=\"lazy\" decoding=\"async\" width=\"1024\" height=\"682\" src=\"https:\/\/diariodominicano.com\/wp-content\/uploads\/2022\/05\/Roberto-Cassa-y-Luis-H.-Molina-en-el-lobby-del-AGN.-1024x682.jpg\" alt=\"\" class=\"wp-image-353607\" srcset=\"https:\/\/diariodominicano.com\/wp-content\/uploads\/2022\/05\/Roberto-Cassa-y-Luis-H.-Molina-en-el-lobby-del-AGN.-1024x682.jpg 1024w, https:\/\/diariodominicano.com\/wp-content\/uploads\/2022\/05\/Roberto-Cassa-y-Luis-H.-Molina-en-el-lobby-del-AGN.-300x200.jpg 300w, https:\/\/diariodominicano.com\/wp-content\/uploads\/2022\/05\/Roberto-Cassa-y-Luis-H.-Molina-en-el-lobby-del-AGN.-768x511.jpg 768w, https:\/\/diariodominicano.com\/wp-content\/uploads\/2022\/05\/Roberto-Cassa-y-Luis-H.-Molina-en-el-lobby-del-AGN.-816x543.jpg 816w, https:\/\/diariodominicano.com\/wp-content\/uploads\/2022\/05\/Roberto-Cassa-y-Luis-H.-Molina-en-el-lobby-del-AGN..jpg 1280w\" sizes=\"auto, (max-width: 1024px) 100vw, 1024px\" \/><\/figure>\n\n\n\n<p>En ese sentido, el acuerdo permitir\u00e1 mediante asesor\u00eda, que sean digitalizados los expedientes inactivos para su acceso en l\u00ednea y de consulta para el p\u00fablico en general (informaci\u00f3n con valor hist\u00f3rico) y brindar soporte en la disponibilidad de documentos hist\u00f3ricos en formato digital, con el fin de crear la biblioteca virtual del Poder Judicial o utilizarlo como museo digital, para que la Escuela Nacional de la Judicatura pueda incorporarlo en sus capacitaciones y formaci\u00f3n de c\u00e1tedra para abogados, jueces y tambi\u00e9n ser utilizado como fuente de consultas y proyectos investigaci\u00f3n.&nbsp;<\/p>\n\n\n\n<p>El acto de firma fue encabezo por el presidente de la Suprema Corte de Justicia y del Consejo del Poder Judicial, Luis Henry Molina Pe\u00f1a, y el director general del Archivo General de la Naci\u00f3n, Roberto Cass\u00e1.&nbsp;<\/p>\n\n\n\n<p>El convenio fue firmado por \u00c1ngel E. Brito Pujols, director General de Administraci\u00f3n y Carrera Judicial, Dariel Su\u00e1rez Adames, por la Escuela Nacional de la Judicatura y Roberto Cass\u00e1. Adem\u00e1s, estuvieron presentes el magistrado Manuel Alexis Read, presidente de la Tercera Sala de la Suprema Corte de Justicia y las consejeras Bionni Zayas, quien preside la Comisi\u00f3n Ejecutiva de Tecnolog\u00eda del CPJ y Octavia Carolina Fern\u00e1ndez Curi.&nbsp;<\/p>\n\n\n\n<p>El Convenio tendr\u00e1 una duraci\u00f3n de tres a\u00f1os, a partir de la firma y podr\u00e1 ser finalizado, prorrogado o modificado por acuerdo entre las partes firmantes.\u00a0<\/p>\n\n\n\n<p>Relaciones P\u00fablicas AGN<a target=\"_blank\" href=\"mailto:relacionespublicas@agn.gob.do\" rel=\"noreferrer noopener\">relacionespublicas@agn.gob.d<\/a><\/p>\n","protected":false},"excerpt":{"rendered":"<p>El historiador Roberto Cass\u00e1, destac\u00f3 la importancia del acuerdo con el cual se inicia el proceso de rescate, organizaci\u00f3n y sistematizaci\u00f3n de la archiv\u00edstica en el Poder Judicial.&nbsp; El Consejo del Poder Judicial (CPJ), la Escuela Nacional de la Judicatura (ENJ) y el Archivo General de la Naci\u00f3n (AGN) firmaron un convenio interinstitucional con el [&hellip;]<\/p>\n","protected":false},"author":2,"featured_media":353605,"comment_status":"closed","ping_status":"","sticky":true,"template":"","format":"standard","meta":{"footnotes":""},"categories":[26,24,27],"tags":[],"class_list":["post-353603","post","type-post","status-publish","format-standard","has-post-thumbnail","hentry","category-efemerides","category-justicia-y-derecho","category-portada"],"_links":{"self":[{"href":"https:\/\/diariodominicano.com\/index.php?rest_route=\/wp\/v2\/posts\/353603","targetHints":{"allow":["GET"]}}],"collection":[{"href":"https:\/\/diariodominicano.com\/index.php?rest_route=\/wp\/v2\/posts"}],"about":[{"href":"https:\/\/diariodominicano.com\/index.php?rest_route=\/wp\/v2\/types\/post"}],"author":[{"embeddable":true,"href":"https:\/\/diariodominicano.com\/index.php?rest_route=\/wp\/v2\/users\/2"}],"replies":[{"embeddable":true,"href":"https:\/\/diariodominicano.com\/index.php?rest_route=%2Fwp%2Fv2%2Fcomments&post=353603"}],"version-history":[{"count":2,"href":"https:\/\/diariodominicano.com\/index.php?rest_route=\/wp\/v2\/posts\/353603\/revisions"}],"predecessor-version":[{"id":353608,"href":"https:\/\/diariodominicano.com\/index.php?rest_route=\/wp\/v2\/posts\/353603\/revisions\/353608"}],"wp:featuredmedia":[{"embeddable":true,"href":"https:\/\/diariodominicano.com\/index.php?rest_route=\/wp\/v2\/media\/353605"}],"wp:attachment":[{"href":"https:\/\/diariodominicano.com\/index.php?rest_route=%2Fwp%2Fv2%2Fmedia&parent=353603"}],"wp:term":[{"taxonomy":"category","embeddable":true,"href":"https:\/\/diariodominicano.com\/index.php?rest_route=%2Fwp%2Fv2%2Fcategories&post=353603"},{"taxonomy":"post_tag","embeddable":true,"href":"https:\/\/diariodominicano.com\/index.php?rest_route=%2Fwp%2Fv2%2Ftags&post=353603"}],"curies":[{"name":"wp","href":"https:\/\/api.w.org\/{rel}","templated":true}]}}