{"id":353523,"date":"2022-05-11T00:12:16","date_gmt":"2022-05-11T04:12:16","guid":{"rendered":"http:\/\/diariodominicano.com\/?p=353523"},"modified":"2022-05-11T08:22:26","modified_gmt":"2022-05-11T12:22:26","slug":"el-dia-que-fallecio-pedro-henriquez-urena-5","status":"publish","type":"post","link":"https:\/\/diariodominicano.com\/?p=353523","title":{"rendered":"El d\u00eda que falleci\u00f3 Pedro Henr\u00edquez Ure\u00f1a"},"content":{"rendered":"\n<p><\/p>\n\n\n\n<p>Por H\u00e9ctor Tineo Nolasco<\/p>\n\n\n\n<p>Diariodominicano.com<\/p>\n\n\n\n<p> LA PLATA, Argentina, el 11 de mayo de 1946, falleci\u00f3 en La Plata, Argentina, Pedro Henr\u00edquez Ure\u00f1a, quien naci\u00f3 en la ciudad Santo Domingo, en el a\u00f1o 1884.\u00a0 Falleci\u00f3\u00a0 al sufrir un paro card\u00edaco cuando viajaba en un tren que lo llevar\u00eda a la Universidad de La Plata, en Argentina.<\/p>\n\n\n\n<p>&nbsp;&nbsp;&nbsp; Pedro Henr\u00edquez Ure\u00f1a fue maestro de varias generaciones de intelectuales de M\u00e9xico, Argentina y Cuba.<\/p>\n\n\n\n<p>&nbsp;&nbsp;&nbsp;&nbsp;&nbsp; Era hijo del m\u00e9dico Francisco Henr\u00edquez y Carvajal y la poetisa Salom\u00e9 Ure\u00f1a.<\/p>\n\n\n\n<figure class=\"wp-block-image size-full\"><img loading=\"lazy\" decoding=\"async\" width=\"196\" height=\"257\" src=\"https:\/\/diariodominicano.com\/wp-content\/uploads\/2021\/12\/Balaguer00.jpg\" alt=\"\" class=\"wp-image-320626\"\/><\/figure>\n\n\n\n<p><strong>&nbsp;&nbsp;&nbsp;&nbsp;&nbsp; De Henr\u00edquez&nbsp; Ure\u00f1a, &nbsp;Joaqu\u00edn Balaguer<\/strong> dice en su obra Historia de la Literatura Dominicana, que Pedro Henr\u00edquez Ure\u00f1a es el \u00fanico dominicano que ha pose\u00eddo una cultura human\u00edstica de primera categor\u00eda. Despu\u00e9s de haberse iniciado como poeta de escasa inspiraci\u00f3n, se&nbsp; dedic\u00f3 a la cr\u00edtica literaria, campo en que dej\u00f3 p\u00e1ginas magistrales como las del estudio de Juan P\u00e9rez de Alarc\u00f3n y las del ensayo sobre el maestro Hern\u00e1n P\u00e9rez de Oliva.<\/p>\n\n\n\n<p><strong>&nbsp;&nbsp;&nbsp;&nbsp; Balaguer anota que la ciencia de Pedro Henr\u00edquez Ure\u00f1a<\/strong> fue, sobretodo, filol\u00f3gica&nbsp; y literaria, y&nbsp; su cultura se redujo,&nbsp; preferentemente,&nbsp; al teatro universal y&nbsp; a los cl\u00e1sicos ingleses y castellanos. Lleg\u00f3 en la prosa al grado m\u00e1ximo de perfecci\u00f3n, a la sencillez casi absoluta, e hizo gala, en las obras de plenitud, de cierta sequedad calculada.<\/p>\n\n\n\n<figure class=\"wp-block-image size-large\"><img loading=\"lazy\" decoding=\"async\" width=\"1024\" height=\"526\" src=\"https:\/\/diariodominicano.com\/wp-content\/uploads\/2021\/07\/Pedro-Henriquez-Urena-En-Las-Letras-De-America-y-III-Juan-Bosch-1024x526.jpg\" alt=\"\" class=\"wp-image-287358\" srcset=\"https:\/\/diariodominicano.com\/wp-content\/uploads\/2021\/07\/Pedro-Henriquez-Urena-En-Las-Letras-De-America-y-III-Juan-Bosch-1024x526.jpg 1024w, https:\/\/diariodominicano.com\/wp-content\/uploads\/2021\/07\/Pedro-Henriquez-Urena-En-Las-Letras-De-America-y-III-Juan-Bosch-300x154.jpg 300w, https:\/\/diariodominicano.com\/wp-content\/uploads\/2021\/07\/Pedro-Henriquez-Urena-En-Las-Letras-De-America-y-III-Juan-Bosch-768x395.jpg 768w, https:\/\/diariodominicano.com\/wp-content\/uploads\/2021\/07\/Pedro-Henriquez-Urena-En-Las-Letras-De-America-y-III-Juan-Bosch-1536x789.jpg 1536w, https:\/\/diariodominicano.com\/wp-content\/uploads\/2021\/07\/Pedro-Henriquez-Urena-En-Las-Letras-De-America-y-III-Juan-Bosch-2048x1052.jpg 2048w, https:\/\/diariodominicano.com\/wp-content\/uploads\/2021\/07\/Pedro-Henriquez-Urena-En-Las-Letras-De-America-y-III-Juan-Bosch-816x419.jpg 816w\" sizes=\"auto, (max-width: 1024px) 100vw, 1024px\" \/><\/figure>\n\n\n\n<p><strong>&nbsp;&nbsp;&nbsp; Juan Bosch sostuvo que Pedro Henr\u00edquez Ure\u00f1a<\/strong> \u201c\u2026 no era s\u00f3lo un sabio en cuanto se refiriera al conocimiento de la lengua espa\u00f1ola sino que era tambi\u00e9n, escribiendo y hablando, un maestro excepcional, un pedagogo nato. Pedro Henr\u00edquez Ure\u00f1a ten\u00eda el don de comunicarle sus conocimientos a todo aquel que tuviera el privilegio de estar cerca de \u00e9l, lo mismo en la tertulia de intelectuales, escritores, poetas que se formaban en el caf\u00e9 que visitaba en horas de la tarde o en la conferencia que daba de vez en cuando sobre temas de su predilecci\u00f3n\u201d.<\/p>\n\n\n\n<p>&nbsp;&nbsp;&nbsp;&nbsp; La extensa bibliograf\u00eda de Pedro Henr\u00edquez Ure\u00f1a comprende, adem\u00e1s, de un gran n\u00famero de estudios cr\u00edticos que vieron por primera&nbsp; vez la luz p\u00fablica en la Revista&nbsp; de Filolog\u00eda Espa\u00f1ola y en otras publicaciones extranjeras, los vol\u00famenes Ensayos Cr\u00edticos, Habana 1905,&nbsp; y&nbsp; Horas de Estudios, Par\u00eds, 1910, entre otros.<\/p>\n\n\n\n<p>&nbsp;&nbsp;&nbsp; Entre las principales obras de Pedro Henr\u00edquez Ure\u00f1a figuran&nbsp; El Espa\u00f1ol en Santo Domingo, La Cultura y las Letras Coloniales en Santo Domingo, Historia de la Cultura en la Am\u00e9rica Hisp\u00e1nica, Gast\u00f3n Fernando Deligne, Jos\u00e9 Joaqu\u00edn P\u00e9rez, Seis Ensayos en Busca de Nuestra Expresi\u00f3n, Gram\u00e1tica de la Lengua Castellana, escrita en colaboraci\u00f3n con Amado Alonso,&nbsp; y Vida Intelectual en Santo Domingo.<\/p>\n\n\n\n<p><strong>Ernesto Cardenal<\/strong><\/p>\n\n\n\n<p>El poeta y sacerdote nicarag\u00fcense Ernesto Cardenal califica a Henr\u00edquez Ure\u00f1a como un profeta de la Teolog\u00eda de la Liberaci\u00f3n, pues pronostic\u00f3 que el eje espiritual antes situado en Europa, pasar\u00eda a este lado del Atl\u00e1ntico, como lo demuestra la elecci\u00f3n de un papa latinoamericano que est\u00e1 revolucionando no solo al Vaticano, sino tambi\u00e9n al mundo. Expres\u00f3 su criterio en una conferencia magistral pronunciada tras recibir el Premio Internacional Pedro Henr\u00edquez Ure\u00f1a, entregado a \u00e9l y al escritor uruguayo Eduardo Galeano, en el acto de inauguraci\u00f3n de la XVII Feria Internacional del Libro 2014,&nbsp; en el Teatro Nacional.<\/p>\n\n\n\n<p>Dijo que Henr\u00edquez Ure\u00f1a&nbsp; aunque no conoci\u00f3 la Teolog\u00eda de la Liberaci\u00f3n, le hubiera complacido mucho. \u201cLe habr\u00eda interesado la originalidad de nuestra Am\u00e9rica y su independencia cultural de Europa. Por primera vez en Latinoam\u00e9rica se produc\u00eda algo que no ven\u00eda de afuera, sino que sal\u00eda e influ\u00eda a otras regiones como Europa, Asia, \u00c1frica y Ocean\u00eda\u201d.<\/p>\n\n\n\n<p>Record\u00f3&nbsp; que Henr\u00edquez Ure\u00f1a viv\u00eda en Argentina cuando expres\u00f3 su optimismo \u201csobre esta futura patria de la justicia, pronosticando que el eje espiritual pasar\u00eda a este eje del atl\u00e1ntico\u201d.<\/p>\n\n\n\n<p>Expres\u00f3 que Henr\u00edquez Ure\u00f1a, \u201cfue un prodigio de escritor que estudi\u00f3 incansablemente sobre Am\u00e9rica y ense\u00f1\u00f3 sobre ella hasta su muerte. Fue un escritor muy comprometido con nuestros pueblos. Una magna patria unida y solidaria fue su utop\u00eda. Por eso, creo que por lo que m\u00e1s se le conoce es por su obra casi monumental, La Utop\u00eda de Am\u00e9rica, publicada en la colecci\u00f3n Ayacucho de Venezuela\u201d.<\/p>\n","protected":false},"excerpt":{"rendered":"<p>Por H\u00e9ctor Tineo Nolasco Diariodominicano.com LA PLATA, Argentina, el 11 de mayo de 1946, falleci\u00f3 en La Plata, Argentina, Pedro Henr\u00edquez Ure\u00f1a, quien naci\u00f3 en la ciudad Santo Domingo, en el a\u00f1o 1884.\u00a0 Falleci\u00f3\u00a0 al sufrir un paro card\u00edaco cuando viajaba en un tren que lo llevar\u00eda a la Universidad de La Plata, en Argentina. [&hellip;]<\/p>\n","protected":false},"author":28,"featured_media":284827,"comment_status":"closed","ping_status":"","sticky":true,"template":"","format":"standard","meta":{"footnotes":""},"categories":[26,27],"tags":[],"class_list":["post-353523","post","type-post","status-publish","format-standard","has-post-thumbnail","hentry","category-efemerides","category-portada"],"_links":{"self":[{"href":"https:\/\/diariodominicano.com\/index.php?rest_route=\/wp\/v2\/posts\/353523","targetHints":{"allow":["GET"]}}],"collection":[{"href":"https:\/\/diariodominicano.com\/index.php?rest_route=\/wp\/v2\/posts"}],"about":[{"href":"https:\/\/diariodominicano.com\/index.php?rest_route=\/wp\/v2\/types\/post"}],"author":[{"embeddable":true,"href":"https:\/\/diariodominicano.com\/index.php?rest_route=\/wp\/v2\/users\/28"}],"replies":[{"embeddable":true,"href":"https:\/\/diariodominicano.com\/index.php?rest_route=%2Fwp%2Fv2%2Fcomments&post=353523"}],"version-history":[{"count":3,"href":"https:\/\/diariodominicano.com\/index.php?rest_route=\/wp\/v2\/posts\/353523\/revisions"}],"predecessor-version":[{"id":353527,"href":"https:\/\/diariodominicano.com\/index.php?rest_route=\/wp\/v2\/posts\/353523\/revisions\/353527"}],"wp:featuredmedia":[{"embeddable":true,"href":"https:\/\/diariodominicano.com\/index.php?rest_route=\/wp\/v2\/media\/284827"}],"wp:attachment":[{"href":"https:\/\/diariodominicano.com\/index.php?rest_route=%2Fwp%2Fv2%2Fmedia&parent=353523"}],"wp:term":[{"taxonomy":"category","embeddable":true,"href":"https:\/\/diariodominicano.com\/index.php?rest_route=%2Fwp%2Fv2%2Fcategories&post=353523"},{"taxonomy":"post_tag","embeddable":true,"href":"https:\/\/diariodominicano.com\/index.php?rest_route=%2Fwp%2Fv2%2Ftags&post=353523"}],"curies":[{"name":"wp","href":"https:\/\/api.w.org\/{rel}","templated":true}]}}