{"id":353251,"date":"2022-05-10T00:25:28","date_gmt":"2022-05-10T04:25:28","guid":{"rendered":"http:\/\/diariodominicano.com\/?p=353251"},"modified":"2022-05-10T00:25:28","modified_gmt":"2022-05-10T04:25:28","slug":"juan-pablo-duarte-pide-lo-designen-en-el-sur-para-combatir-las-invasiones-de-haiti","status":"publish","type":"post","link":"https:\/\/diariodominicano.com\/?p=353251","title":{"rendered":"Juan Pablo Duarte pide lo designen en el sur para combatir las invasiones de Hait\u00ed"},"content":{"rendered":"\n<p><\/p>\n\n\n\n<p>Por HTN<\/p>\n\n\n\n<p>Diariodominicano.com<\/p>\n\n\n\n<p>SANTO DOMINGO, el\u00a0 10 de mayo de 1844, el general Juan Pablo Duarte solicit\u00f3 a la Junta Central Gubernativa lo integrara a las fuerzas militares que saldr\u00edan del Cibao a combatir al Ej\u00e9rcito de Hait\u00ed que hab\u00eda invadido a la Rep\u00fablica Dominicana por el sur.<\/p>\n\n\n\n<p>&nbsp;&nbsp;&nbsp;&nbsp;&nbsp; En una comunicaci\u00f3n a la Junta,&nbsp; Duarte le expres\u00f3 el&nbsp; deseo al organismo de ir al Cibao para unirse a la expedici\u00f3n que se aprestaba a viajar a San Juan de la Maguana, por el camino de Constanza.<\/p>\n\n\n\n<p>&nbsp;&nbsp;&nbsp; Cuando hizo la petici\u00f3n, el general Juan Pablo Duarte se desempe\u00f1aba&nbsp; como Comandante Militar del Departamento de Santo Domingo.<\/p>\n","protected":false},"excerpt":{"rendered":"<p>Por HTN Diariodominicano.com SANTO DOMINGO, el\u00a0 10 de mayo de 1844, el general Juan Pablo Duarte solicit\u00f3 a la Junta Central Gubernativa lo integrara a las fuerzas militares que saldr\u00edan del Cibao a combatir al Ej\u00e9rcito de Hait\u00ed que hab\u00eda invadido a la Rep\u00fablica Dominicana por el sur. &nbsp;&nbsp;&nbsp;&nbsp;&nbsp; En una comunicaci\u00f3n a la Junta,&nbsp; [&hellip;]<\/p>\n","protected":false},"author":28,"featured_media":326306,"comment_status":"closed","ping_status":"","sticky":true,"template":"","format":"standard","meta":{"footnotes":""},"categories":[26,27],"tags":[],"class_list":["post-353251","post","type-post","status-publish","format-standard","has-post-thumbnail","hentry","category-efemerides","category-portada"],"_links":{"self":[{"href":"https:\/\/diariodominicano.com\/index.php?rest_route=\/wp\/v2\/posts\/353251","targetHints":{"allow":["GET"]}}],"collection":[{"href":"https:\/\/diariodominicano.com\/index.php?rest_route=\/wp\/v2\/posts"}],"about":[{"href":"https:\/\/diariodominicano.com\/index.php?rest_route=\/wp\/v2\/types\/post"}],"author":[{"embeddable":true,"href":"https:\/\/diariodominicano.com\/index.php?rest_route=\/wp\/v2\/users\/28"}],"replies":[{"embeddable":true,"href":"https:\/\/diariodominicano.com\/index.php?rest_route=%2Fwp%2Fv2%2Fcomments&post=353251"}],"version-history":[{"count":1,"href":"https:\/\/diariodominicano.com\/index.php?rest_route=\/wp\/v2\/posts\/353251\/revisions"}],"predecessor-version":[{"id":353252,"href":"https:\/\/diariodominicano.com\/index.php?rest_route=\/wp\/v2\/posts\/353251\/revisions\/353252"}],"wp:featuredmedia":[{"embeddable":true,"href":"https:\/\/diariodominicano.com\/index.php?rest_route=\/wp\/v2\/media\/326306"}],"wp:attachment":[{"href":"https:\/\/diariodominicano.com\/index.php?rest_route=%2Fwp%2Fv2%2Fmedia&parent=353251"}],"wp:term":[{"taxonomy":"category","embeddable":true,"href":"https:\/\/diariodominicano.com\/index.php?rest_route=%2Fwp%2Fv2%2Fcategories&post=353251"},{"taxonomy":"post_tag","embeddable":true,"href":"https:\/\/diariodominicano.com\/index.php?rest_route=%2Fwp%2Fv2%2Ftags&post=353251"}],"curies":[{"name":"wp","href":"https:\/\/api.w.org\/{rel}","templated":true}]}}