{"id":35325,"date":"2020-08-12T09:38:53","date_gmt":"2020-08-12T09:38:53","guid":{"rendered":"http:\/\/diariodominicano.ddns.net\/?p=35325"},"modified":"2020-08-12T09:38:53","modified_gmt":"2020-08-12T09:38:53","slug":"el-lamento-gitano-del-pld","status":"publish","type":"post","link":"https:\/\/diariodominicano.com\/?p=35325","title":{"rendered":"El lamento gitano del PLD&#13;"},"content":{"rendered":"<p><body><\/p>\n<p><strong>Diariodominicano.com<\/strong><\/p>\n<p><strong>VISI\u00d3N GLOBAL<\/strong><\/p>\n<p><strong>Por Nelson Encarnaci\u00f3n<\/strong><\/p>\n<p><strong> <\/strong><\/p>\n<p><strong>El lamento gitano del PLD<\/strong><\/p>\n<\/p>\n<\/p>\n<p>Los pelede\u00edstas de la cumbre andan perdidos en la bruma buscando en Leonel Fern\u00e1ndez la culpa de su desgracia electoral del pasado julio, en un vano empe\u00f1o por arrojar sobre el expresidente de la Rep\u00fablica a las masas que la ambici\u00f3n de esa c\u00fapula dej\u00f3 abandonada en el desierto.<\/p>\n<\/p>\n<\/p>\n<p>Vayamos por parte, como Jack el Destripador. Leonel se fue del Partido de la Liberaci\u00f3n Dominicana con un tiempo m\u00e1s que suficiente como para que la c\u00fapula pudiera recomponer la organizaci\u00f3n y dar la pelea electoral.<\/p>\n<\/p>\n<\/p>\n<p>Por lo dem\u00e1s, el discurso retumba en muchos o\u00eddos: \u00abLeonel se llev\u00f3 un grupito insignificante\u00bb, dec\u00edan voz en cuello. Luego, un grupito no pod\u00eda provocar la derrota de una maquinaria electoral tan poderosa.<\/p>\n<\/p>\n<\/p>\n<p>El asunto fue m\u00e1s lejos: \u00abEl PLD gana con Leonel o sin Leonel\u00bb. Estaban envueltos en una burbuja donde s\u00f3lo cab\u00eda su propio ego.<\/p>\n<\/p>\n<\/p>\n<p>Uno de la dirigencia rancia, probablemente el m\u00e1s agresivo y beligerante?por coincidencia el m\u00e1s llor\u00f3n de estos d\u00edas?en un momento vocifer\u00f3 en alg\u00fan lugar: \u00abLos leonelistas se ir\u00e1n yendo chin a chin para allantar\u00bb.<\/p>\n<\/p>\n<\/p>\n<p>Este directivo, no dirigente, que nunca en su larga vida en el PLD ha sacado un voto, es de los m\u00e1s activos acusadores de Leonel como supuesto responsable de que, entre muchos otros, \u00e9l salga de la posici\u00f3n p\u00fablica que ocupa hace ocho a\u00f1os.<\/p>\n<\/p>\n<\/p>\n<p>En su insondable laberinto de remordimientos reprimidos parecen remontarse a dos de los versos m\u00e1s citados del Don Juan Tenorio, un recurso perfecto para saltarse la valla y, sobre todo, en el caso presente, una in\u00fatil forma de no darle la cara a la base pelede\u00edsta que empieza a reclamarles.<\/p>\n<p><strong> <\/strong><\/p>\n<p><strong>\u00abClam\u00e9 al cielo, y no me oy\u00f3.<\/strong><\/p>\n<p><strong>Mas, si sus puertas me cierra,<\/strong><\/p>\n<p><strong>de mis pasos en la Tierra<\/strong><\/p>\n<p><strong>responda el cielo, no yo.\u00bb<\/strong><\/p>\n<\/p>\n<\/p>\n<p>Es decir, que la c\u00fapula atornillada del PLD no tendr\u00e1 ninguna carga emocional visible por la derrota que sufriera ese partido, sino que otros deben responder por su conducta como si el traspaso de responsabilidades fuese tan sencillo como culpar al cielo.<\/p>\n<\/p>\n<\/p>\n<p>N\u00f3tese que la narrativa se construye siguiendo un hilo que conduce a responsabilizar a sus v\u00edctimas de lo que sucedi\u00f3 el cinco de julio.<\/p>\n<\/p>\n<\/p>\n<p>Y aqu\u00ed volvemos a Jos\u00e9 Zorrilla en otro de sus versos, porque resulta que las v\u00edctimas del seis de octubre ten\u00edan que soportar estoicamente lo que sucedi\u00f3 sin tomar ninguna reacci\u00f3n.<\/p>\n<\/p>\n<\/p>\n<p><strong>No pod\u00e9is quejar de m\u00ed<\/strong><\/p>\n<p><strong>vosotros a quien mat\u00e9,<\/strong><\/p>\n<p><strong>si buena vida os quit\u00e9,<\/strong><\/p>\n<p><strong>mejor sepultura os di.<\/strong><\/p>\n<\/p>\n<\/p>\n<p>En esa a\u00fan no estudiada conducta de la dirigencia m\u00e1xima del PLD haber dado un oportuno portazo e irse con su m\u00fasica a otro lado hace de Leonel Fern\u00e1ndez un villano.<\/p>\n<\/p>\n<p><strong>Nelsonencar10@gmail.com<\/strong><\/p>\n<\/p>\n<\/p>\n<\/p>\n<h6> 2020-08-12 09:38:53 <\/h6>\n<p><!--\n<link rel=\"stylesheet\" href=\"css\/bootstrap.min.css\">\n\n\n<ul class=\"pagination\">\n\t    \n\t\n\n<li >\n\t<a href='?page_no=112'>Previous<\/a>\n\t<\/li>\n\n\n       \n    \n\n<li><a href='?page_no=1'>1<\/a><\/li>\n\n\n\n<li><a href='?page_no=2'>2<\/a><\/li>\n\n\n\n<li><a>...<\/a><\/li>\n\n\n\n<li><a href='?page_no=111'>111<\/a><\/li>\n\n\n\n<li><a href='?page_no=112'>112<\/a><\/li>\n\n\n\n<li class='active'><a>113<\/a><\/li>\n\n\n\n<li><a href='?page_no=114'>114<\/a><\/li>\n\n\n\n<li><a href='?page_no=115'>115<\/a><\/li>\n\n\n\n<li><a>...<\/a><\/li>\n\n\n\n<li><a href='?page_no=13611'>13611<\/a><\/li>\n\n\n\n<li><a href='?page_no=13612'>13612<\/a><\/li>\n\n    \n\t\n\n<li >\n\t<a href='?page_no=114'>Next<\/a>\n\t<\/li>\n\n\n    \n\n<li><a href='?page_no=13612'>Last &rsaquo;&rsaquo;<\/a><\/li>\n\n<\/ul>\n\n\n--><br \/>\n<\/body><\/p>\n","protected":false},"excerpt":{"rendered":"<p>Diariodominicano.com VISI\u00d3N GLOBAL Por Nelson Encarnaci\u00f3n El lamento gitano del PLD Los pelede\u00edstas de la cumbre andan perdidos en la bruma buscando en Leonel Fern\u00e1ndez la culpa de su desgracia electoral del pasado julio, en un vano empe\u00f1o por arrojar sobre el expresidente de la Rep\u00fablica a las masas que la ambici\u00f3n de esa c\u00fapula [&hellip;]<\/p>\n","protected":false},"author":3,"featured_media":0,"comment_status":"open","ping_status":"open","sticky":false,"template":"","format":"standard","meta":{"footnotes":""},"categories":[16],"tags":[],"class_list":["post-35325","post","type-post","status-publish","format-standard","hentry","category-opiniones"],"_links":{"self":[{"href":"https:\/\/diariodominicano.com\/index.php?rest_route=\/wp\/v2\/posts\/35325","targetHints":{"allow":["GET"]}}],"collection":[{"href":"https:\/\/diariodominicano.com\/index.php?rest_route=\/wp\/v2\/posts"}],"about":[{"href":"https:\/\/diariodominicano.com\/index.php?rest_route=\/wp\/v2\/types\/post"}],"author":[{"embeddable":true,"href":"https:\/\/diariodominicano.com\/index.php?rest_route=\/wp\/v2\/users\/3"}],"replies":[{"embeddable":true,"href":"https:\/\/diariodominicano.com\/index.php?rest_route=%2Fwp%2Fv2%2Fcomments&post=35325"}],"version-history":[{"count":0,"href":"https:\/\/diariodominicano.com\/index.php?rest_route=\/wp\/v2\/posts\/35325\/revisions"}],"wp:attachment":[{"href":"https:\/\/diariodominicano.com\/index.php?rest_route=%2Fwp%2Fv2%2Fmedia&parent=35325"}],"wp:term":[{"taxonomy":"category","embeddable":true,"href":"https:\/\/diariodominicano.com\/index.php?rest_route=%2Fwp%2Fv2%2Fcategories&post=35325"},{"taxonomy":"post_tag","embeddable":true,"href":"https:\/\/diariodominicano.com\/index.php?rest_route=%2Fwp%2Fv2%2Ftags&post=35325"}],"curies":[{"name":"wp","href":"https:\/\/api.w.org\/{rel}","templated":true}]}}