{"id":35103,"date":"2020-08-12T18:13:14","date_gmt":"2020-08-12T18:13:14","guid":{"rendered":"http:\/\/diariodominicano.ddns.net\/?p=35103"},"modified":"2020-08-12T18:13:14","modified_gmt":"2020-08-12T18:13:14","slug":"las-acciones-de-pompeo","status":"publish","type":"post","link":"https:\/\/diariodominicano.com\/?p=35103","title":{"rendered":"Las acciones de Pompeo"},"content":{"rendered":"<p><body><\/p>\n<\/p>\n<p>A Pleno Sol<\/p>\n<\/p>\n<p>Las acciones de Pompeo<\/p>\n<\/p>\n<p>Por Manuel Hern\u00e1ndez Villeta<\/p>\n<\/p>\n<\/p>\n<p>En los momentos de  mayores  enfrentamientos en torno a la reelecci\u00f3n del presidente Danilo Medina, se pronunci\u00f3 el secretario de Estado Norteamericano Mike Pompeo. Es un proc\u00f3nsul con todo el poder imperial, que  ha puesto de rodillas a gobiernos de medio mundo y son constantes sus enfrentamientos con China y Rusia.<\/p>\n<\/p>\n<p>Era una hecho que el d\u00eda que se recibi\u00f3 en Palacio la llamada de Pompeo, se iba a buscar colar a la reelecci\u00f3n presidencial. Nunca se han ofrecido detalles amplios de la llamada, pero los norteamericanos hablan por se\u00f1as y expresiones que no dejan dudas de lo que desean y quieren.<\/p>\n<\/p>\n<p>Pompeo viene a la juramentaci\u00f3n de Luis  Abinader  y habr\u00e1 que ver con mucho detenimiento sus declaraciones sobre las relaciones de los Estados Unidos con el nuevo gobierno dominicano. Los norteamericanos tienen dos libretos, uno para la prensa y otro de Estado.<\/p>\n<\/p>\n<p>Una frase hist\u00f3rica se viste de gala con los norteamericanos: a veces lo m\u00e1s importante es lo que no se ve, es lo que no se dice, lo que queda en el tintero. De frente a Pompeo puede salir en claro cu\u00e1l va a ser el designio de los Estados Unidos para el pa\u00eds en los pr\u00f3ximos cuatro a\u00f1os.<\/p>\n<\/p>\n<p>No se puede tapar el sol con un dedo. Los norteamericanos son amos y se\u00f1ores en los pa\u00edses sub-desarrollados y los que le hacen oposici\u00f3n son sacados del poder, o se les lleva a crisis econ\u00f3micas profundas, donde cada d\u00eda se piensa que se van a desplomar como un castillo levantado en la arena.<\/p>\n<\/p>\n<p>La vieja cartilla pol\u00edtica norteamericana se\u00f1ala que no tienen amigos ni enemigos, sino aliados circunstanciales. Los gobiernos dominicanos son aliados t\u00e1cticos en una regi\u00f3n convulsa como es el Caribe. Cierto que en la zona hay pasividad impuesta a la fuerza, pero se mantienen vivos los detonantes sociales.<\/p>\n<\/p>\n<p>El caso m\u00e1s pat\u00e9tico  es Venezuela, que enfrenta las acciones directas de los norteamericanos que desean imponer un gobierno paralelo, derrocar  a Maduro y hacer cambios profundos en las fuerzas armadas bolivarianas.<\/p>\n<\/p>\n<p>Pompeo dispuso medidas en contra de la reelecci\u00f3n, ahora habr\u00eda que ver que trae en este vuelo. Los Estados Unidos est\u00e1n en medio de un proceso electoral, donde Donald Trump no es el gran favorito, pero  en ocasiones las encuestas se equivocan, como pas\u00f3 con su triunfo ante Hillary Clinton.<\/p>\n<\/p>\n<p>Lo \u00fanico que queda a los dominicanos es valorizar nuestra soberan\u00eda y mantener bien en alto nuestra bandera, sin ser esclavos de ninguna potencia. Nuestras ancestrales luchas indican que a pesar de todo, somos un pueblo indomable. \u00a1Ay!, se me acab\u00f3 la tinta.<\/p>\n<\/p>\n<h6> 2020-08-12 18:13:14 <\/h6>\n<p><!--\n<link rel=\"stylesheet\" href=\"css\/bootstrap.min.css\">\n\n\n<ul class=\"pagination\">\n\t    \n\t\n\n<li >\n\t<a href='?page_no=110'>Previous<\/a>\n\t<\/li>\n\n\n       \n    \n\n<li><a href='?page_no=1'>1<\/a><\/li>\n\n\n\n<li><a href='?page_no=2'>2<\/a><\/li>\n\n\n\n<li><a>...<\/a><\/li>\n\n\n\n<li><a href='?page_no=109'>109<\/a><\/li>\n\n\n\n<li><a href='?page_no=110'>110<\/a><\/li>\n\n\n\n<li class='active'><a>111<\/a><\/li>\n\n\n\n<li><a href='?page_no=112'>112<\/a><\/li>\n\n\n\n<li><a href='?page_no=113'>113<\/a><\/li>\n\n\n\n<li><a>...<\/a><\/li>\n\n\n\n<li><a href='?page_no=13611'>13611<\/a><\/li>\n\n\n\n<li><a href='?page_no=13612'>13612<\/a><\/li>\n\n    \n\t\n\n<li >\n\t<a href='?page_no=112'>Next<\/a>\n\t<\/li>\n\n\n    \n\n<li><a href='?page_no=13612'>Last &rsaquo;&rsaquo;<\/a><\/li>\n\n<\/ul>\n\n\n--><br \/>\n<\/body><\/p>\n","protected":false},"excerpt":{"rendered":"<p>A Pleno Sol Las acciones de Pompeo Por Manuel Hern\u00e1ndez Villeta En los momentos de mayores enfrentamientos en torno a la reelecci\u00f3n del presidente Danilo Medina, se pronunci\u00f3 el secretario de Estado Norteamericano Mike Pompeo. Es un proc\u00f3nsul con todo el poder imperial, que ha puesto de rodillas a gobiernos de medio mundo y son [&hellip;]<\/p>\n","protected":false},"author":3,"featured_media":0,"comment_status":"open","ping_status":"open","sticky":false,"template":"","format":"standard","meta":{"footnotes":""},"categories":[16],"tags":[],"class_list":["post-35103","post","type-post","status-publish","format-standard","hentry","category-opiniones"],"_links":{"self":[{"href":"https:\/\/diariodominicano.com\/index.php?rest_route=\/wp\/v2\/posts\/35103","targetHints":{"allow":["GET"]}}],"collection":[{"href":"https:\/\/diariodominicano.com\/index.php?rest_route=\/wp\/v2\/posts"}],"about":[{"href":"https:\/\/diariodominicano.com\/index.php?rest_route=\/wp\/v2\/types\/post"}],"author":[{"embeddable":true,"href":"https:\/\/diariodominicano.com\/index.php?rest_route=\/wp\/v2\/users\/3"}],"replies":[{"embeddable":true,"href":"https:\/\/diariodominicano.com\/index.php?rest_route=%2Fwp%2Fv2%2Fcomments&post=35103"}],"version-history":[{"count":0,"href":"https:\/\/diariodominicano.com\/index.php?rest_route=\/wp\/v2\/posts\/35103\/revisions"}],"wp:attachment":[{"href":"https:\/\/diariodominicano.com\/index.php?rest_route=%2Fwp%2Fv2%2Fmedia&parent=35103"}],"wp:term":[{"taxonomy":"category","embeddable":true,"href":"https:\/\/diariodominicano.com\/index.php?rest_route=%2Fwp%2Fv2%2Fcategories&post=35103"},{"taxonomy":"post_tag","embeddable":true,"href":"https:\/\/diariodominicano.com\/index.php?rest_route=%2Fwp%2Fv2%2Ftags&post=35103"}],"curies":[{"name":"wp","href":"https:\/\/api.w.org\/{rel}","templated":true}]}}