{"id":350655,"date":"2022-04-29T13:40:31","date_gmt":"2022-04-29T17:40:31","guid":{"rendered":"http:\/\/diariodominicano.com\/?p=350655"},"modified":"2022-04-29T13:40:31","modified_gmt":"2022-04-29T17:40:31","slug":"pld-recuerda-aportes-del-gobierno-de-bosch-en-el-59-aniversario-de-la-proclama-de-la-constitucion-de-abril-1963","status":"publish","type":"post","link":"https:\/\/diariodominicano.com\/?p=350655","title":{"rendered":"PLD recuerda aportes del gobierno de Bosch en el \u00a059 aniversario de la proclama de la Constituci\u00f3n de Abril 1963"},"content":{"rendered":"\n<p><em>\u00a0<\/em><\/p>\n\n\n\n<p><strong>D<\/strong>iariodominicano.com<\/p>\n\n\n\n<p><strong>Santo Domingo, RD.<\/strong>&#8211; El Partido de la Liberaci\u00f3n Dominicana (PLD) \u00a0recuerda este 29 de abril la proclama de la Constituci\u00f3n de la Rep\u00fablica promulgada en 1963 por el presidente Juan Bosch, considerada a\u00fan, \u00a0la m\u00e1s moderna y progresista que ha tenido el pa\u00eds.<\/p>\n\n\n\n<p>Esa Ley Sustantiva &nbsp;estaba avalada en la &nbsp;experiencia del Profesor Juan Bosch &nbsp;en la elaboraci\u00f3n de la constituci\u00f3n cubana de 1940 y la referencia de las constituciones de otros pa\u00edses que visit\u00f3 &nbsp;o estuvo como exiliado, as\u00ed como anteriores Constituciones Dominicanas.<\/p>\n\n\n\n<figure class=\"wp-block-image size-full\"><img loading=\"lazy\" decoding=\"async\" width=\"640\" height=\"427\" src=\"https:\/\/diariodominicano.com\/wp-content\/uploads\/2022\/04\/7-Constitucion.jpg\" alt=\"\" class=\"wp-image-350657\" srcset=\"https:\/\/diariodominicano.com\/wp-content\/uploads\/2022\/04\/7-Constitucion.jpg 640w, https:\/\/diariodominicano.com\/wp-content\/uploads\/2022\/04\/7-Constitucion-300x200.jpg 300w\" sizes=\"auto, (max-width: 640px) 100vw, 640px\" \/><\/figure>\n\n\n\n<p>Doce art\u00edculos abarca el cap\u00edtulo de los Principios Fundamentales de la Constituci\u00f3n proclamada &nbsp;el \u201cd\u00eda 29 del mes de Abril del a\u00f1o 1963, a\u00f1o 120\u2019 de la Independencia y 100&nbsp; de la Restauraci\u00f3n\u201d<\/p>\n\n\n\n<p>Entre los principios se destacan : &nbsp;\u201cProteger la dignidad humana y promover y garantizar su respeto\u201d, \u201cPropender a la eliminaci\u00f3n de los obst\u00e1culos de or\u00adden econ\u00f3mico y social que limiten la igualdad y la libertad de los dominicanos\u201d,\u201d El desarrollo arm\u00f3nico de la sociedad dentro de los principios normativos de la \u00e9tica social\u201d.<\/p>\n\n\n\n<p>Tambi\u00e9n&nbsp; declar\u00f3 el &nbsp;&nbsp;trabajo&nbsp; como base primordial de la &nbsp;organizaci\u00f3n social, pol\u00edtica y econ\u00f3mica del pa\u00eds. &nbsp;<\/p>\n\n\n\n<p>\u201cComo norma general, la propiedad debe servir al progreso y bienestar del conglomerado\u201d,\u201d A nadie se le puede obligar a hacer lo que la ley no manda, ni imped\u00edrselo lo que la ley no proh\u00edbe\u201d, son tambi\u00e9n de los puntos identificados en la Constituci\u00f3n de 1963 como principio Fundamental.<\/p>\n\n\n\n<p>En la Constituci\u00f3n de 1963 se tocan temas &nbsp;como &nbsp;el respeto a la dignidad, los valores y la concepci\u00f3n \u00e9tica, presenta sanciones &nbsp;fuertes a todo lo que fuera acto de deshonestidad en la administraci\u00f3n p\u00fablica, entre otros<\/p>\n\n\n\n<p>Al &nbsp;recordar este d\u00eda los 59 a\u00f1os de la \u201cConstituci\u00f3n de Abril\u201d,&nbsp; el PLD&nbsp; rinde tributo de reconocimiento a su l\u00edder hist\u00f3rico, el &nbsp;profesor Juan Bosch, &nbsp;por su lucha en favor del pueblo dominicano, los sectores populares y el desarrollo del pa\u00eds.<\/p>\n\n\n\n<p><strong>SECRETARIA DE COMUNICACIONES<\/strong><\/p>\n\n\n\n<p><strong>29 DE ABRIL 2022<\/strong><\/p>\n","protected":false},"excerpt":{"rendered":"<p>\u00a0 Diariodominicano.com Santo Domingo, RD.&#8211; El Partido de la Liberaci\u00f3n Dominicana (PLD) \u00a0recuerda este 29 de abril la proclama de la Constituci\u00f3n de la Rep\u00fablica promulgada en 1963 por el presidente Juan Bosch, considerada a\u00fan, \u00a0la m\u00e1s moderna y progresista que ha tenido el pa\u00eds. Esa Ley Sustantiva &nbsp;estaba avalada en la &nbsp;experiencia del Profesor [&hellip;]<\/p>\n","protected":false},"author":2,"featured_media":350656,"comment_status":"closed","ping_status":"","sticky":true,"template":"","format":"standard","meta":{"footnotes":""},"categories":[26,22,27],"tags":[],"class_list":["post-350655","post","type-post","status-publish","format-standard","has-post-thumbnail","hentry","category-efemerides","category-politica","category-portada"],"_links":{"self":[{"href":"https:\/\/diariodominicano.com\/index.php?rest_route=\/wp\/v2\/posts\/350655","targetHints":{"allow":["GET"]}}],"collection":[{"href":"https:\/\/diariodominicano.com\/index.php?rest_route=\/wp\/v2\/posts"}],"about":[{"href":"https:\/\/diariodominicano.com\/index.php?rest_route=\/wp\/v2\/types\/post"}],"author":[{"embeddable":true,"href":"https:\/\/diariodominicano.com\/index.php?rest_route=\/wp\/v2\/users\/2"}],"replies":[{"embeddable":true,"href":"https:\/\/diariodominicano.com\/index.php?rest_route=%2Fwp%2Fv2%2Fcomments&post=350655"}],"version-history":[{"count":1,"href":"https:\/\/diariodominicano.com\/index.php?rest_route=\/wp\/v2\/posts\/350655\/revisions"}],"predecessor-version":[{"id":350658,"href":"https:\/\/diariodominicano.com\/index.php?rest_route=\/wp\/v2\/posts\/350655\/revisions\/350658"}],"wp:featuredmedia":[{"embeddable":true,"href":"https:\/\/diariodominicano.com\/index.php?rest_route=\/wp\/v2\/media\/350656"}],"wp:attachment":[{"href":"https:\/\/diariodominicano.com\/index.php?rest_route=%2Fwp%2Fv2%2Fmedia&parent=350655"}],"wp:term":[{"taxonomy":"category","embeddable":true,"href":"https:\/\/diariodominicano.com\/index.php?rest_route=%2Fwp%2Fv2%2Fcategories&post=350655"},{"taxonomy":"post_tag","embeddable":true,"href":"https:\/\/diariodominicano.com\/index.php?rest_route=%2Fwp%2Fv2%2Ftags&post=350655"}],"curies":[{"name":"wp","href":"https:\/\/api.w.org\/{rel}","templated":true}]}}