{"id":350016,"date":"2022-04-27T00:03:50","date_gmt":"2022-04-27T04:03:50","guid":{"rendered":"http:\/\/diariodominicano.com\/?p=350016"},"modified":"2022-04-27T00:03:50","modified_gmt":"2022-04-27T04:03:50","slug":"papa-pablo-vi-ordena-a-monsenor-octavio-a-beras-como-el-primer-cardenal-dominicano","status":"publish","type":"post","link":"https:\/\/diariodominicano.com\/?p=350016","title":{"rendered":"Papa Pablo VI ordena a Monse\u00f1or Octavio A. Beras como el primer Cardenal dominicano"},"content":{"rendered":"\n<p> \u00a0 Monse\u00f1or Ricardo Pittini ejerci\u00f3 sus funciones eclesi\u00e1sticas de octubre de 1935 a diciembre de 1961. <\/p>\n\n\n\n<p>&nbsp;El Vaticano.-&nbsp; El 27 de abril de 1976, el Papa&nbsp; Pablo VI&nbsp; orden\u00f3 al Arzobispo de Santo Domingo, Monse\u00f1or Octavio A. Beras, como&nbsp; el primer Cardenal de la Rep\u00fablica Dominicana.<\/p>\n\n\n\n<p>&nbsp;&nbsp;&nbsp; El Cardenal Beras fue una de las principales figuras de la Iglesia Cat\u00f3lica en&nbsp; el siglo XX. En el a\u00f1o 1961 pas\u00f3 a llenar el vac\u00edo que dej\u00f3 el Arzobispo Monse\u00f1or Ricardo Pittini, cuya renuncia fue acogida por la Santa Sede en diciembre de 1961.<\/p>\n\n\n\n<p>&nbsp;&nbsp;&nbsp; Monse\u00f1or Ricardo Pittini ejerci\u00f3 sus funciones eclesi\u00e1sticas de octubre de 1935 a diciembre de 1961.<\/p>\n\n\n\n<p>&nbsp;&nbsp;&nbsp;&nbsp; Toc\u00f3 a Monse\u00f1or&nbsp; Octavio A. Beras continuar y actualizar el proyecto del Arzobispo Ricardo Pittini,&nbsp; pero con su estilo estableci\u00f3 cambios.<\/p>\n\n\n\n<p>&nbsp;&nbsp;&nbsp; Se mantuvo como Obispo de Santo Domingo hasta el a\u00f1o 1981, cuando por motivo de salud y edad concluy\u00f3 su ministerio.<\/p>\n\n\n\n<p>&nbsp;&nbsp;&nbsp; En su lugar el&nbsp; Papa Juan Pablo Segundo design\u00f3 en esas funciones a monse\u00f1or Nicol\u00e1s de Jes\u00fas Cardenal L\u00f3pez Rodr\u00edguez, quien antes de ser elevado al cardenalato se desempe\u00f1aba como Obispo de la Di\u00f3cesis de San Francisco de Macor\u00eds.<\/p>\n\n\n\n<p>&nbsp; &nbsp;&nbsp;&nbsp;&nbsp;Octavio A. Cardenal Beras falleci\u00f3 en ciudad &nbsp;Santo Domingo en el a\u00f1o 1992.<\/p>\n\n\n\n<p>&nbsp;&nbsp;&nbsp; Los restos de Octavio Cardenal Beras est\u00e1n sepultados en la Catedral de Santo Domingo.<\/p>\n","protected":false},"excerpt":{"rendered":"<p>\u00a0 Monse\u00f1or Ricardo Pittini ejerci\u00f3 sus funciones eclesi\u00e1sticas de octubre de 1935 a diciembre de 1961. &nbsp;El Vaticano.-&nbsp; El 27 de abril de 1976, el Papa&nbsp; Pablo VI&nbsp; orden\u00f3 al Arzobispo de Santo Domingo, Monse\u00f1or Octavio A. Beras, como&nbsp; el primer Cardenal de la Rep\u00fablica Dominicana. &nbsp;&nbsp;&nbsp; El Cardenal Beras fue una de las principales [&hellip;]<\/p>\n","protected":false},"author":28,"featured_media":273664,"comment_status":"closed","ping_status":"","sticky":true,"template":"","format":"standard","meta":{"footnotes":""},"categories":[26,27],"tags":[],"class_list":["post-350016","post","type-post","status-publish","format-standard","has-post-thumbnail","hentry","category-efemerides","category-portada"],"_links":{"self":[{"href":"https:\/\/diariodominicano.com\/index.php?rest_route=\/wp\/v2\/posts\/350016","targetHints":{"allow":["GET"]}}],"collection":[{"href":"https:\/\/diariodominicano.com\/index.php?rest_route=\/wp\/v2\/posts"}],"about":[{"href":"https:\/\/diariodominicano.com\/index.php?rest_route=\/wp\/v2\/types\/post"}],"author":[{"embeddable":true,"href":"https:\/\/diariodominicano.com\/index.php?rest_route=\/wp\/v2\/users\/28"}],"replies":[{"embeddable":true,"href":"https:\/\/diariodominicano.com\/index.php?rest_route=%2Fwp%2Fv2%2Fcomments&post=350016"}],"version-history":[{"count":1,"href":"https:\/\/diariodominicano.com\/index.php?rest_route=\/wp\/v2\/posts\/350016\/revisions"}],"predecessor-version":[{"id":350017,"href":"https:\/\/diariodominicano.com\/index.php?rest_route=\/wp\/v2\/posts\/350016\/revisions\/350017"}],"wp:featuredmedia":[{"embeddable":true,"href":"https:\/\/diariodominicano.com\/index.php?rest_route=\/wp\/v2\/media\/273664"}],"wp:attachment":[{"href":"https:\/\/diariodominicano.com\/index.php?rest_route=%2Fwp%2Fv2%2Fmedia&parent=350016"}],"wp:term":[{"taxonomy":"category","embeddable":true,"href":"https:\/\/diariodominicano.com\/index.php?rest_route=%2Fwp%2Fv2%2Fcategories&post=350016"},{"taxonomy":"post_tag","embeddable":true,"href":"https:\/\/diariodominicano.com\/index.php?rest_route=%2Fwp%2Fv2%2Ftags&post=350016"}],"curies":[{"name":"wp","href":"https:\/\/api.w.org\/{rel}","templated":true}]}}