{"id":34992,"date":"2020-08-13T21:22:30","date_gmt":"2020-08-13T21:22:30","guid":{"rendered":"http:\/\/diariodominicano.ddns.net\/?p=34992"},"modified":"2020-08-13T21:22:30","modified_gmt":"2020-08-13T21:22:30","slug":"la-silla-presidencial-un-emblema-del-poder","status":"publish","type":"post","link":"https:\/\/diariodominicano.com\/?p=34992","title":{"rendered":"La Silla Presidencial, un emblema del poder"},"content":{"rendered":"<p><body><\/p>\n<p><strong>La Silla Presidencial, un emblema del poder  <\/strong><\/p>\n<p><strong>Manuel D\u00edaz Aponte<\/strong><\/p>\n<\/p>\n<p>El coronel Benito Moreta, un trigue\u00f1o oficial de la Polic\u00eda Nacional, segu\u00eda sigiloso los movimientos de todos los que se acercaban a la Silla Presidencial, hermoso asiento de caoba de uso exclusivo del Presidente de la Rep\u00fablica. Y nadie, absolutamente nadie, debe osar colocar sus caderas en ella o atenerse a consecuencias.<\/p>\n<\/p>\n<p>Moreta, a quien los periodistas que lo conocimos apreciamos sus dotes de un ser humano humilde, discreto y amante de la agricultura. <\/p>\n<p>Al terminar sus labores habituales en la mansi\u00f3n presidencial se dirig\u00eda a su hogar de Cambita, Garabitos, provincia de San Crist\u00f3bal, a entregarse a su otra pasi\u00f3n: La agricultura.<\/p>\n<\/p>\n<p>En una ocasi\u00f3n, conversando con \u00e9l en la sede gubernamental me confes\u00f3 que en su predio de apenas diez tareas tenia diversos sembrad\u00edos, entre ellos, yuca; pl\u00e1tanos, \u00f1ame, aguacate y frutales.<\/p>\n<\/p>\n<p>Hasta un criadero de gallinas ponedoras conservaba y en sus manos callosas se apreciaban las cicatrices dejadas por el machete y azada, dos de los instrumentos que empleaba para levantar el conuco.  <\/p>\n<\/p>\n<p>Fue responsable de vigilar y proteger la silla presidencial desde los gobiernos de Joaqu\u00edn Balaguer, Hip\u00f3lito Mej\u00eda hasta los finales del mandato de Leonel Fern\u00e1ndez, quien lo puso en retiro luego de haberlo ascendido al rango de coronel.  <\/p>\n<\/p>\n<p>Su responsabilidad era muy grande y delicada porque implicaba monitorear constantemente ese asiento exclusivo para  quienes ostentan el poder en la Rep\u00fablica Dominicana. <\/p>\n<\/p>\n<p>Alrededor de la butaca presidencial hay an\u00e9cdotas y curiosidades, por ejemplo, personas que se acercaban a ella para tomarse fotos, algunos inclusive intentando sentarse fueron sorprendidos. <\/p>\n<\/p>\n<p>En los Salones de Las Cari\u00e1tides, Verde, de Embajadores y por supuesto, en el Despacho Presidencial su imagen se destaca como una de las principales simbolog\u00edas.      <\/p>\n<\/p>\n<p>Es uno de los objetos m\u00e1s emblem\u00e1ticos del Despacho del  Presidente y efigie del poder pol\u00edtico en la Rep\u00fablica Dominicana.  <\/p>\n<p>Cuando es sacada del Palacio Nacional, se le cubre con una capa para protegerla del sol o del agua. <\/p>\n<\/p>\n<p>Desde la Silla del primer ejecutivo se firman los decretos, autorizaciones del m\u00e1s alto nivel del Estado, se coordinan las directrices globales de las ejecutorias gubernamentales, agenda de reuniones, se trazan pautas, y en los momentos de tinieblas de la historia del pa\u00eds se decidieron horrendos cr\u00edmenes que conmovieron a la sociedad.   <\/p>\n<\/p>\n<p>El presidente de la Rep\u00fablica dispone adem\u00e1s, de una antesala y de una sala para encuentros en el \u00e1rea de su Despacho. <\/p>\n<p>All\u00ed acuden los funcionarios que el mandatario invita para dar seguimiento a los asuntos de Estado; recibe a personalidades de los \u00e1mbitos gubernamentales, legislativos, judiciales, pol\u00edticos, diplom\u00e1ticos, empresariales, art\u00edsticos, deportivos y representantes de organismos nacionales e internacionales.     <\/p>\n<\/p>\n<p><strong>Abinader, desde el 16 en la Silla Presidencial <\/strong><\/p>\n<p>Desde este domingo 16 de agosto, el licenciado Luis Abinader  ocupar\u00e1 el solio presidencial para el periodo (2020-2024), tras juramentarse en la Asamblea Nacional.    <\/p>\n<p>Hay varias sillas para el primer mandatario de la naci\u00f3n con las mismas caracter\u00edsticas del escudo nacional colocado en la parte superior as\u00ed como de forro rojo intenso. Son llevadas a los lugares donde \u00e9ste acude a inauguraciones de obras, encuentros y otras ceremonias oficiales. <\/p>\n<p>Frecuentemente la poltrona es acondicionada, ajustada, tallada, pintada y desde la dictadura de Rafael Le\u00f3nidas Trujillo Molina (1930-1961) ha pasado por transformaciones sucesivas. <\/p>\n<p>En los gobiernos de Leonel Fern\u00e1ndez e Hip\u00f3lito Mej\u00eda la Silla Presidencial era transportada en un cami\u00f3n cerrado del Cuerpo de Ayudantes Militares, cuando los ex gobernantes presidieron actos fuera de las instalaciones del Palacio Nacional.   <\/p>\n<p>Los ex mandatarios Joaqu\u00edn Balaguer, Antonio Guzm\u00e1n Fern\u00e1ndez y Salvador Jorge Blanco tambi\u00e9n lo hac\u00edan.        <\/p>\n<p><strong>Rompiendo la Tradici\u00f3n   <\/strong><\/p>\n<p>El presidente Danilo Medina se le vio sentado en otra silla con dise\u00f1o diferente a las usadas tradicionalmente por los mandatarios, durante una ceremonia en el Sal\u00f3n Las Cari\u00e1tides en el Palacio Nacional.<\/p>\n<p>En los primeros d\u00edas de su primer mandato (2012-2016) rehusaba utilizar el asiento, pero tras consejos de asesores incluyendo historiadores dominicanos acept\u00f3 finalmente. <\/p>\n<p>Aunque en sus \u00abvisitas sorpresas\u00bb en distintas comunidades sol\u00eda ocupar asientos comunes al igual que las personas con las que interactuaba.        <\/p>\n<p>La parafernalia del poder tiene en s\u00ed mismo sus propios c\u00f3digos que ning\u00fan pr\u00edncipe debe soslayar. <\/p>\n<p>En su cl\u00e1sica obra \u00abEl Pr\u00edncipe\u00bb, el pensador y escritor italiano Nicol\u00e1s Maquiavelo revela la importancia de resguardar las actitudes simb\u00f3licas alrededor del poder.      <\/p>\n<p>El efecto sicol\u00f3gico que rodean las decisiones de Estado son determinantes para el \u00e9xito o fracaso de un gobierno. <\/p>\n<p>De ah\u00ed, que la poblaci\u00f3n dominicana haya comenzado a sentir esperanza y fe en la nueva administraci\u00f3n gubernamental del Partido Revolucionario Moderno (PRM), tras los anuncios de designaciones del Gabinete del presidente electo, Luis Abinader.<\/p>\n<p><strong>Sicolog\u00eda del Poder  <\/strong><\/p>\n<p>La gente percibe que cada uno de los funcionarios previamente anunciados en los tuit-decretos por el nuevo mandatario, llegar\u00e1n a sus despachos con acciones concretas en el tintero para iniciar inmediatamente sus jornadas en el tren administrativo.  <\/p>\n<p>Incluso, han dialogado con sectores de la sociedad y con los propios bur\u00f3cratas salientes. <\/p>\n<p>Abinader ha presidido reuniones de trabajo con su futuro Gabinete, en las oficinas desde donde coordina toda la transici\u00f3n en un hotel de la zona colonial, de Santo Domingo.    <\/p>\n<p>No olvidemos que el traspaso de gobierno ha sido apenas de 40 d\u00edas por causa de la Covid-19, cuando lo habitual son 90 d\u00edas, seg\u00fan lo establece nuestro reordenamiento constitucional.  <\/p>\n<p><strong>Art\u00edculo de Manuel D\u00edaz Aponte <\/strong><\/p>\n<p><strong>Martes, 11 de agosto 2020<\/strong><\/p>\n<h6> 2020-08-13 21:22:30 <\/h6>\n<p><!--\n<link rel=\"stylesheet\" href=\"css\/bootstrap.min.css\">\n\n\n<ul class=\"pagination\">\n\t    \n\t\n\n<li >\n\t<a href='?page_no=109'>Previous<\/a>\n\t<\/li>\n\n\n       \n    \n\n<li><a href='?page_no=1'>1<\/a><\/li>\n\n\n\n<li><a href='?page_no=2'>2<\/a><\/li>\n\n\n\n<li><a>...<\/a><\/li>\n\n\n\n<li><a href='?page_no=108'>108<\/a><\/li>\n\n\n\n<li><a href='?page_no=109'>109<\/a><\/li>\n\n\n\n<li class='active'><a>110<\/a><\/li>\n\n\n\n<li><a href='?page_no=111'>111<\/a><\/li>\n\n\n\n<li><a href='?page_no=112'>112<\/a><\/li>\n\n\n\n<li><a>...<\/a><\/li>\n\n\n\n<li><a href='?page_no=13611'>13611<\/a><\/li>\n\n\n\n<li><a href='?page_no=13612'>13612<\/a><\/li>\n\n    \n\t\n\n<li >\n\t<a href='?page_no=111'>Next<\/a>\n\t<\/li>\n\n\n    \n\n<li><a href='?page_no=13612'>Last &rsaquo;&rsaquo;<\/a><\/li>\n\n<\/ul>\n\n\n--><br \/>\n<\/body><\/p>\n","protected":false},"excerpt":{"rendered":"<p>La Silla Presidencial, un emblema del poder Manuel D\u00edaz Aponte El coronel Benito Moreta, un trigue\u00f1o oficial de la Polic\u00eda Nacional, segu\u00eda sigiloso los movimientos de todos los que se acercaban a la Silla Presidencial, hermoso asiento de caoba de uso exclusivo del Presidente de la Rep\u00fablica. Y nadie, absolutamente nadie, debe osar colocar sus [&hellip;]<\/p>\n","protected":false},"author":3,"featured_media":0,"comment_status":"open","ping_status":"open","sticky":false,"template":"","format":"standard","meta":{"footnotes":""},"categories":[16],"tags":[],"class_list":["post-34992","post","type-post","status-publish","format-standard","hentry","category-opiniones"],"_links":{"self":[{"href":"https:\/\/diariodominicano.com\/index.php?rest_route=\/wp\/v2\/posts\/34992","targetHints":{"allow":["GET"]}}],"collection":[{"href":"https:\/\/diariodominicano.com\/index.php?rest_route=\/wp\/v2\/posts"}],"about":[{"href":"https:\/\/diariodominicano.com\/index.php?rest_route=\/wp\/v2\/types\/post"}],"author":[{"embeddable":true,"href":"https:\/\/diariodominicano.com\/index.php?rest_route=\/wp\/v2\/users\/3"}],"replies":[{"embeddable":true,"href":"https:\/\/diariodominicano.com\/index.php?rest_route=%2Fwp%2Fv2%2Fcomments&post=34992"}],"version-history":[{"count":0,"href":"https:\/\/diariodominicano.com\/index.php?rest_route=\/wp\/v2\/posts\/34992\/revisions"}],"wp:attachment":[{"href":"https:\/\/diariodominicano.com\/index.php?rest_route=%2Fwp%2Fv2%2Fmedia&parent=34992"}],"wp:term":[{"taxonomy":"category","embeddable":true,"href":"https:\/\/diariodominicano.com\/index.php?rest_route=%2Fwp%2Fv2%2Fcategories&post=34992"},{"taxonomy":"post_tag","embeddable":true,"href":"https:\/\/diariodominicano.com\/index.php?rest_route=%2Fwp%2Fv2%2Ftags&post=34992"}],"curies":[{"name":"wp","href":"https:\/\/api.w.org\/{rel}","templated":true}]}}